{"id":355965,"date":"2025-08-31T06:23:12","date_gmt":"2025-08-31T06:23:12","guid":{"rendered":"https:\/\/www.europesays.com\/fr\/355965\/"},"modified":"2025-08-31T06:23:12","modified_gmt":"2025-08-31T06:23:12","slug":"a-bordeaux-le-deuxieme-bal-de-la-liberation-fait-des-emules","status":"publish","type":"post","link":"https:\/\/www.europesays.com\/fr\/355965\/","title":{"rendered":"\u00c0 Bordeaux, le deuxi\u00e8me bal de la Lib\u00e9ration fait des \u00e9mules"},"content":{"rendered":"<p>D\u00e9fiant les nuages gris amoncel\u00e9s au-dessus de leurs t\u00eates, les premiers danseurs de swing se sont \u00e9lanc\u00e9s devant la sc\u00e8ne sur les coups de 19 heures, ouvrant ainsi le deuxi\u00e8me bal de la Lib\u00e9ration de Bordeaux, ce samedi 30 ao\u00fbt. Lorsque les premi\u00e8res notes de musique r\u00e9sonnent sur la place Pey-Berland, les longues tabl\u00e9es couvertes de nappes \u00e0 carreaux sont bien remplies. Certains d\u00e9vorent d\u00e9j\u00e0 un burger de l\u2019un des six food trucks install\u00e9s pour la soir\u00e9e \u2013 c\u2019est d\u2019ailleurs quasiment la seule offre culinaire qu\u2019il sera possible de trouver. <\/p>\n<p>Parmi eux, Amandine et Maxime, deux Toulousains venus sp\u00e9cialement pour le bal. Ils ont pr\u00e9vu de faire l\u2019aller-retour dans la soir\u00e9e\u2026 pour danser\u00a0! Depuis trois ans qu\u2019ils swinguent \u2013 ou plut\u00f4t qu\u2019ils pratiquent le lindy hop \u00e0 raison de dix heures par semaine \u2013 la danse est devenue plus qu\u2019un hobby. \u00ab\u00a0Dans une soir\u00e9e comme \u00e7a, on va rencontrer des dizaines de partenaires, expliquent les trentenaires. C\u2019est une vraie exp\u00e9rience sociale\u00a0!\u00a0\u00bb Justement, ils retrouvent des danseurs bordelais, qu\u2019ils ont rencontr\u00e9s en festival \u00e0 Mont-Dore.<\/p>\n<p>        <img decoding=\"async\" id=\"25728617\" src=\"https:\/\/www.europesays.com\/fr\/wp-content\/uploads\/2025\/08\/20250830212034-f2a1227.jpg\" alt=\"Des tables avaient \u00e9t\u00e9 dress\u00e9es place Pey-Berland. \" itemprop=\"contentURL\"\/><\/p>\n<p>    Des tables avaient \u00e9t\u00e9 dress\u00e9es place Pey-Berland. <\/p>\n<p>Jean Maurice Chacun \/ SO<\/p>\n<p>    Costumes d\u2019\u00e9poque<\/p>\n<p><a href=\"https:\/\/www.sudouest.fr\/gironde\/bordeaux\/video-80-ans-de-la-liberation-a-bordeaux-un-immense-succes-populaire-pour-le-bal-21205863.php\" rel=\"nofollow noopener\" target=\"_blank\">Sur le mod\u00e8le de la premi\u00e8re \u00e9dition, en 2024<\/a>, qui avait \u00e9t\u00e9 organis\u00e9e \u00e0 l\u2019occasion des 80\u00a0ans de la Lib\u00e9ration pour rappeler les festivit\u00e9s du mois d\u2019ao\u00fbt 1944, repr\u00e9sentations de swing et s\u00e9ance d\u2019initiation s\u2019appr\u00eatent \u00e0 animer le parvis de Saint-Andr\u00e9. Elles sont pr\u00e9sent\u00e9es par le club bordelais Swing Time dont les \u00e9l\u00e8ves ont les plus beaux atours. Dandys et robes \u00e0 pois ont \u00e9t\u00e9 aper\u00e7us dans une foule moins costum\u00e9e que pr\u00e9vu. \u00ab\u00a0Certains ont cru qu\u2019habit d\u2019\u00e9poque signifiait peut-\u00eatre \u00e0 la mode de 2025\u00a0\u00bb, a lanc\u00e9 le maire Pierre Hurmic, lui-m\u00eame en bras de chemise, bretelles et b\u00e9ret. Mais la plus investie, Grace, est venue en veste militaire, l\u2019insigne de l\u2019US Air Force cousue sur son couvre-chef\u00a0: \u00ab\u00a0J\u2019ai toujours voulu \u00eatre parachutiste\u00a0\u00bb, confie-t-elle tout de suite. Alors le bal costum\u00e9, c\u2019est l\u2019occasion r\u00eav\u00e9e de composer sa tenue avec des v\u00eatements chin\u00e9s un peu partout.<\/p>\n<p>Rencontre en plein air<\/p>\n<p>D\u2019ailleurs, cet \u00e9v\u00e9nement en plein air est aussi une aubaine pour se rencontrer. Inscrits sur le site Toutes mes sorties Bordeaux ou Amiez, Grace et toute sa tabl\u00e9e se sont d\u00e9couverts pour la premi\u00e8re fois. Un peu plus loin, un groupe d\u2019infirmi\u00e8res se sont quant \u00e0 elles retrouv\u00e9es entre amies. \u00ab\u00a0Je n\u2019avais jamais vu de grandes tables comme \u00e7a sur la place, indique Anne-Sophie, qui n\u2019avait pas entendu parler du bal de l\u2019an dernier. C\u2019est sympa\u00a0!\u00a0\u00bb Une belle fa\u00e7on pour deux d\u2019entre elles de cl\u00f4turer leur semaine de vacances. \u00ab\u00a0Si du moins il ne pleut pas\u2026\u00a0\u00bb<\/p>\n<p>        <img decoding=\"async\" id=\"25728625\" src=\"https:\/\/www.europesays.com\/fr\/wp-content\/uploads\/2025\/08\/20250830212027-f2a171.jpg\" alt=\"Les danseurs ont enflamm\u00e9 le parvis de la cath\u00e9drale. \" itemprop=\"contentURL\"\/><\/p>\n<p>    Les danseurs ont enflamm\u00e9 le parvis de la cath\u00e9drale. <\/p>\n<p>Jean Maurice Chacun \/ SO<\/p>\n<p>L\u2019ann\u00e9e derni\u00e8re, un violent orage avait interrompu la f\u00eate. \u00ab\u00a0Rien n\u2019est pr\u00e9vu pour s\u2019abriter du vent\u00a0\u00bb, confirme un agent de la ville. C\u2019\u00e9taient plus d\u2019un millier de personnes qui devaient danser ce samedi soir. \u00ab\u00a0Cette ann\u00e9e, on est cens\u00e9 aller jusqu\u2019au bout, esp\u00e8re Maxime, pr\u00e9sident de Swing Time. \u00c7a va swinguer\u00a0!\u00a0\u00bb De Bobby Darin \u00e0 Elvis Presley, c\u2019est \u00e0 n\u2019en pas douter.<\/p>\n","protected":false},"excerpt":{"rendered":"D\u00e9fiant les nuages gris amoncel\u00e9s au-dessus de leurs t\u00eates, les premiers danseurs de swing se sont \u00e9lanc\u00e9s devant&hellip;\n","protected":false},"author":2,"featured_media":355966,"comment_status":"","ping_status":"","sticky":false,"template":"","format":"standard","meta":{"footnotes":""},"categories":[2817],"tags":[1111,11,1997,1777,674,1011,27,12,2219,25],"class_list":{"0":"post-355965","1":"post","2":"type-post","3":"status-publish","4":"format-standard","5":"has-post-thumbnail","7":"category-bordeaux","8":"tag-actu","9":"tag-actualites","10":"tag-bordeaux","11":"tag-eu","12":"tag-europe","13":"tag-fr","14":"tag-france","15":"tag-news","16":"tag-nouvelle-aquitaine","17":"tag-republique-francaise"},"share_on_mastodon":{"url":"https:\/\/pubeurope.com\/@fr\/115121947177014016","error":""},"_links":{"self":[{"href":"https:\/\/www.europesays.com\/fr\/wp-json\/wp\/v2\/posts\/355965","targetHints":{"allow":["GET"]}}],"collection":[{"href":"https:\/\/www.europesays.com\/fr\/wp-json\/wp\/v2\/posts"}],"about":[{"href":"https:\/\/www.europesays.com\/fr\/wp-json\/wp\/v2\/types\/post"}],"author":[{"embeddable":true,"href":"https:\/\/www.europesays.com\/fr\/wp-json\/wp\/v2\/users\/2"}],"replies":[{"embeddable":true,"href":"https:\/\/www.europesays.com\/fr\/wp-json\/wp\/v2\/comments?post=355965"}],"version-history":[{"count":0,"href":"https:\/\/www.europesays.com\/fr\/wp-json\/wp\/v2\/posts\/355965\/revisions"}],"wp:featuredmedia":[{"embeddable":true,"href":"https:\/\/www.europesays.com\/fr\/wp-json\/wp\/v2\/media\/355966"}],"wp:attachment":[{"href":"https:\/\/www.europesays.com\/fr\/wp-json\/wp\/v2\/media?parent=355965"}],"wp:term":[{"taxonomy":"category","embeddable":true,"href":"https:\/\/www.europesays.com\/fr\/wp-json\/wp\/v2\/categories?post=355965"},{"taxonomy":"post_tag","embeddable":true,"href":"https:\/\/www.europesays.com\/fr\/wp-json\/wp\/v2\/tags?post=355965"}],"curies":[{"name":"wp","href":"https:\/\/api.w.org\/{rel}","templated":true}]}}