{"id":355967,"date":"2025-08-31T06:29:20","date_gmt":"2025-08-31T06:29:20","guid":{"rendered":"https:\/\/www.europesays.com\/fr\/355967\/"},"modified":"2025-08-31T06:29:20","modified_gmt":"2025-08-31T06:29:20","slug":"pres-de-bordeaux-un-nouveau-college-avec-la-biodiversite-dans-le-cartable","status":"publish","type":"post","link":"https:\/\/www.europesays.com\/fr\/355967\/","title":{"rendered":"Pr\u00e8s de Bordeaux, un nouveau coll\u00e8ge avec la biodiversit\u00e9 dans le cartable"},"content":{"rendered":"<p>L\u2019ouverture d\u2019un \u00e9quipement de ce type comporte quasiment toujours son sprint final. Le coll\u00e8ge de Montussan n\u2019\u00e9chappe pas \u00e0 la r\u00e8gle et, ce jeudi 28\u00a0ao\u00fbt, l\u2019heure \u00e9tait aux visites mais aussi aux finitions de toutes sortes. L\u2019informatique et les livres du CDI sont encore attendus mais l\u2019accueil est valid\u00e9, la commission de s\u00e9curit\u00e9 ayant donn\u00e9 son feu vert le 20\u00a0ao\u00fbt. Le nouveau coll\u00e8ge sur la rive droite bordelaise, entre ceux de Bassens, Ambar\u00e8s, Sainte-Eulalie, Saint-Loub\u00e8s ou Arveyres, accueillera 503\u00a0\u00e9l\u00e8ves de la 6e \u00e0 la 4e ce 1er\u00a0septembre.<\/p>\n<p>        <img decoding=\"async\" id=\"25703968\" src=\"https:\/\/www.europesays.com\/fr\/wp-content\/uploads\/2025\/08\/20250829073525-lt36.jpg\" alt=\"La classe ouverte au bout du b\u00e2timent d\u2019enseignement.\" itemprop=\"contentURL\"\/><\/p>\n<p>    La classe ouverte au bout du b\u00e2timent d\u2019enseignement.<\/p>\n<p>Laurent Theillet\/SO<\/p>\n<p>Un premier b\u00e2timent bard\u00e9 de bois pour les salles d\u2019enseignement puis un \u00ab\u00a0S\u00a0\u00bb descendant la pente du terrain jadis agricole o\u00f9 un hectare de zone humide a \u00e9t\u00e9 pr\u00e9serv\u00e9 avec administration, vie scolaire et restauration (maison). Enfin en contrebas, gymnase, plateau sportif et dojo, \u00e9quipements \u00e0 terme mutualisables (associations notamment), comme le seront les salles de pratique artistique, d\u2019\u00e9tudes et m\u00eame le r\u00e9fectoire.<\/p>\n<p>        <img decoding=\"async\" id=\"25703973\" src=\"https:\/\/www.europesays.com\/fr\/wp-content\/uploads\/2025\/08\/20250829073527-lt396.jpg\" alt=\"Bruno Le N\u00e9dic et Lyne Meunier, principal et principale adjointe du coll\u00e8ge.\" itemprop=\"contentURL\"\/><\/p>\n<p>    Bruno Le N\u00e9dic et Lyne Meunier, principal et principale adjointe du coll\u00e8ge.<\/p>\n<p>Laurent Theillet\/SO<\/p>\n<p>    \u00ab\u00a0Construire l\u2019histoire\u00a0\u00bb<\/p>\n<p>\u00ab\u00a0Nous allons, avec les enfants et la communaut\u00e9 \u00e9ducative, construire l\u2019histoire de ce lieu\u00a0\u00bb, se r\u00e9jouissent Bruno Le N\u00e9dic et Lyne Meunier, principal et principale adjointe du coll\u00e8ge. \u00ab\u00a0La biodiversit\u00e9, ADN de cet \u00e9tablissement, sera \u00e0 partager par tous.\u00a0\u00bb Premier de France \u00e0 recevoir le label Biodiversity pour sa construction (toitures et surfaces v\u00e9g\u00e9tales, nichoirs, microfor\u00eats \u00e0 la fauche tardive, panneaux informatifs\u2026), le coll\u00e8ge compte bien se le voir d\u00e9cerner dans ses usages et projets. Serre p\u00e9dagogique et classe-balcon de plein air devraient \u00eatre des outils mis \u00e0 profit.<\/p>\n<p>        <img decoding=\"async\" id=\"25703962\" src=\"https:\/\/www.europesays.com\/fr\/wp-content\/uploads\/2025\/08\/20250829073523-lt3229.jpg\" alt=\"Le gymnase de 1\u00a0000 m\u00b2 est mutualisable avec clubs et associations locales.\" itemprop=\"contentURL\"\/><\/p>\n<p>    Le gymnase de 1\u00a0000 m\u00b2 est mutualisable avec clubs et associations locales.<\/p>\n<p>Laurent Theillet\/SO<\/p>\n<p>Le D\u00e9partement y a investi 33,9\u00a0millions d\u2019euros, convertis sur le terrain par l\u2019agence d\u2019architectes Taillandier et Bouygues. Les 503\u00a0chanceux de lundi sont des coll\u00e9giens issus de Beychac-et-Caillau (allant auparavant \u00e0 Arveyres), Montussan (ex-Sainte-Eulalie), Pompignac (ex-Jean-Zay \u00e0 Cenon), Salleb\u0153uf (ex-Rayet \u00e0 Floirac) et Saint-Sulpice-et-Cameyrac (ex-Saint-Loub\u00e8s).<\/p>\n<p>        <img decoding=\"async\" id=\"25703977\" src=\"https:\/\/www.europesays.com\/fr\/wp-content\/uploads\/2025\/08\/20250829073512-lt295.jpg\" alt=\"Parking des cars scolaires et entr\u00e9e de l\u2019\u00e9tablissement.\" itemprop=\"contentURL\"\/><\/p>\n<p>    Parking des cars scolaires et entr\u00e9e de l\u2019\u00e9tablissement.<\/p>\n<p>Laurent Theillet\/SO<\/p>\n","protected":false},"excerpt":{"rendered":"L\u2019ouverture d\u2019un \u00e9quipement de ce type comporte quasiment toujours son sprint final. Le coll\u00e8ge de Montussan n\u2019\u00e9chappe pas&hellip;\n","protected":false},"author":2,"featured_media":355968,"comment_status":"","ping_status":"","sticky":false,"template":"","format":"standard","meta":{"footnotes":""},"categories":[2817],"tags":[1111,11,1997,1777,674,1011,27,12,2219,25],"class_list":{"0":"post-355967","1":"post","2":"type-post","3":"status-publish","4":"format-standard","5":"has-post-thumbnail","7":"category-bordeaux","8":"tag-actu","9":"tag-actualites","10":"tag-bordeaux","11":"tag-eu","12":"tag-europe","13":"tag-fr","14":"tag-france","15":"tag-news","16":"tag-nouvelle-aquitaine","17":"tag-republique-francaise"},"share_on_mastodon":{"url":"https:\/\/pubeurope.com\/@fr\/115121970503730119","error":""},"_links":{"self":[{"href":"https:\/\/www.europesays.com\/fr\/wp-json\/wp\/v2\/posts\/355967","targetHints":{"allow":["GET"]}}],"collection":[{"href":"https:\/\/www.europesays.com\/fr\/wp-json\/wp\/v2\/posts"}],"about":[{"href":"https:\/\/www.europesays.com\/fr\/wp-json\/wp\/v2\/types\/post"}],"author":[{"embeddable":true,"href":"https:\/\/www.europesays.com\/fr\/wp-json\/wp\/v2\/users\/2"}],"replies":[{"embeddable":true,"href":"https:\/\/www.europesays.com\/fr\/wp-json\/wp\/v2\/comments?post=355967"}],"version-history":[{"count":0,"href":"https:\/\/www.europesays.com\/fr\/wp-json\/wp\/v2\/posts\/355967\/revisions"}],"wp:featuredmedia":[{"embeddable":true,"href":"https:\/\/www.europesays.com\/fr\/wp-json\/wp\/v2\/media\/355968"}],"wp:attachment":[{"href":"https:\/\/www.europesays.com\/fr\/wp-json\/wp\/v2\/media?parent=355967"}],"wp:term":[{"taxonomy":"category","embeddable":true,"href":"https:\/\/www.europesays.com\/fr\/wp-json\/wp\/v2\/categories?post=355967"},{"taxonomy":"post_tag","embeddable":true,"href":"https:\/\/www.europesays.com\/fr\/wp-json\/wp\/v2\/tags?post=355967"}],"curies":[{"name":"wp","href":"https:\/\/api.w.org\/{rel}","templated":true}]}}