{"id":355977,"date":"2025-08-31T06:40:06","date_gmt":"2025-08-31T06:40:06","guid":{"rendered":"https:\/\/www.europesays.com\/fr\/355977\/"},"modified":"2025-08-31T06:40:06","modified_gmt":"2025-08-31T06:40:06","slug":"pres-de-toulouse-la-vitesse-baissee-a-80-km-h-sur-un-long-troncon-dautoroute-en-travaux-un-radar-installe","status":"publish","type":"post","link":"https:\/\/www.europesays.com\/fr\/355977\/","title":{"rendered":"Pr\u00e8s de Toulouse. La vitesse baiss\u00e9e \u00e0 80 km\/h sur un long tron\u00e7on d&rsquo;autoroute en travaux : un radar install\u00e9"},"content":{"rendered":"<p>            Par<br \/>\n        <strong><br \/>\n            <a href=\"https:\/\/actu.fr\/auteur\/lea-afonso\" title=\"Consulter tous les articles de L\u00e9a Afonso\" target=\"_blank\" rel=\"noopener\">L\u00e9a Afonso<\/a><br \/>\n        <\/strong><\/p>\n<p>        Publi\u00e9 le<\/p>\n<p>            31 ao\u00fbt 2025 \u00e0 8h14        <\/p>\n<p>Durant pr\u00e8s d\u2019un mois, du 1er au 25\u00a0septembre 2025, les trajets <strong>sur l\u2019autoroute A64 vont \u00eatre perturb\u00e9s. C\u2019est le tron\u00e7on entre Caz\u00e8res et Saint-\u00c9lix-le-Ch\u00e2teau, au sud-ouest de Toulouse, qui est concern\u00e9<\/strong>.<\/p>\n<p class=\" wall-content\">La direction interd\u00e9partementale des routes Sud-Ouest (DIRSO), en charge de l\u2019entretien et l\u2019exploitation des routes nationales et autoroutes non conc\u00e9d\u00e9es, va y r\u00e9aliser des <strong>travaux de renouvellement des chauss\u00e9es de l\u2019A64<\/strong> en direction de <a href=\"https:\/\/actu.fr\/toulouse\/\" target=\"_blank\" rel=\"noopener\">Toulouse<\/a>. En cons\u00e9quence, la vitesse sera abaiss\u00e9e et un radar install\u00e9. Les explications.<\/p>\n<p>Le secteur concern\u00e9<\/p>\n<p class=\" wall-content\">Durant pr\u00e8s d\u2019un mois, c\u2019est tout un secteur qui va \u00eatre impact\u00e9 par ces travaux qui \u00ab\u2009concernent la r\u00e9fection de la couche de roulement de la chauss\u00e9e<strong> dans le sens Bayonne \u2013 Toulouse<\/strong>\u2009\u00bb, indique la DIRSO.<\/p>\n<p class=\" wall-content\">Les am\u00e9nagements se feront ainsi \u00ab\u2009sur la section de l\u2019A64 comprise entre Caz\u00e8res et Saint-\u00c9lix-le-Ch\u00e2teau, d\u2019une longueur de<strong> 6\u00a0km environ<\/strong>. Les travaux portent \u00e9galement sur la r\u00e9fection des chauss\u00e9es de certaines bretelles des \u00e9changeurs n\u00b022 (Martres-Tolosane), n\u00b024 (Lavelanet-deComminges) et n\u00b025 (St-\u00c9lix-le-Ch\u00e2teau)\u2009\u00bb, poursuit la Dirso.<\/p>\n<p>    <img   decoding=\"async\" loading=\"lazy\" src=\"https:\/\/www.europesays.com\/fr\/wp-content\/uploads\/2025\/08\/capture-decran-2025-08-28-a-124428-960x562.png\" alt=\"Voici le secteur concern\u00e9 sur l'A64 par ces travaux. \" width=\"960\" height=\"562\"\/><br \/>\n    Voici le secteur concern\u00e9 sur l\u2019A64 par ces travaux. (\u00a9Capture d\u2019\u00e9cran DIRSO)Les cons\u00e9quences<\/p>\n<p class=\" wall-content\">Ces travaux, bien que cons\u00e9quents, sont r\u00e9alis\u00e9s de jour. Une contrainte qui n\u2019est pas sans cons\u00e9quence pour les automobilistes. Effectivement, ces derniers devront, le temps des travaux, abaisser leur vitesse de d\u00e9placement. \u00ab\u2009La <strong>vitesse r\u00e9glementaire<\/strong> sera <strong>abaiss\u00e9e<\/strong> dans cette zone\u2009; elle sera notamment limit\u00e9e \u00e0 <strong>50\u00a0km\/h<\/strong> au droit des franchissements du terre-plein central et \u00e0 <strong>80\u00a0km\/h<\/strong> sur la chauss\u00e9e qui sera circul\u00e9e \u00e0 double sens\u2009\u00bb, indique la DIRSO.<\/p>\n<p class=\" wall-content\">En parall\u00e8le, \u00ab\u2009pour garantir la s\u00e9curit\u00e9 des usagers, un <strong>radar de chantier<\/strong> sera mis en place sur ce tron\u00e7on impact\u00e9 par les travaux\u2009\u00bb.<\/p>\n<p>Votre r\u00e9gion, votre actu !<\/p>\n<p>Recevez chaque jour les infos qui comptent pour vous.<\/p>\n<p>\t<a href=\"https:\/\/actu.fr\/newsletter\" class=\"ac-btn ac-btn--corner ac-btn--medium ac-btn--blue800\" target=\"_blank\" rel=\"noopener\">S&rsquo;incrire<\/a><\/p>\n<p class=\" wall-content\">Personnalisez votre actualit\u00e9 en ajoutant vos villes et m\u00e9dias en favori avec <a href=\"https:\/\/moncompte.actu.fr\" title=\"D\u00e9couvez Mon Actu\" rel=\"nofollow noopener\" data-trk=\"{&quot;cta&quot;:{&quot;action&quot;:&quot;https:\\\/\\\/moncompte.actu.fr&quot;,&quot;category&quot;:&quot;mon compte&quot;,&quot;from&quot;:&quot;article footer&quot;,&quot;name&quot;:&quot;Mon actu&quot;,&quot;type&quot;:&quot;cta&quot;}}\" target=\"_blank\">Mon Actu<\/a>.<\/p>\n","protected":false},"excerpt":{"rendered":"Par L\u00e9a Afonso Publi\u00e9 le 31 ao\u00fbt 2025 \u00e0 8h14 Durant pr\u00e8s d\u2019un mois, du 1er au 25\u00a0septembre&hellip;\n","protected":false},"author":2,"featured_media":355978,"comment_status":"","ping_status":"","sticky":false,"template":"","format":"standard","meta":{"footnotes":""},"categories":[2816],"tags":[1111,11,646,4799,3542,1777,674,1011,27,12,2680,25,104,2312],"class_list":{"0":"post-355977","1":"post","2":"type-post","3":"status-publish","4":"format-standard","5":"has-post-thumbnail","7":"category-toulouse","8":"tag-actu","9":"tag-actualites","10":"tag-automobile","11":"tag-autoroute-64-a64","12":"tag-circulation","13":"tag-eu","14":"tag-europe","15":"tag-fr","16":"tag-france","17":"tag-news","18":"tag-occitanie","19":"tag-republique-francaise","20":"tag-societe","21":"tag-toulouse"},"share_on_mastodon":{"url":"","error":""},"_links":{"self":[{"href":"https:\/\/www.europesays.com\/fr\/wp-json\/wp\/v2\/posts\/355977","targetHints":{"allow":["GET"]}}],"collection":[{"href":"https:\/\/www.europesays.com\/fr\/wp-json\/wp\/v2\/posts"}],"about":[{"href":"https:\/\/www.europesays.com\/fr\/wp-json\/wp\/v2\/types\/post"}],"author":[{"embeddable":true,"href":"https:\/\/www.europesays.com\/fr\/wp-json\/wp\/v2\/users\/2"}],"replies":[{"embeddable":true,"href":"https:\/\/www.europesays.com\/fr\/wp-json\/wp\/v2\/comments?post=355977"}],"version-history":[{"count":0,"href":"https:\/\/www.europesays.com\/fr\/wp-json\/wp\/v2\/posts\/355977\/revisions"}],"wp:featuredmedia":[{"embeddable":true,"href":"https:\/\/www.europesays.com\/fr\/wp-json\/wp\/v2\/media\/355978"}],"wp:attachment":[{"href":"https:\/\/www.europesays.com\/fr\/wp-json\/wp\/v2\/media?parent=355977"}],"wp:term":[{"taxonomy":"category","embeddable":true,"href":"https:\/\/www.europesays.com\/fr\/wp-json\/wp\/v2\/categories?post=355977"},{"taxonomy":"post_tag","embeddable":true,"href":"https:\/\/www.europesays.com\/fr\/wp-json\/wp\/v2\/tags?post=355977"}],"curies":[{"name":"wp","href":"https:\/\/api.w.org\/{rel}","templated":true}]}}