{"id":355979,"date":"2025-08-31T06:40:14","date_gmt":"2025-08-31T06:40:14","guid":{"rendered":"https:\/\/www.europesays.com\/fr\/355979\/"},"modified":"2025-08-31T06:40:14","modified_gmt":"2025-08-31T06:40:14","slug":"lugdunum-renait-un-resultat-fascinant","status":"publish","type":"post","link":"https:\/\/www.europesays.com\/fr\/355979\/","title":{"rendered":"Lugdunum rena\u00eet, un r\u00e9sultat fascinant"},"content":{"rendered":"<p>            Par<br \/>\n        <strong><br \/>\n            <a href=\"https:\/\/actu.fr\/auteur\/theo-zuili\" title=\"Consulter tous les articles de Th\u00e9o Zuili\" rel=\"nofollow noopener\" target=\"_blank\">Th\u00e9o Zuili<\/a><br \/>\n        <\/strong><\/p>\n<p>        Publi\u00e9 le<\/p>\n<p>            31 ao\u00fbt 2025 \u00e0 7h50        <\/p>\n<p>Un travail monumental. Micka\u00ebl Defour, habitant de Brignais (Rh\u00f4ne) \u00e2g\u00e9 de 39 ans, travaille depuis 2023 sur une mod\u00e9lisation 3D de la ville de <a href=\"https:\/\/actu.fr\/auvergne-rhone-alpes\/lyon_69123\" rel=\"nofollow noopener\" target=\"_blank\">Lyon<\/a> au IIe si\u00e8cle. Ce passionn\u00e9 se voue \u00e0 <strong>donner vie<\/strong> aux sch\u00e9mas minimalistes des historiens. Le tout, gratuitement : \u00ab\u00a0Si internet doit servir \u00e0 quelque chose, c\u2019est bien \u00e0 \u00e7a\u00a0\u00bb, sourit-il humblement.<br \/>Une premi\u00e8re pour la capitale des Gaules. Pr\u00e8s de 1 800 ans plus tard, cette repr\u00e9sentation de la ville gallo-romaine permet de se faire une nouvelle id\u00e9e de ce \u00e0 quoi ressemblait la vie des Lyonnais de l\u2019Antiquit\u00e9.<\/p>\n<p>Un nouveau m\u00e9dia pour raconter le pass\u00e9<\/p>\n<p class=\" wall-content\">Depuis 180 ans, <a href=\"https:\/\/actu.fr\/auvergne-rhone-alpes\/lyon_69123\/lyon-ce-qui-a-change-en-un-siecle-dans-la-ville-vu-par-des-cartes-postales_48781811.html\" rel=\"nofollow noopener\" target=\"_blank\">photographies et cartes postales<\/a> offrent d\u2019in\u00e9galables mani\u00e8res de plonger dans le pass\u00e9 de Lyon. S\u2019il reste ais\u00e9 d\u2019imaginer la vie \u00e0 la Renaissance ou au Moyen \u00c2ge <a href=\"https:\/\/actu.fr\/auvergne-rhone-alpes\/lyon_69123\/photos-il-y-a-500-ans-bellecour-part-dieu-ou-le-vieux-lyon-ressemblaient-a-ca_55367709.html\" rel=\"nofollow noopener\" target=\"_blank\">gr\u00e2ce aux myriades de plans d\u2019\u00e9poque conserv\u00e9s<\/a>, se visualiser l\u2019Antiquit\u00e9 lyonnaise est un exercice bien plus abstrait.<\/p>\n<p class=\" wall-content\">Micka\u00ebl Defour a mis ses talents de mod\u00e9lisation 3D au service des Lyonnais en r\u00e9alisant <strong>un travail premier du genre<\/strong>. Le Lig\u00e9rien s\u2019est appuy\u00e9 sur les repr\u00e9sentations artistiques et les d\u00e9couvertes des arch\u00e9ologues pour faire rena\u00eetre <a href=\"https:\/\/actu.fr\/auvergne-rhone-alpes\/lyon_69123\/la-question-pas-si-bete-mais-au-fait-pourquoi-la-ville-de-lyon-porte-t-elle-ce-nom_50230680.html\" rel=\"nofollow noopener\" target=\"_blank\">la ville de Lugdunum<\/a> comme jamais auparavant.<\/p>\n<p>Fourvi\u00e8re, Presqu\u2019\u00eele, Croix-Rousse\u2026<\/p>\n<p class=\" wall-content\">Le passionn\u00e9 a r\u00e9alis\u00e9 un travail titanesque en mod\u00e9lisant un large territoire, <strong>d\u2019Oullins \u00e0 Caluire et de Francheville \u00e0 Vaulx-en-Velin<\/strong>. \u00ab\u00a0La plupart, ce sont des pr\u00e9s et des marais, mais quand m\u00eame !\u00a0\u00bb Des milliers de b\u00e2timents, un souci du d\u00e9tail, avec une reproduction des maisons romaines typiques, mod\u00e9lis\u00e9es et plac\u00e9es chacune \u00e0 la main\u2026<\/p>\n<p class=\" wall-content\">On retrouve l\u2019amphith\u00e9\u00e2tre des Trois Gaules, le th\u00e9\u00e2tre de <a href=\"https:\/\/actu.fr\/tag\/fourviere\" rel=\"nofollow noopener\" target=\"_blank\">Fourvi\u00e8re<\/a> et son od\u00e9on, l\u2019hippodrome\u2026 Et l\u2019on d\u00e9couvre nos deux collines \u00e0 fleur d\u2019eau, une Sa\u00f4ne et un Rh\u00f4ne indompt\u00e9s, dont les bras forment deux \u00eeles aujourd\u2019hui disparues : l\u2019\u00eele de Saint-Jean, dans l\u2019actuel <a href=\"https:\/\/actu.fr\/tag\/vieux-lyon\" rel=\"nofollow noopener\" target=\"_blank\">Vieux-Lyon<\/a>, et Canabae, <strong>quand l\u2019actuelle Presqu\u2019\u00eele \u00e9tait une \u00eele<\/strong>.<\/p>\n<p>    <a href=\"https:\/\/www.facebook.com\/plugins\/video.php?height=314&amp;href=https%3A%2F%2Fwww.facebook.com%2Freel%2F1082856914048741%2F&amp;show_text=false&amp;width=350&amp;t=0\" title=\"Ouvrie le lien\" rel=\"nofollow noopener\" target=\"_blank\">Cliquez ici pour visualiser le contenu<\/a><\/p>\n<p>Votre r\u00e9gion, votre actu !<\/p>\n<p>Recevez chaque jour les infos qui comptent pour vous.<\/p>\n<p>\t<a href=\"https:\/\/actu.fr\/newsletter\" class=\"ac-btn ac-btn--corner ac-btn--medium ac-btn--blue800\" rel=\"nofollow noopener\" target=\"_blank\">S&rsquo;incrire<\/a><\/p>\n<p class=\" wall-content\">R\u00e9sultat : un fichier SketchUp de quatre gigas octet. Mais Micka\u00ebl estime \u00eatre tr\u00e8s <strong>loin d\u2019un travail achev\u00e9<\/strong>. \u00ab\u00a0Je dirais que j\u2019en suis entre 15% et 20%. Je mettrai peut-\u00eatre une vie \u00e0 le terminer ! D\u2019autant que des d\u00e9couvertes vont \u00eatre faites et qu\u2019il faudra reprendre\u2026\u00a0\u00bb<\/p>\n<p>Des centaines d\u2019heures investies<\/p>\n<p class=\" wall-content\">Micka\u00ebl explique s\u2019\u00eatre lanc\u00e9 malgr\u00e9 lui dans ce projet. \u00ab\u00a0Je n\u2019avais<strong> pas du tout pr\u00e9vu<\/strong> de faire \u00e7a. J\u2019ai commenc\u00e9 juste pour voir \u00e0 quoi \u00e7a pourrait ressembler, avec le th\u00e9\u00e2tre antique de Fourvi\u00e8re. Je suis pass\u00e9 \u00e0 l\u2019od\u00e9on, puis tout le quartier, puis au reste. Je me suis laiss\u00e9 happer par ce travail-l\u00e0\u00a0\u00bb, se rappelle celui qui n\u2019a pas compt\u00e9 ses heures.<\/p>\n<p>    <img   decoding=\"async\" loading=\"lazy\" src=\"https:\/\/www.europesays.com\/fr\/wp-content\/uploads\/2025\/08\/modelisation-3d-theatre-de-fourviere-lyon-odeon-antiquite-ville-gallo-romaine-lugdunum-960x640.jpg\" alt=\"C'est ici que l'aventure a d\u00e9but\u00e9 pour Micka\u00ebl : \u00e0 gauche, une mod\u00e9lisation du th\u00e9\u00e2tre antique de Fourvi\u00e8re, et \u00e0 droite, l'od\u00e9on.\" width=\"960\" height=\"640\"\/><br \/>\n    C\u2019est ici que l\u2019aventure a d\u00e9but\u00e9 pour Micka\u00ebl : \u00e0 gauche, une mod\u00e9lisation du th\u00e9\u00e2tre antique de Fourvi\u00e8re, et \u00e0 droite, l\u2019od\u00e9on. (\u00a9Micka\u00ebl Defour \/ Lyon 3D Antique)<\/p>\n<p class=\" wall-content\">\u00ab\u00a0J\u2019estime en global <strong>300 heures \u00e0 minima<\/strong>. C\u2019est peut-\u00eatre beaucoup plus.\u00a0\u00bb Rien que pour l\u2019amphith\u00e9\u00e2tre, c\u2019est une quarantaine d\u2019heures de mod\u00e9lisation minutieuse. Les musiques du film Gladiateur dans les oreilles et ses photos prises sur place comme mod\u00e8le, le passionn\u00e9 s\u2019est laiss\u00e9 porter.<\/p>\n<p>Un travail loin d\u2019\u00eatre parfait<\/p>\n<p class=\" wall-content\">Un support pens\u00e9 pour les historiens ? Non. Micka\u00ebl ne pr\u00e9tend pas avoir r\u00e9alis\u00e9 un travail parfait, loin de l\u00e0. Le passionn\u00e9 assume <strong>une vis\u00e9e plus artistique qu\u2019historique<\/strong>. Les experts de l\u2019Antiquit\u00e9 ne manqueront pas de s\u2019\u00e9touffer en constatant l\u2019absence d\u2019aqueducs (\u00e0 venir dans une prochaine mise \u00e0 jour) et les diff\u00e9rentes libert\u00e9s prises par le passionn\u00e9.<\/p>\n<blockquote class=\"ac-article-quote wall-content\">\n<p>Je ne suis pas historien, je suis animateur pour enfant et je fais \u00e7a dans mon temps libre. J&rsquo;essaie de faire au plus cr\u00e9dible avec les zones d&rsquo;ombres. L&rsquo;id\u00e9e, ce n&rsquo;est pas d&rsquo;\u00eatre sans erreur, mais d&rsquo;ouvrir une porte de l&rsquo;imaginaire, en sortant l&rsquo;histoire des livres, o\u00f9 elle est trop souvent confin\u00e9e.<\/p>\n<p>    <strong>Micka\u00ebl Defour<\/strong>\n            <\/p><\/blockquote>\n<p>    <img   decoding=\"async\" loading=\"lazy\" src=\"https:\/\/www.europesays.com\/fr\/wp-content\/uploads\/2025\/08\/modelisation-3d-ville-de-lugdunum-iie-siecle-apres-jc-lyon-gallo-romaine-vue-generale-960x640.png\" alt=\"Une vue g\u00e9n\u00e9rale du travail de reconstitution de Lugdunum au IIe si\u00e8cle.\" width=\"960\" height=\"640\"\/><br \/>\n    Une vue g\u00e9n\u00e9rale du travail de reconstitution de Lugdunum au IIe si\u00e8cle. (\u00a9Micka\u00ebl Defour \/ Lyon 3D Antique)<\/p>\n<p class=\" wall-content\">Micka\u00ebl ne balaie pas l\u2019id\u00e9e de mon\u00e9tiser, \u00e0 l\u2019avenir, ce travail. \u00ab\u00a0Je fais \u00e7a pour moi avant tout, parce que j\u2019adore \u00e7a. Je n\u2019exclus pas d\u2019en faire commerce, mais j\u2019aime l\u2019id\u00e9e qu\u2019on puisse tomber dessus sans payer. Si quelqu\u2019un s\u2019int\u00e9resse \u00e0 cette histoire en regardant ma vid\u00e9o, <strong>j\u2019ai l\u2019impression d\u2019avoir gagn\u00e9<\/strong> un truc\u00a0\u00bb, sourit-il.<\/p>\n<p>Vous aussi travaillez dans votre temps-libre sur un projet ambitieux qui pourrait int\u00e9resser les Lyonnais ? N\u2019h\u00e9sitez pas \u00e0 m\u2019\u00e9crire ici : <a href=\"https:\/\/actu.fr\/cdn-cgi\/l\/email-protection\" class=\"__cf_email__\" data-cfemail=\"b6c2ded3d998ccc3dfdadff6d7d5c2c398d0c4\" rel=\"nofollow noopener\" target=\"_blank\">[email\u00a0protected]<\/a>.<\/p>\n<p class=\" wall-content\">Personnalisez votre actualit\u00e9 en ajoutant vos villes et m\u00e9dias en favori avec <a href=\"https:\/\/moncompte.actu.fr\" title=\"D\u00e9couvez Mon Actu\" rel=\"nofollow noopener\" data-trk=\"{&quot;cta&quot;:{&quot;action&quot;:&quot;https:\\\/\\\/moncompte.actu.fr&quot;,&quot;category&quot;:&quot;mon compte&quot;,&quot;from&quot;:&quot;article footer&quot;,&quot;name&quot;:&quot;Mon actu&quot;,&quot;type&quot;:&quot;cta&quot;}}\" target=\"_blank\">Mon Actu<\/a>.<\/p>\n","protected":false},"excerpt":{"rendered":"Par Th\u00e9o Zuili Publi\u00e9 le 31 ao\u00fbt 2025 \u00e0 7h50 Un travail monumental. Micka\u00ebl Defour, habitant de Brignais&hellip;\n","protected":false},"author":2,"featured_media":355980,"comment_status":"","ping_status":"","sticky":false,"template":"","format":"standard","meta":{"footnotes":""},"categories":[1889],"tags":[1111,11,2430,1777,674,1011,27,937,1757,2428,12,2551,25,104],"class_list":{"0":"post-355979","1":"post","2":"type-post","3":"status-publish","4":"format-standard","5":"has-post-thumbnail","7":"category-lyon","8":"tag-actu","9":"tag-actualites","10":"tag-auvergne-rhone-alpes","11":"tag-eu","12":"tag-europe","13":"tag-fr","14":"tag-france","15":"tag-histoire","16":"tag-insolite","17":"tag-lyon","18":"tag-news","19":"tag-patrimoine","20":"tag-republique-francaise","21":"tag-societe"},"share_on_mastodon":{"url":"https:\/\/pubeurope.com\/@fr\/115122013836794486","error":""},"_links":{"self":[{"href":"https:\/\/www.europesays.com\/fr\/wp-json\/wp\/v2\/posts\/355979","targetHints":{"allow":["GET"]}}],"collection":[{"href":"https:\/\/www.europesays.com\/fr\/wp-json\/wp\/v2\/posts"}],"about":[{"href":"https:\/\/www.europesays.com\/fr\/wp-json\/wp\/v2\/types\/post"}],"author":[{"embeddable":true,"href":"https:\/\/www.europesays.com\/fr\/wp-json\/wp\/v2\/users\/2"}],"replies":[{"embeddable":true,"href":"https:\/\/www.europesays.com\/fr\/wp-json\/wp\/v2\/comments?post=355979"}],"version-history":[{"count":0,"href":"https:\/\/www.europesays.com\/fr\/wp-json\/wp\/v2\/posts\/355979\/revisions"}],"wp:featuredmedia":[{"embeddable":true,"href":"https:\/\/www.europesays.com\/fr\/wp-json\/wp\/v2\/media\/355980"}],"wp:attachment":[{"href":"https:\/\/www.europesays.com\/fr\/wp-json\/wp\/v2\/media?parent=355979"}],"wp:term":[{"taxonomy":"category","embeddable":true,"href":"https:\/\/www.europesays.com\/fr\/wp-json\/wp\/v2\/categories?post=355979"},{"taxonomy":"post_tag","embeddable":true,"href":"https:\/\/www.europesays.com\/fr\/wp-json\/wp\/v2\/tags?post=355979"}],"curies":[{"name":"wp","href":"https:\/\/api.w.org\/{rel}","templated":true}]}}