{"id":355981,"date":"2025-08-31T06:41:22","date_gmt":"2025-08-31T06:41:22","guid":{"rendered":"https:\/\/www.europesays.com\/fr\/355981\/"},"modified":"2025-08-31T06:41:22","modified_gmt":"2025-08-31T06:41:22","slug":"diffusion-lyon-marseille-a-quelle-heure-et-sur-quelle-chaine-voir-le-match-en-direct","status":"publish","type":"post","link":"https:\/\/www.europesays.com\/fr\/355981\/","title":{"rendered":"Diffusion Lyon \u2013 Marseille : \u00e0 quelle heure et sur quelle cha\u00eene voir le match en direct ?"},"content":{"rendered":"<p class=\"paragraph text_align_left lp-f-body-02\">Ce dimanche, ne manquez pas le premier Olympico de la saison 2025-2026. Pour le moment, les Lyonnais occupent la premi\u00e8re place du classement, avec six points au compteur. Jusqu\u2019\u00e0 pr\u00e9sent, les Gones ont battu le RC Lens (0-1) et le FC Metz (3-0). Cette semaine, les hommes de Paulo Fonseca doivent imp\u00e9rativement d\u00e9crocher une troisi\u00e8me victoire cons\u00e9cutive, au risque de chuter dans le tableau. De son c\u00f4t\u00e9, l\u2019Olympique de Marseille a d\u00e9but\u00e9 le championnat par une d\u00e9faite contre Rennes (1-0). Par la suite, les Phoc\u00e9ens ont renou\u00e9 avec le succ\u00e8s en s\u2019imposant contre le Paris FC, sur un score de cinq buts \u00e0 deux. \u00c0 l\u2019heure actuelle, les co\u00e9quipiers de Mason Greenwood pointent \u00e0 la septi\u00e8me place du classement, derri\u00e8re Lorient et Lille. Pour m\u00e9moire, Marseille n\u2019a pas connu la d\u00e9faite contre les Gones depuis f\u00e9vrier 2024. Dans ces lignes, on vous dit \u00e0 quelle heure et sur quelle cha\u00eene regarder le match Lyon \u2013 Marseille, en direct ce dimanche soir.<\/p>\n<p class=\"paragraph text_align_left lp-f-body-02\">Le match qui oppose Lyon et Marseille est diffus\u00e9 ce dimanche 31 ao\u00fbt, <a href=\"https:\/\/dazn.prf.hn\/click\/camref:1011lSfUI\" target=\"_blank\" rel=\"sponsored nofollow noopener\">en direct sur Ligue 1+<\/a>. La rencontre est pr\u00e9vue au Groupama Stadium, \u00e0 partir de 20 heures 45. L\u2019arbitre Fran\u00e7ois Letexier a \u00e9t\u00e9 d\u00e9sign\u00e9 pour diriger le choc. Il sera assist\u00e9 de Bastien Dechepy et de Mehdi Mokhtari \u00e0 la VAR. Une fois le magazine Le Club termin\u00e9, les commentateurs pr\u00e9sentent l\u2019affiche de la soir\u00e9e, les effectifs et les enjeux. Ils d\u00e9cryptent ensuite les performances des joueurs, analysent les r\u00e9sultats et reviennent sur les temps forts.<\/p>\n","protected":false},"excerpt":{"rendered":"Ce dimanche, ne manquez pas le premier Olympico de la saison 2025-2026. Pour le moment, les Lyonnais occupent&hellip;\n","protected":false},"author":2,"featured_media":355982,"comment_status":"","ping_status":"","sticky":false,"template":"","format":"standard","meta":{"footnotes":""},"categories":[1889],"tags":[1111,11,2430,49208,1777,674,1011,27,749,66,2428,12,25,6718],"class_list":{"0":"post-355981","1":"post","2":"type-post","3":"status-publish","4":"format-standard","5":"has-post-thumbnail","7":"category-lyon","8":"tag-actu","9":"tag-actualites","10":"tag-auvergne-rhone-alpes","11":"tag-diffusion-lyon-marseille","12":"tag-eu","13":"tag-europe","14":"tag-fr","15":"tag-france","16":"tag-guide-shopping","17":"tag-ligue-1","18":"tag-lyon","19":"tag-news","20":"tag-republique-francaise","21":"tag-tv-streaming"},"share_on_mastodon":{"url":"https:\/\/pubeurope.com\/@fr\/115122017628164406","error":""},"_links":{"self":[{"href":"https:\/\/www.europesays.com\/fr\/wp-json\/wp\/v2\/posts\/355981","targetHints":{"allow":["GET"]}}],"collection":[{"href":"https:\/\/www.europesays.com\/fr\/wp-json\/wp\/v2\/posts"}],"about":[{"href":"https:\/\/www.europesays.com\/fr\/wp-json\/wp\/v2\/types\/post"}],"author":[{"embeddable":true,"href":"https:\/\/www.europesays.com\/fr\/wp-json\/wp\/v2\/users\/2"}],"replies":[{"embeddable":true,"href":"https:\/\/www.europesays.com\/fr\/wp-json\/wp\/v2\/comments?post=355981"}],"version-history":[{"count":0,"href":"https:\/\/www.europesays.com\/fr\/wp-json\/wp\/v2\/posts\/355981\/revisions"}],"wp:featuredmedia":[{"embeddable":true,"href":"https:\/\/www.europesays.com\/fr\/wp-json\/wp\/v2\/media\/355982"}],"wp:attachment":[{"href":"https:\/\/www.europesays.com\/fr\/wp-json\/wp\/v2\/media?parent=355981"}],"wp:term":[{"taxonomy":"category","embeddable":true,"href":"https:\/\/www.europesays.com\/fr\/wp-json\/wp\/v2\/categories?post=355981"},{"taxonomy":"post_tag","embeddable":true,"href":"https:\/\/www.europesays.com\/fr\/wp-json\/wp\/v2\/tags?post=355981"}],"curies":[{"name":"wp","href":"https:\/\/api.w.org\/{rel}","templated":true}]}}