{"id":355983,"date":"2025-08-31T06:42:09","date_gmt":"2025-08-31T06:42:09","guid":{"rendered":"https:\/\/www.europesays.com\/fr\/355983\/"},"modified":"2025-08-31T06:42:09","modified_gmt":"2025-08-31T06:42:09","slug":"journees-europeennes-du-patrimoine-decouvrez-la-programmation-regionale-region-ile-de-france","status":"publish","type":"post","link":"https:\/\/www.europesays.com\/fr\/355983\/","title":{"rendered":"Journ\u00e9es europ\u00e9ennes du patrimoine : d\u00e9couvrez la programmation r\u00e9gionale &#8211; R\u00e9gion \u00cele-de-France"},"content":{"rendered":"<ol>\n<li><a href=\"https:\/\/news.google.com\/rss\/articles\/CBMivAFBVV95cUxQa1kxQmw4UWtpQUtHajI0NHgwMWlFVENWQk1McU4xMi02SWVENDFmZWFPNkhDc3dzWHpQQmk1b0daX3ZJQlVhaXZyOFJ6V1JHZUFPOU9ZSDRBbFlSY1FOS1lzSHNub3ZYYzdtRXVOSm9JQ2dfSUhvMXk1REhrVnI2a2xWS1hqcjVmelVMS2pXeWRlY202RGdrNndOWERERkE1bmR5TjVlOVdNWWFFV0Q3QlJDNjZwbXFBWXc1dw?oc=5\" target=\"_blank\" rel=\"nofollow noopener\">Journ\u00e9es europ\u00e9ennes du patrimoine : d\u00e9couvrez la programmation r\u00e9gionale<\/a>&nbsp;&nbsp;R\u00e9gion \u00cele-de-France<\/li>\n<li><a href=\"https:\/\/news.google.com\/rss\/articles\/CBMiygFBVV95cUxQVF9ZcklfREkyQjBmcWNLb2RVZ21yMGRnNU9OYXlXQzZlVF9wb3hrQnRUS3dVTEF4X2JyaWZIV1o1U2h6UzhQR1RBSkxLSVhCU3RQRlMwRXowTzVaNUVTSW1aVl85Q2hpU25FTjIwbHNXVHcwWXlEUk5WbkRTR3daRzlNMGtsbmRtOUxScGRWZk1TanNmcXowSE51M25qQ3I4OWpJb2J2X3ZPV2JCeC1Xa1dXWDRKcmxBYV9TY3I0d0trbU9pdXRGMnB3?oc=5\" target=\"_blank\" rel=\"nofollow noopener\">La pr\u00e9fecture du Lot ouvre ses portes pour les Journ\u00e9es europ\u00e9ennes du patrimoine<\/a>&nbsp;&nbsp;ladepeche.fr<\/li>\n<li><a href=\"https:\/\/news.google.com\/rss\/articles\/CBMi8wFBVV95cUxOZ1FLdk1XZ01scmJSaFh2Y2cycFBwWGNEVnIyRGhFTi1wZlBrVmhNLTQybDNJU21hd0Q4aTJIemp0azd3WDVSTDhHYWdtNEVkQXlKQmRGbURMcnlPNEtCdkI5LVcwSXJ3WTdTOVlSdmdSZW9qWlpXUzE4RS1UOWFldi0wRG9LcEhIYmJpRERLbmFZTHhmMXl6Z3hmSHlFMnB5VFZGS2J5ajhFX19lU0xLdEpxVXd2XzdwRU8wdXBBRGpFVG0tSUphS2lvTFlNWkt5eHRkZzZyVmVEZE9GYUdLTEZGVlRSWnJxcFoxOXdtZVRUc3M?oc=5\" target=\"_blank\" rel=\"nofollow noopener\">Journ\u00e9es du Patrimoine 2025 \u00e0 Paris : 14 monuments et visites exceptionnelles \u00e0 ne pas manquer<\/a>&nbsp;&nbsp;Connaissance des Arts<\/li>\n<li><a href=\"https:\/\/news.google.com\/rss\/articles\/CBMiyAFBVV95cUxOdG1vVWlId0JRYThybWZscW9BUWltaFNTeTVncUxsYTZ4aE5WM3Q3Vl9tcW1hRUc5Vkp6RWdPY0Y2RUFKN0tMX3B0Z3FiQVFkQ0ZCOFd4ZGZXa3FYY2wxWGxwRmFtaXdPOXlXN2FBVlFXM3dzd1NJUkNtRE40X1hZbmljVVN4d3d4bWItNEhqb3ZkSmVkbll1N1RsTkN5bGVmU3JjbVFLQ2JwbThmbjFiYWFCUmQzM29yT0x5Z3BmVGFLbFltb1d0TA?oc=5\" target=\"_blank\" rel=\"nofollow noopener\">Journ\u00e9es du Patrimoine 2025 : d\u00e9couverte exceptionnelle de l&rsquo;H\u00f4tel de Rothelin-Charolais<\/a>&nbsp;&nbsp;Sortir \u00e0 Paris<\/li>\n<li><a href=\"https:\/\/news.google.com\/rss\/articles\/CBMiuAFBVV95cUxNUzVBYkU3NGktX2VjeEQyVE5XWU1FNHZHd3VVNUVZQzNXeE96SDdTZTg3RlNtOTdneDNYTXdOQ3RXb1l6RUd0cEtUQ0w4dHR2RzFfdXdUcGd5UkVZRnNwY3BUYmJVdU52WWp4UU9FamxkTDV5eDlva1ZYZGhJV0lQSU4wbUhpRUpjU1JBWl9uWmlhMDUyZl9ZS1VWMVF5TkhUQ0JVbndYNzNETk1DbjhINWhWb25pV194?oc=5\" target=\"_blank\" rel=\"nofollow noopener\">Les Journ\u00e9es europ\u00e9ennes du patrimoine 2025 \u00e0 Fontenay-aux-Roses<\/a>&nbsp;&nbsp;Le Parisien<\/li>\n<\/ol>\n","protected":false},"excerpt":{"rendered":"Journ\u00e9es europ\u00e9ennes du patrimoine : d\u00e9couvrez la programmation r\u00e9gionale&nbsp;&nbsp;R\u00e9gion \u00cele-de-France La pr\u00e9fecture du Lot ouvre ses portes pour&hellip;\n","protected":false},"author":2,"featured_media":355984,"comment_status":"","ping_status":"","sticky":false,"template":"","format":"standard","meta":{"footnotes":""},"categories":[1592],"tags":[1111,11,1777,674,1011,27,662,12,626,25],"class_list":{"0":"post-355983","1":"post","2":"type-post","3":"status-publish","4":"format-standard","5":"has-post-thumbnail","7":"category-ile-de-france","8":"tag-actu","9":"tag-actualites","10":"tag-eu","11":"tag-europe","12":"tag-fr","13":"tag-france","14":"tag-ile-de-france","15":"tag-news","16":"tag-paris","17":"tag-republique-francaise"},"share_on_mastodon":{"url":"https:\/\/pubeurope.com\/@fr\/115122021498006355","error":""},"_links":{"self":[{"href":"https:\/\/www.europesays.com\/fr\/wp-json\/wp\/v2\/posts\/355983","targetHints":{"allow":["GET"]}}],"collection":[{"href":"https:\/\/www.europesays.com\/fr\/wp-json\/wp\/v2\/posts"}],"about":[{"href":"https:\/\/www.europesays.com\/fr\/wp-json\/wp\/v2\/types\/post"}],"author":[{"embeddable":true,"href":"https:\/\/www.europesays.com\/fr\/wp-json\/wp\/v2\/users\/2"}],"replies":[{"embeddable":true,"href":"https:\/\/www.europesays.com\/fr\/wp-json\/wp\/v2\/comments?post=355983"}],"version-history":[{"count":0,"href":"https:\/\/www.europesays.com\/fr\/wp-json\/wp\/v2\/posts\/355983\/revisions"}],"wp:featuredmedia":[{"embeddable":true,"href":"https:\/\/www.europesays.com\/fr\/wp-json\/wp\/v2\/media\/355984"}],"wp:attachment":[{"href":"https:\/\/www.europesays.com\/fr\/wp-json\/wp\/v2\/media?parent=355983"}],"wp:term":[{"taxonomy":"category","embeddable":true,"href":"https:\/\/www.europesays.com\/fr\/wp-json\/wp\/v2\/categories?post=355983"},{"taxonomy":"post_tag","embeddable":true,"href":"https:\/\/www.europesays.com\/fr\/wp-json\/wp\/v2\/tags?post=355983"}],"curies":[{"name":"wp","href":"https:\/\/api.w.org\/{rel}","templated":true}]}}