{"id":355987,"date":"2025-08-31T06:50:15","date_gmt":"2025-08-31T06:50:15","guid":{"rendered":"https:\/\/www.europesays.com\/fr\/355987\/"},"modified":"2025-08-31T06:50:15","modified_gmt":"2025-08-31T06:50:15","slug":"agressions-sexuelles-a-lecole-alphonse-baudin-a-paris-un-animateur-du-periscolaire-juge-en-novembre","status":"publish","type":"post","link":"https:\/\/www.europesays.com\/fr\/355987\/","title":{"rendered":"Agressions sexuelles \u00e0 l&rsquo;\u00e9cole Alphonse-Baudin \u00e0 Paris\u00a0: un animateur du p\u00e9riscolaire jug\u00e9 en novembre"},"content":{"rendered":"<p>Un animateur du p\u00e9riscolaire de l&rsquo;\u00e9cole maternelle Alphonse-Baudin, situ\u00e9e dans le 11e arrondissement, sera jug\u00e9 en novembre \u00e0 Paris pour agressions et harc\u00e8lement sexuels. Les faits concernent cinq enfants, mais aussi deux de ses coll\u00e8gues.<\/p>\n<p><a class=\"IciLink ici-link IciArticleLink g-ici-body-regular-1 underline brand svelte-lu7k6w\" href=\"https:\/\/www.francebleu.fr\/infos\/faits-divers-justice\/la-ville-de-paris-suspend-un-animateur-d-une-ecole-maternelle-soupconne-de-violences-sexuelles-2734839\" rel=\"nofollow noopener\" target=\"_blank\">Cinq mois apr\u00e8s les premiers signalements,<\/a>\u00a0un animateur d&rsquo;\u00e9cole maternelle soup\u00e7onn\u00e9 d&rsquo;agressions sexuelles sur cinq enfants et une de ses coll\u00e8gues sera jug\u00e9 le 25 novembre \u00e0 Paris, a appris l&rsquo;Agence France Presse aupr\u00e8s du parquet de Paris ce 29 ao\u00fbt,\u00a0confirmant\u00a0<a target=\"_blank\" rel=\"nofollow noopener noreferrer\" class=\"IciLink ici-link IciArticleLink g-ici-body-regular-1 underline brand svelte-lu7k6w\" href=\"https:\/\/www.leparisien.fr\/faits-divers\/violences-sexuelles-un-animateur-de-maternelle-a-paris-renvoye-au-tribunal-pour-avoir-fait-sept-victimes-29-08-2025-EYEUYK5JZRF6HFY5J4MXLAHTOE.php\">une information du Parisien<\/a>.<\/p>\n<p>Le 9 avril dernier, le minist\u00e8re public avait re\u00e7u une \u00ab\u00a0information pr\u00e9occupante\u00a0\u00bb &#8211; un type de signalement sp\u00e9cifique aux mineurs ayant pour but d&rsquo;alerter sur une situation &#8211; <strong>\u00e9manant du directeur de l&rsquo;\u00e9cole maternelle Alphonse-Baudin<\/strong>, situ\u00e9e dans le 11e arrondissement de Paris.\u00a0Les parents de deux fillettes s&rsquo;\u00e9taient inqui\u00e9t\u00e9s aupr\u00e8s de lui du <strong>repli de leurs enfants<\/strong> qu&rsquo;ils imputaient au comportement d&rsquo;un \u00e9ducateur de l&rsquo;\u00e9cole.<\/p>\n<p>\u00c0 lire aussi   <img decoding=\"async\" src=\"https:\/\/www.europesays.com\/fr\/wp-content\/uploads\/2025\/08\/1756623015_729_560x315\" alt=\"Un animateur \u00e9cart\u00e9 des \u00e9coles maternelles Parmentier et Roquette dans le 11\u00e8me apr\u00e8s des suspicions de violences sexuelles sur mineur\" style=\"--_image-preview:url('data:image\/jpeg;base64,\/9j\/2wBDACgcHiMeGSgjISMtKygwPGRBPDc3PHtYXUlkkYCZlo+AjIqgtObDoKrarYqMyP\/L2u71\/\/\/\/m8H\/\/\/\/6\/+b9\/\/j\/2wBDASstLTw1PHZBQXb4pYyl+Pj4+Pj4+Pj4+Pj4+Pj4+Pj4+Pj4+Pj4+Pj4+Pj4+Pj4+Pj4+Pj4+Pj4+Pj4+Pj4+Pj\/wAARCAAXACoDASIAAhEBAxEB\/8QAFwABAQEBAAAAAAAAAAAAAAAAAgADAf\/EABcQAQEBAQAAAAAAAAAAAAAAAAABAhH\/xAAWAQEBAQAAAAAAAAAAAAAAAAABAAL\/xAAWEQEBAQAAAAAAAAAAAAAAAAAAARH\/2gAMAwEAAhEDEQA\/AJx0akulA6WasTXJhkwWFCpGAenlIprk+pMl\/9k=');\" loading=\"lazy\" fetchpriority=\"low\" aria-hidden=\"true\" class=\"svelte-1pnmlwx rounded\" onload=\"this.__e=event\" onerror=\"this.__e=event\"\/><\/p>\n<p>Le 11 avril, un courrier d&rsquo;autres parents ayant d\u00e9pos\u00e9 plainte avait \u00e9t\u00e9 joint \u00e0 la proc\u00e9dure, selon le minist\u00e8re public.\u00a0Le parquet des mineurs avait <strong>saisi la Brigade de protection des mineurs<\/strong> (BPM) de la police judiciaire pour proc\u00e9der aux investigations.<\/p>\n<p>Parmi les victimes, cinq enfants et deux coll\u00e8gues de l&rsquo;animateur<\/p>\n<p>L&rsquo;animateur, \u00e2g\u00e9 de 35 ans, avait \u00e9t\u00e9 suspendu de ses fonctions le 9 avril, d\u00e8s la d\u00e9nonciation des faits pr\u00e9sum\u00e9s, puis plac\u00e9 en garde \u00e0 vue le 24 juin. Il sera jug\u00e9 le 25 novembre pour des infractions d&rsquo;agressions sexuelles sur mineur de 15 ans au pr\u00e9judice de cinq mineurs, harc\u00e8lement sexuel concernant deux coll\u00e8gues et agression sexuelle au pr\u00e9judice d&rsquo;une de ses coll\u00e8gues, a d\u00e9taill\u00e9 le parquet.<\/p>\n<p>Fin avril, la ville de Paris, apr\u00e8s des \u00ab\u00a0signalements de faits graves\u00a0\u00bb, avait suspendu un deuxi\u00e8me animateur au sein de cet \u00e9tablissement, o\u00f9 d&rsquo;autres membres de l&rsquo;\u00e9quipe p\u00e9riscolaire ont par ailleurs \u00e9t\u00e9 mis \u00e0 l&rsquo;\u00e9cart.<\/p>\n<p>Trois animatrices ont \u00e9t\u00e9 \u00ab\u00a0retir\u00e9es du terrain\u00a0\u00bb et affect\u00e9es \u00e0 d&rsquo;autres fonctions, pour \u00ab\u00a0comportements inappropri\u00e9s\u00a0\u00bb, avait expliqu\u00e9 la ville, sans donner davantage de pr\u00e9cision, tandis que le \u00ab\u00a0responsable \u00e9ducatif ville\u00a0\u00bb, qui dirige les activit\u00e9s p\u00e9riscolaires de l&rsquo;\u00e9tablissement, a pour sa part \u00e9t\u00e9 affect\u00e9 \u00e0 des fonctions administratives, au nom du principe de pr\u00e9caution.<\/p>\n<p>La mairie avait alors dit faire preuve d&rsquo;une \u00ab\u00a0grande vigilance\u00a0\u00bb pour le recrutement des animateurs du p\u00e9riscolaire en v\u00e9rifiant notamment l&rsquo;absence de condamnation au casier judiciaire.<\/p>\n","protected":false},"excerpt":{"rendered":"Un animateur du p\u00e9riscolaire de l&rsquo;\u00e9cole maternelle Alphonse-Baudin, situ\u00e9e dans le 11e arrondissement, sera jug\u00e9 en novembre \u00e0&hellip;\n","protected":false},"author":2,"featured_media":355988,"comment_status":"","ping_status":"","sticky":false,"template":"","format":"standard","meta":{"footnotes":""},"categories":[1888],"tags":[1111,1928,11,1927,1777,674,1011,27,12,1926,626,1925,25],"class_list":{"0":"post-355987","1":"post","2":"type-post","3":"status-publish","4":"format-standard","5":"has-post-thumbnail","7":"category-paris","8":"tag-actu","9":"tag-actu-paris","10":"tag-actualites","11":"tag-actualites-paris","12":"tag-eu","13":"tag-europe","14":"tag-fr","15":"tag-france","16":"tag-news","17":"tag-news-paris","18":"tag-paris","19":"tag-paris-news","20":"tag-republique-francaise"},"share_on_mastodon":{"url":"https:\/\/pubeurope.com\/@fr\/115122053401498222","error":""},"_links":{"self":[{"href":"https:\/\/www.europesays.com\/fr\/wp-json\/wp\/v2\/posts\/355987","targetHints":{"allow":["GET"]}}],"collection":[{"href":"https:\/\/www.europesays.com\/fr\/wp-json\/wp\/v2\/posts"}],"about":[{"href":"https:\/\/www.europesays.com\/fr\/wp-json\/wp\/v2\/types\/post"}],"author":[{"embeddable":true,"href":"https:\/\/www.europesays.com\/fr\/wp-json\/wp\/v2\/users\/2"}],"replies":[{"embeddable":true,"href":"https:\/\/www.europesays.com\/fr\/wp-json\/wp\/v2\/comments?post=355987"}],"version-history":[{"count":0,"href":"https:\/\/www.europesays.com\/fr\/wp-json\/wp\/v2\/posts\/355987\/revisions"}],"wp:featuredmedia":[{"embeddable":true,"href":"https:\/\/www.europesays.com\/fr\/wp-json\/wp\/v2\/media\/355988"}],"wp:attachment":[{"href":"https:\/\/www.europesays.com\/fr\/wp-json\/wp\/v2\/media?parent=355987"}],"wp:term":[{"taxonomy":"category","embeddable":true,"href":"https:\/\/www.europesays.com\/fr\/wp-json\/wp\/v2\/categories?post=355987"},{"taxonomy":"post_tag","embeddable":true,"href":"https:\/\/www.europesays.com\/fr\/wp-json\/wp\/v2\/tags?post=355987"}],"curies":[{"name":"wp","href":"https:\/\/api.w.org\/{rel}","templated":true}]}}