{"id":355989,"date":"2025-08-31T06:51:21","date_gmt":"2025-08-31T06:51:21","guid":{"rendered":"https:\/\/www.europesays.com\/fr\/355989\/"},"modified":"2025-08-31T06:51:21","modified_gmt":"2025-08-31T06:51:21","slug":"orages-violents-pluie-et-inondations-trois-departements-en-vigilance-orange","status":"publish","type":"post","link":"https:\/\/www.europesays.com\/fr\/355989\/","title":{"rendered":"Orages \u00ab\u00a0violents\u00a0\u00bb, pluie et inondations\u00a0: trois d\u00e9partements en vigilance orange"},"content":{"rendered":"<p class=\"paragraph text_align_left lp-f-body-02\">Les intemp\u00e9ries se poursuivent ce dimanche en France. Dans la continuit\u00e9 d\u2019une semaine d\u00e9j\u00e0 marqu\u00e9e par <a href=\"https:\/\/www.leparisien.fr\/meteo\/orly-20-des-vols-annules-jusqua-23h30-a-cause-dun-episode-orageux-29-08-2025-3AADHLMDEJBMVOT6CIMT3OPM5A.php\" target=\"_blank\" rel=\"noreferrer noopener\">de nombreux orages<\/a> et des pr\u00e9cipitations parfois importantes, <a href=\"https:\/\/meteofrance.com\/\" target=\"_blank\" rel=\"noreferrer noopener\">M\u00e9t\u00e9o France<\/a> place ce dimanche trois d\u00e9partements en <a href=\"https:\/\/vigilance.meteofrance.fr\/fr\" target=\"_blank\" rel=\"noreferrer noopener\">vigilance orange<\/a> (niveau 3 sur 4) en raison des orages, de la pluie ou du risque d\u2019inondations.<\/p>\n<p class=\"paragraph text_align_left lp-f-body-02\">La menace va se mettre progressivement en place au fil de la journ\u00e9e. Le pays est en effet concern\u00e9 par un \u00ab \u00e9pisode pluvio-orageux du Sud-Ouest au Nord-Est \u00bb, ce qui n\u00e9cessite le placement en vigilance jaune (niveau 2 sur 4) des r\u00e9gions concern\u00e9es, auxquelles s\u2019ajoute une partie de la Bretagne et de la Normandie. Il est important de rappeler qu\u2019une simple vigilance jaune peut parfois s\u2019accompagner de ph\u00e9nom\u00e8nes dangereux <a href=\"https:\/\/www.leparisien.fr\/meteo\/meteo-deux-tornades-ont-fait-des-degats-pres-de-chartres-et-de-montargis-30-08-2025-KYJFTP7G3BGPVHJABI46EZNAUY.php\" target=\"_blank\" rel=\"noreferrer noopener\">comme des tornades<\/a>.<\/p>\n<p class=\"paragraph text_align_left lp-f-body-02\">Les intemp\u00e9ries vont s\u2019intensifier pendant la soir\u00e9e et dans la nuit dans certaines zones du sud du pays. C\u2019est la raison pour laquelle Ard\u00e8che, Loz\u00e8re et Gard sont en vigilance orange \u00e0 cause des orages. M\u00e9t\u00e9o France pr\u00e9voit qu\u2019ils soient \u00ab violents \u00bb avec de la gr\u00eale et d\u2019importantes rafales de vent. L\u2019activit\u00e9 \u00e9lectrique pourra \u00eatre \u00ab forte \u00bb<\/p>\n<p><img decoding=\"async\" class=\"image \" loading=\"lazy\" src=\"https:\/\/www.europesays.com\/fr\/wp-content\/uploads\/2025\/08\/TMOVZSJFCNHQDET6XW7XCOR44Y.JPG\" alt=\"\/M\u00e9t\u00e9o France\" align=\"\" data-rubrique-principale=\"\" data-article-type=\"\" fetchpriority=\"auto\"\/>\/M\u00e9t\u00e9o France<\/p>\n<p class=\"paragraph text_align_left lp-f-body-02\">L\u2019organisme m\u00e9t\u00e9orologique fait en cons\u00e9quence \u00e9tat de la formation d\u2019un <a href=\"https:\/\/www.leparisien.fr\/meteo\/crues-pluie-inondations-les-questions-que-pose-lepisode-mediterraneen-dramatique-du-week-end-dernier-12-03-2024-AG5RL3YM35C3PIO6IBYQZNQB5E.php\" target=\"_blank\" rel=\"noreferrer noopener\">\u00ab \u00e9pisode m\u00e9diterran\u00e9en \u00bb<\/a>. Ce ph\u00e9nom\u00e8ne est assez caract\u00e9ristique des zones proches de la M\u00e9diterran\u00e9e. Il s\u2019agit d\u2019une forte accumulation de pluie en peu de temps, favoris\u00e9e par le relief qui bloque la progression des nuages. Cette situation peut engendrer des inondations, parfois dramatiques, comme ce fut le cas en 2020 lors du passage de la temp\u00eate Alex dans <a href=\"https:\/\/www.leparisien.fr\/faits-divers\/tempete-alex-dans-la-vallee-de-la-roya-plus-de-degats-que-lors-de-la-seconde-guerre-mondiale-05-10-2020-8397441.php\" target=\"_blank\" rel=\"noreferrer noopener\">la vall\u00e9e de la Roya<\/a> situ\u00e9e dans les Alpes-Maritimes.<\/p>\n<p>La fin de l\u2019\u00e9t\u00e9 et le d\u00e9but de l\u2019automne sont propices<\/p>\n<p class=\"paragraph text_align_left lp-f-body-02\">Les \u00e9pisodes m\u00e9diterran\u00e9ens se produisent prioritairement \u00e0 la fin de l\u2019\u00e9t\u00e9 et \u00e0 l\u2019automne quand les premi\u00e8res descentes massives d\u2019air froid depuis le nord de l\u2019h\u00e9misph\u00e8re entrent en contact avec l\u2019air bien plus doux du Sud et <a href=\"https:\/\/www.leparisien.fr\/environnement\/climat\/la-mer-mediterranee-a-30-c-pourquoi-la-temperature-de-leau-varie-t-elle-autant-cet-ete-13-08-2025-DCA5PF3ZYRHN3MN5SGIKFC4VQA.php\" target=\"_blank\" rel=\"noreferrer noopener\">l\u2019eau encore (tr\u00e8s) chaude de la mer<\/a>. Mais ils peuvent survenir \u00e0 toute \u00e9poque de l\u2019ann\u00e9e. Une des zones les plus fr\u00e9quemment touch\u00e9es est le secteur des C\u00e9vennes. La d\u00e9clinaison locale de l\u2019\u00e9pisode m\u00e9diterran\u00e9en s\u2019y appelle alors <a href=\"https:\/\/www.leparisien.fr\/meteo\/un-nouvel-episode-cevenol-menace-le-sud-de-la-france-a-partir-de-jeudi-21-10-2024-PJTY5WDU4FE6RBFVIAWVW2L4KU.php\" target=\"_blank\" rel=\"noreferrer noopener\">un \u00e9pisode c\u00e9venol<\/a>.<\/p>\n<p><img decoding=\"async\" class=\"image \" loading=\"lazy\" src=\"https:\/\/www.europesays.com\/fr\/wp-content\/uploads\/2025\/08\/BROK6ITR5VC53OX4CZEAIAFBHU.jpg\" alt=\"\/LP\" align=\"\" data-rubrique-principale=\"\" data-article-type=\"\" fetchpriority=\"auto\"\/>\/LP<\/p>\n<p class=\"paragraph text_align_left lp-f-body-02\">M\u00e9t\u00e9o France place ainsi le Gard et l\u2019Ard\u00e8che en vigilance orange en raison de l\u2019intensit\u00e9 attendue des pluies et du risque d\u2019inondations. La Loz\u00e8re n\u2019est donc qu\u2019en vigilance jaune pour ce crit\u00e8re. \u00c0 l\u2019\u00e9chelle de l\u2019ensemble du pays, la vigilance jaune pluie-inondation recouvre en grande partie celle pour les orages.<\/p>\n<p class=\"paragraph text_align_left lp-f-body-02\">\u00ab Ces pr\u00e9cipitations pourront g\u00e9n\u00e9rer des cumuls de plus de 80mm parfois en moins de 3 heures. On pourra d\u00e9passer les 100mm sur la dur\u00e9e de l\u2019\u00e9pisode voire jusqu\u2019\u00e0 150mm localement en cas de stationnarit\u00e9 \u00bb, soit jusqu\u2019\u00e0 150 litres par m\u00e8tre carr\u00e9, pr\u00e9vient M\u00e9t\u00e9o France.<\/p>\n<p><img decoding=\"async\" class=\"image \" loading=\"lazy\" src=\"https:\/\/www.europesays.com\/fr\/wp-content\/uploads\/2025\/08\/L7XCZ6ZAIVDLXFM4KJOO3OUIIA.JPG\" alt=\"\/M\u00e9t\u00e9o France\" align=\"\" data-rubrique-principale=\"\" data-article-type=\"\" fetchpriority=\"auto\"\/>\/M\u00e9t\u00e9o France<\/p>\n<p class=\"paragraph text_align_left lp-f-body-02\">\u00c0 titre de comparaison, <a href=\"https:\/\/www.infoclimat.fr\/climatologie\/normales-records\/1991-2020\/nimes-courbessac\/valeurs\/07645.html\" target=\"_blank\" rel=\"noreferrer noopener\">dans une ville comme N\u00eemes<\/a> (Gard), septembre est le mois le plus arros\u00e9 de l\u2019ann\u00e9e. Sur l\u2019ensemble de la p\u00e9riode il tombe en moyenne 100 litres par m\u00e8tre carr\u00e9. Les cumuls annonc\u00e9s par M\u00e9t\u00e9o France en quelques heures seulement sont donc compris entre pr\u00e8s d\u2019une fois et une fois et demie ce qu\u2019il tombe en une trentaine de jours normalement.<\/p>\n<p>Incertitude pour lundi matin<\/p>\n<p class=\"paragraph text_align_left lp-f-body-02\">Ces intemp\u00e9ries devraient se poursuivre au moins une partie de la journ\u00e9e de lundi dans les d\u00e9partements les plus au Sud. \u00ab Des incertitudes existent quant \u00e0 la stationnarit\u00e9 de cet axe pluvio-orageux en basse et moyenne vall\u00e9e du Rh\u00f4ne, influant sur la localisation et la dur\u00e9e de l\u2019\u00e9pisode. \u00bb<\/p>\n<p class=\"paragraph text_align_left lp-f-body-02\">M\u00e9t\u00e9o France place d\u2019ores et d\u00e9j\u00e0 trois autres d\u00e9partements en vigilance orange \u00e0 la fois pour les orages mais aussi pour la pluie et les inondations : la Dr\u00f4me, le Vaucluse et les Bouches-du-Rh\u00f4ne. Une extension du nombre des d\u00e9partements concern\u00e9s, en allant vers la fronti\u00e8re italienne, est possible.<\/p>\n","protected":false},"excerpt":{"rendered":"Les intemp\u00e9ries se poursuivent ce dimanche en France. Dans la continuit\u00e9 d\u2019une semaine d\u00e9j\u00e0 marqu\u00e9e par de nombreux&hellip;\n","protected":false},"author":2,"featured_media":355990,"comment_status":"","ping_status":"","sticky":false,"template":"","format":"standard","meta":{"footnotes":""},"categories":[1888],"tags":[11,898,8936,1777,674,1011,27,2487,12,626,25],"class_list":{"0":"post-355989","1":"post","2":"type-post","3":"status-publish","4":"format-standard","5":"has-post-thumbnail","7":"category-paris","8":"tag-actualites","9":"tag-alerte","10":"tag-breaking-news","11":"tag-eu","12":"tag-europe","13":"tag-fr","14":"tag-france","15":"tag-meteo","16":"tag-news","17":"tag-paris","18":"tag-republique-francaise"},"share_on_mastodon":{"url":"https:\/\/pubeurope.com\/@fr\/115122057214203472","error":""},"_links":{"self":[{"href":"https:\/\/www.europesays.com\/fr\/wp-json\/wp\/v2\/posts\/355989","targetHints":{"allow":["GET"]}}],"collection":[{"href":"https:\/\/www.europesays.com\/fr\/wp-json\/wp\/v2\/posts"}],"about":[{"href":"https:\/\/www.europesays.com\/fr\/wp-json\/wp\/v2\/types\/post"}],"author":[{"embeddable":true,"href":"https:\/\/www.europesays.com\/fr\/wp-json\/wp\/v2\/users\/2"}],"replies":[{"embeddable":true,"href":"https:\/\/www.europesays.com\/fr\/wp-json\/wp\/v2\/comments?post=355989"}],"version-history":[{"count":0,"href":"https:\/\/www.europesays.com\/fr\/wp-json\/wp\/v2\/posts\/355989\/revisions"}],"wp:featuredmedia":[{"embeddable":true,"href":"https:\/\/www.europesays.com\/fr\/wp-json\/wp\/v2\/media\/355990"}],"wp:attachment":[{"href":"https:\/\/www.europesays.com\/fr\/wp-json\/wp\/v2\/media?parent=355989"}],"wp:term":[{"taxonomy":"category","embeddable":true,"href":"https:\/\/www.europesays.com\/fr\/wp-json\/wp\/v2\/categories?post=355989"},{"taxonomy":"post_tag","embeddable":true,"href":"https:\/\/www.europesays.com\/fr\/wp-json\/wp\/v2\/tags?post=355989"}],"curies":[{"name":"wp","href":"https:\/\/api.w.org\/{rel}","templated":true}]}}