{"id":356001,"date":"2025-08-31T06:57:25","date_gmt":"2025-08-31T06:57:25","guid":{"rendered":"https:\/\/www.europesays.com\/fr\/356001\/"},"modified":"2025-08-31T06:57:25","modified_gmt":"2025-08-31T06:57:25","slug":"pourquoi-le-programme-daviation-de-combat-seme-la-discorde-entre-la-france-et-lallemagne","status":"publish","type":"post","link":"https:\/\/www.europesays.com\/fr\/356001\/","title":{"rendered":"pourquoi le programme d\u2019aviation de combat s\u00e8me la discorde entre la France et l\u2019Allemagne"},"content":{"rendered":"<p>Alors qu\u2019un conseil des ministres franco-allemand se d\u00e9roule ce vendredi 29\u00a0ao\u00fbt \u00e0 Toulon, <a href=\"https:\/\/www.laprovence.com\/article\/region\/47853562747647\/video-premier-vol-reussi-dans-le-ciel-de-marignane-pour-le-h160m-guepard-un-helicoptere-dintervention-lourd\" target=\"_blank\" rel=\"noopener\">le dossier SCAF<\/a> (Syst\u00e8me de combat a\u00e9rien futur) ne figurera pas \u00e0 l\u2019ordre du jour. <strong>\u00ab\u00a0Nous prendrons une d\u00e9cision sur l\u2019avenir du projet \u00e0 la fin de l\u2019ann\u00e9e\u00a0\u00bb, a d\u00e9clar\u00e9 le chancelier Friedrich Merz,<\/strong> qui rendait visite jeudi soir au pr\u00e9sident fran\u00e7ais au fort de Br\u00e9gan\u00e7on. Depuis plusieurs mois, le projet est au c\u0153ur des d\u00e9bats entre les deux pays. On rembobine.<\/p>\n<p>Lanc\u00e9 en\u00a02017 par Berlin et Paris, rejoints plus tard par Madrid, le SCAF est le plus grand projet de d\u00e9fense en Europe cens\u00e9 renforcer l\u2019autonomie strat\u00e9gique du continent. <strong>Avec un co\u00fbt estim\u00e9 \u00e0 plus de 100\u00a0milliards d\u2019euros<\/strong>, il a pour objectif de <strong>remplacer le Rafale en France et l\u2019Eurofighter en <a href=\"https:\/\/www.laprovence.com\/article\/france-monde\/2155433644058714\/leurope-se-rearme-a-coups-dobus-de-lallemand-rheinmetall\" target=\"_blank\" rel=\"noopener\">Allemagne<\/a> et en Espagne \u00e0 l\u2019horizon 2040<\/strong>. Mais il n\u2019avance plus en raison des tensions entre le constructeur fran\u00e7ais Dassault et le groupe europ\u00e9en Airbus, qui repr\u00e9sente dans ce dossier les int\u00e9r\u00eats de Berlin et de Madrid.<\/p>\n<p>Probl\u00e8mes de gouvernance<\/p>\n<p>Dans ce projet pharaonique, les n\u00e9gociations sur la construction du d\u00e9monstrateur, sorte de pr\u00e9-prototype du futur avion, sont en effet bloqu\u00e9es car Dassault veut revoir les accords conclus en r\u00e9clamant d\u2019avoir la libert\u00e9 de choisir lui-m\u00eame ses sous-traitants.<\/p>\n<p>Selon le site allemand d\u2019information Hartpunkt, <strong>la France viserait environ 80% du projet SCAF<\/strong>, ce que l\u2019Allemagne per\u00e7oit comme une remise en question des accords.<\/p>\n<p>Interrog\u00e9 pour savoir si Dassault \u00e9tait pr\u00eat \u00e0 quitter ce programme, dont il d\u00e9nonce les probl\u00e8mes de gouvernance, son PDG Eric Trappier avait r\u00e9pondu au moins de juillet\u00a0: \u00ab\u00a0Ce n\u2019est pas un probl\u00e8me de quitter, c\u2019est un probl\u00e8me de savoir s\u2019il le projet continue ou pas.\u00a0\u00bb <strong>Pour lui, un projet \u00ab\u00a0o\u00f9 il n\u2019y a pas un vrai leader, mais trois co-co-co\u00a0\u00bb n\u2019est pas efficace.<\/strong><\/p>\n<p>Dassault avait d\u00e9j\u00e0 menac\u00e9 en avril de quitter le programme\u00a0Scaf\u00a0si le cadre n\u2019\u00e9tait pas ren\u00e9goci\u00e9 d\u2019ici la fin\u00a02025.\u00a0\u00ab\u00a0En ce qui concerne Airbus, c\u2019est une gouvernance que nous avons accept\u00e9e. Nous attendons des autres partenaires qu\u2019ils travaillent \u00e9galement avec la gouvernance qu\u2019ils ont accept\u00e9e\u00a0\u00bb, a r\u00e9pliqu\u00e9 Guillaume Faury, le directeur g\u00e9n\u00e9ral d\u2019Airbus.\u00a0\u00ab\u00a0C\u2019est avec ce mod\u00e8le de coop\u00e9ration europ\u00e9enne, entre partenaires jouant sur le terrain en \u00e9quipe que nous pensons pouvoir gagner le match\u00a0\u00bb, a-t-il conclu.<\/p>\n<p>Discussions politiques<\/p>\n<p>Le ministre allemand de la <a href=\"https:\/\/www.laprovence.com\/article\/france-monde\/21604466397473\/diner-entre-macron-et-merz-a-berlin-les-droits-de-douane-de-trump-au-menu\" target=\"_blank\" rel=\"noopener\">D\u00e9fense<\/a> a mis la pression sur Paris ce jeudi concernant le projet europ\u00e9en d\u2019avion de chasse du futur SCAF, m\u00eame si Friedrich Merz et Emmanuel Macron ont dit vouloir se donner encore du temps. Mais Boris Pistorius s\u2019est montr\u00e9 plus press\u00e9.<strong> Le processus \u00ab\u00a0ne peut pas durer ind\u00e9finiment\u00a0\u00bb et il est imp\u00e9ratif de \u00ab\u00a0sortir de l\u2019impasse et prendre de la vitesse, car le projet ne tol\u00e8re plus aucun report\u00a0\u00bb<\/strong>, a-t-il d\u00e9clar\u00e9.<\/p>\n<p>Les partenaires du programme sont sous pression pour acc\u00e9l\u00e9rer son d\u00e9veloppement face \u00e0 la concurrence d\u2019un projet rival, le Global Combat Air Programme (GCAP), des groupes britannique BAE Systems, italien Leonardo et japonais Mitsubishi Heavy Industries.\u00a0Les trois entreprises se sont engag\u00e9es \u00e0 construire un avion de chasse avanc\u00e9 d\u2019ici 2035, tandis que le\u00a0Scaf\u00a0a pour objectif de remplacer le Rafale en France et l\u2019Eurofighter en Allemagne et en Espagne \u00e0 l\u2019horizon 2040.<\/p>\n","protected":false},"excerpt":{"rendered":"Alors qu\u2019un conseil des ministres franco-allemand se d\u00e9roule ce vendredi 29\u00a0ao\u00fbt \u00e0 Toulon, le dossier SCAF (Syst\u00e8me de&hellip;\n","protected":false},"author":2,"featured_media":356002,"comment_status":"","ping_status":"","sticky":false,"template":"","format":"standard","meta":{"footnotes":""},"categories":[1587],"tags":[17,11,672,1804,5432,49210,1805,1803,33,1777,674,1801,12,7555,5240,1095,1802,29284,43359],"class_list":{"0":"post-356001","1":"post","2":"type-post","3":"status-publish","4":"format-standard","5":"has-post-thumbnail","7":"category-allemagne","8":"tag-17","9":"tag-actualites","10":"tag-allemagne","11":"tag-bundesrepublik-deutschland","12":"tag-combat","13":"tag-daviation","14":"tag-de","15":"tag-deutschland","16":"tag-economie","17":"tag-eu","18":"tag-europe","19":"tag-germany","20":"tag-news","21":"tag-pourquoi","22":"tag-programme","23":"tag-projet","24":"tag-republique-federale-dallemagne","25":"tag-scaf","26":"tag-seme"},"share_on_mastodon":{"url":"https:\/\/pubeurope.com\/@fr\/115122080528134215","error":""},"_links":{"self":[{"href":"https:\/\/www.europesays.com\/fr\/wp-json\/wp\/v2\/posts\/356001","targetHints":{"allow":["GET"]}}],"collection":[{"href":"https:\/\/www.europesays.com\/fr\/wp-json\/wp\/v2\/posts"}],"about":[{"href":"https:\/\/www.europesays.com\/fr\/wp-json\/wp\/v2\/types\/post"}],"author":[{"embeddable":true,"href":"https:\/\/www.europesays.com\/fr\/wp-json\/wp\/v2\/users\/2"}],"replies":[{"embeddable":true,"href":"https:\/\/www.europesays.com\/fr\/wp-json\/wp\/v2\/comments?post=356001"}],"version-history":[{"count":0,"href":"https:\/\/www.europesays.com\/fr\/wp-json\/wp\/v2\/posts\/356001\/revisions"}],"wp:featuredmedia":[{"embeddable":true,"href":"https:\/\/www.europesays.com\/fr\/wp-json\/wp\/v2\/media\/356002"}],"wp:attachment":[{"href":"https:\/\/www.europesays.com\/fr\/wp-json\/wp\/v2\/media?parent=356001"}],"wp:term":[{"taxonomy":"category","embeddable":true,"href":"https:\/\/www.europesays.com\/fr\/wp-json\/wp\/v2\/categories?post=356001"},{"taxonomy":"post_tag","embeddable":true,"href":"https:\/\/www.europesays.com\/fr\/wp-json\/wp\/v2\/tags?post=356001"}],"curies":[{"name":"wp","href":"https:\/\/api.w.org\/{rel}","templated":true}]}}