{"id":356011,"date":"2025-08-31T07:06:11","date_gmt":"2025-08-31T07:06:11","guid":{"rendered":"https:\/\/www.europesays.com\/fr\/356011\/"},"modified":"2025-08-31T07:06:11","modified_gmt":"2025-08-31T07:06:11","slug":"rocher-lacroix-rizzi-doerr-suivez-en-direct-le-deuxieme-jour-des-championnats-de-france-de-petanque-a-millau","status":"publish","type":"post","link":"https:\/\/www.europesays.com\/fr\/356011\/","title":{"rendered":"Rocher, Lacroix, Rizzi, Doerr\u00a0: Suivez en direct le deuxi\u00e8me jour des championnats de France de p\u00e9tanque \u00e0 Millau"},"content":{"rendered":"<p>D\u00e8s 8h, Lacroix et Doerr affrontent Rocher et Rizzi sur le carr\u00e9 d\u2019honneur pour les quarts de finale. Une affiche qui aurait pu \u00eatre la derni\u00e8re de ces championnats qui se d\u00e9roulent depuis samedi dans le parc de la Victoire de Millau.<\/p>\n<p>08h29.C&rsquo;est parti !\u00a0<\/p>\n<p class=\"live-post__amorce\">Depuis une demi-heure, le carr\u00e9 d&rsquo;honneur est plein pour accueillir les quarts de finales du championnat de France de doublettes masculin. <\/p>\n","protected":false},"excerpt":{"rendered":"D\u00e8s 8h, Lacroix et Doerr affrontent Rocher et Rizzi sur le carr\u00e9 d\u2019honneur pour les quarts de finale.&hellip;\n","protected":false},"author":2,"featured_media":356012,"comment_status":"","ping_status":"","sticky":false,"template":"","format":"standard","meta":{"footnotes":""},"categories":[4],"tags":[11,1011,27,12,25],"class_list":{"0":"post-356011","1":"post","2":"type-post","3":"status-publish","4":"format-standard","5":"has-post-thumbnail","7":"category-france","8":"tag-actualites","9":"tag-fr","10":"tag-france","11":"tag-news","12":"tag-republique-francaise"},"share_on_mastodon":{"url":"https:\/\/pubeurope.com\/@fr\/115122115858122914","error":""},"_links":{"self":[{"href":"https:\/\/www.europesays.com\/fr\/wp-json\/wp\/v2\/posts\/356011","targetHints":{"allow":["GET"]}}],"collection":[{"href":"https:\/\/www.europesays.com\/fr\/wp-json\/wp\/v2\/posts"}],"about":[{"href":"https:\/\/www.europesays.com\/fr\/wp-json\/wp\/v2\/types\/post"}],"author":[{"embeddable":true,"href":"https:\/\/www.europesays.com\/fr\/wp-json\/wp\/v2\/users\/2"}],"replies":[{"embeddable":true,"href":"https:\/\/www.europesays.com\/fr\/wp-json\/wp\/v2\/comments?post=356011"}],"version-history":[{"count":0,"href":"https:\/\/www.europesays.com\/fr\/wp-json\/wp\/v2\/posts\/356011\/revisions"}],"wp:featuredmedia":[{"embeddable":true,"href":"https:\/\/www.europesays.com\/fr\/wp-json\/wp\/v2\/media\/356012"}],"wp:attachment":[{"href":"https:\/\/www.europesays.com\/fr\/wp-json\/wp\/v2\/media?parent=356011"}],"wp:term":[{"taxonomy":"category","embeddable":true,"href":"https:\/\/www.europesays.com\/fr\/wp-json\/wp\/v2\/categories?post=356011"},{"taxonomy":"post_tag","embeddable":true,"href":"https:\/\/www.europesays.com\/fr\/wp-json\/wp\/v2\/tags?post=356011"}],"curies":[{"name":"wp","href":"https:\/\/api.w.org\/{rel}","templated":true}]}}