{"id":356013,"date":"2025-08-31T07:08:07","date_gmt":"2025-08-31T07:08:07","guid":{"rendered":"https:\/\/www.europesays.com\/fr\/356013\/"},"modified":"2025-08-31T07:08:07","modified_gmt":"2025-08-31T07:08:07","slug":"mobilisation-reussie-pour-la-journee-nationale-du-sport","status":"publish","type":"post","link":"https:\/\/www.europesays.com\/fr\/356013\/","title":{"rendered":"Mobilisation r\u00e9ussie pour la Journ\u00e9e nationale du sport"},"content":{"rendered":"<p>La population a r\u00e9pondu pr\u00e9sente \u00e0 la 34e \u00e9dition de la Journ\u00e9e nationale du sport (JNS), organis\u00e9e samedi.<\/p>\n<p>\u00c0 Lom\u00e9, la Commune Golfe 1 a accueilli une mobilisation particuli\u00e8re, en pr\u00e9sence de Lidi Bessi-Kama, ministre des Sports.<\/p>\n<p>L\u2019\u00e9v\u00e9nement s\u2019est tenu \u00e0 l\u2019h\u00f4tel Sarakawa, o\u00f9 les participants ont pris part \u00e0 un footing et des exercices de gymnastique collective.<\/p>\n<p>Prenant la parole, la ministre a rappel\u00e9 l\u2019importance de l\u2019activit\u00e9 physique r\u00e9guli\u00e8re pour la sant\u00e9.<\/p>\n<p>Elle a \u00e9galement soulign\u00e9 la dimension sociale du sport, capable de rassembler les citoyens autour de valeurs communes, de renforcer la coh\u00e9sion sociale et de promouvoir le vivre-ensemble.<\/p>\n","protected":false},"excerpt":{"rendered":"La population a r\u00e9pondu pr\u00e9sente \u00e0 la 34e \u00e9dition de la Journ\u00e9e nationale du sport (JNS), organis\u00e9e samedi.&hellip;\n","protected":false},"author":2,"featured_media":356014,"comment_status":"","ping_status":"","sticky":false,"template":"","format":"standard","meta":{"footnotes":""},"categories":[1417],"tags":[1011,27,60,1470,1469],"class_list":{"0":"post-356013","1":"post","2":"type-post","3":"status-publish","4":"format-standard","5":"has-post-thumbnail","7":"category-volley","8":"tag-fr","9":"tag-france","10":"tag-sports","11":"tag-volley","12":"tag-volleyball"},"share_on_mastodon":{"url":"https:\/\/pubeurope.com\/@fr\/115122123785715787","error":""},"_links":{"self":[{"href":"https:\/\/www.europesays.com\/fr\/wp-json\/wp\/v2\/posts\/356013","targetHints":{"allow":["GET"]}}],"collection":[{"href":"https:\/\/www.europesays.com\/fr\/wp-json\/wp\/v2\/posts"}],"about":[{"href":"https:\/\/www.europesays.com\/fr\/wp-json\/wp\/v2\/types\/post"}],"author":[{"embeddable":true,"href":"https:\/\/www.europesays.com\/fr\/wp-json\/wp\/v2\/users\/2"}],"replies":[{"embeddable":true,"href":"https:\/\/www.europesays.com\/fr\/wp-json\/wp\/v2\/comments?post=356013"}],"version-history":[{"count":0,"href":"https:\/\/www.europesays.com\/fr\/wp-json\/wp\/v2\/posts\/356013\/revisions"}],"wp:featuredmedia":[{"embeddable":true,"href":"https:\/\/www.europesays.com\/fr\/wp-json\/wp\/v2\/media\/356014"}],"wp:attachment":[{"href":"https:\/\/www.europesays.com\/fr\/wp-json\/wp\/v2\/media?parent=356013"}],"wp:term":[{"taxonomy":"category","embeddable":true,"href":"https:\/\/www.europesays.com\/fr\/wp-json\/wp\/v2\/categories?post=356013"},{"taxonomy":"post_tag","embeddable":true,"href":"https:\/\/www.europesays.com\/fr\/wp-json\/wp\/v2\/tags?post=356013"}],"curies":[{"name":"wp","href":"https:\/\/api.w.org\/{rel}","templated":true}]}}