{"id":356015,"date":"2025-08-31T07:09:08","date_gmt":"2025-08-31T07:09:08","guid":{"rendered":"https:\/\/www.europesays.com\/fr\/356015\/"},"modified":"2025-08-31T07:09:08","modified_gmt":"2025-08-31T07:09:08","slug":"antoine-dupont-quitte-toulouse-la-folie-a-3me-qui-ne-passe-pas","status":"publish","type":"post","link":"https:\/\/www.europesays.com\/fr\/356015\/","title":{"rendered":"Antoine Dupont quitte Toulouse, la folie \u00e0 3M\u20ac qui ne passe pas\u00a0!"},"content":{"rendered":"<p class=\"heading\">R\u00e9cemment, Antoine Dupont s\u2019est permis une petite folie. Le demi de m\u00eal\u00e9e de 28 ans a quitt\u00e9 Toulouse pour d\u00e9m\u00e9nager en Gironde. Le joueur vedette du Stade toulousain s\u2019est offert une villa luxueuse, estim\u00e9e \u00e0 3M\u20ac. Cependant, la demeure provoquerait la col\u00e8re des citoyens, dont le quotidien a \u00e9t\u00e9 boulevers\u00e9 par l\u2019arriv\u00e9e du capitaine du XV de France.<\/p>\n<p><strong>Antoine Dupont <\/strong>ne sera pas de retour sur un terrain de rugby avant quelques semaines. Gravement bless\u00e9 au genou pendant le <strong>Tournoi des VI Nations<\/strong>, le capitaine du <strong>XV de France<\/strong> ne devrait pouvoir reprendre la comp\u00e9tition qu\u2019aux alentours de fin novembre. Le <strong>Stade toulousain<\/strong> devra donc d\u00e9marrer la saison sans lui. <strong>Ugo Mola<\/strong> devra tr\u00e8s probablement aussi se passer de <strong>Teddy Thomas<\/strong> et <strong>Nelson Ep\u00e9e<\/strong>. <a href=\"https:\/\/le10sport.com\/rugby\/antoine-dupont-le-nouveau-coup-dur-756231\" rel=\"nofollow noopener\" target=\"_blank\">Antoine Dupont<\/a>, de son c\u00f4t\u00e9, pourra profiter de sa convalescence pour jouir de sa nouvelle villa.<\/p>\n<p>                                            Des probl\u00e8mes de voisinage pour Antoine Dupont ?<\/p>\n<p>Comme le rapporte Newsly, <strong>Antoine Dupont<\/strong> a quitt\u00e9 <strong>Toulouse <\/strong>pour s\u2019installer en Gironde. Le joueur vedette du <strong>Stade toulousain<\/strong> s\u2019est offert une luxueuse demeure au Pyla, \u00e0 <strong>La Teste-de-Buch<\/strong>. La r\u00e9sidence de 310 m\u00e8tres carr\u00e9s, install\u00e9e sur un terrain 1 200 m\u00e8tres carr\u00e9s surplombant le bassin d\u2019Arcachon, a co\u00fbt\u00e9 pr\u00e8s de 3M\u20ac au demi de m\u00eal\u00e9e de 28 ans. Cette derni\u00e8re aurait n\u00e9anmoins provoqu\u00e9 la col\u00e8re des citoyens, dont le quotidien aurait \u00e9t\u00e9 boulevers\u00e9 par cette folie.<\/p>\n<p>                                            Le Stade toulousain attend son retour avec impatience<\/p>\n<p>Ces probl\u00e8mes potentiels de voisinage ne devraient toutefois pas emp\u00eacher <strong>Antoine Dupont<\/strong> de profiter de la tranquillit\u00e9 qui lui offre sa nouvelle villa. Alors que l\u2019objectif pour le capitaine du <strong>XV de France<\/strong> reste de revenir au plus vite avec le <strong>Stade toulousain<\/strong>, le demi de m\u00eal\u00e9e va pouvoir b\u00e9n\u00e9ficier des bien-faits de sa demeure de luxe pour d\u00e9connecter et oublier la pression li\u00e9e \u00e0 sa vie professionnelle particuli\u00e8rement rythm\u00e9e. \u00c0 voir s&rsquo;il reviendra ressourc\u00e9 et pr\u00eat \u00e0 entamer sa saison en novembre.<\/p>\n","protected":false},"excerpt":{"rendered":"R\u00e9cemment, Antoine Dupont s\u2019est permis une petite folie. Le demi de m\u00eal\u00e9e de 28 ans a quitt\u00e9 Toulouse&hellip;\n","protected":false},"author":2,"featured_media":356016,"comment_status":"","ping_status":"","sticky":false,"template":"","format":"standard","meta":{"footnotes":""},"categories":[1416],"tags":[1011,27,479,1468,60],"class_list":{"0":"post-356015","1":"post","2":"type-post","3":"status-publish","4":"format-standard","5":"has-post-thumbnail","7":"category-rugby","8":"tag-fr","9":"tag-france","10":"tag-rugby","11":"tag-rugby-football","12":"tag-sports"},"share_on_mastodon":{"url":"https:\/\/pubeurope.com\/@fr\/115122127707076896","error":""},"_links":{"self":[{"href":"https:\/\/www.europesays.com\/fr\/wp-json\/wp\/v2\/posts\/356015","targetHints":{"allow":["GET"]}}],"collection":[{"href":"https:\/\/www.europesays.com\/fr\/wp-json\/wp\/v2\/posts"}],"about":[{"href":"https:\/\/www.europesays.com\/fr\/wp-json\/wp\/v2\/types\/post"}],"author":[{"embeddable":true,"href":"https:\/\/www.europesays.com\/fr\/wp-json\/wp\/v2\/users\/2"}],"replies":[{"embeddable":true,"href":"https:\/\/www.europesays.com\/fr\/wp-json\/wp\/v2\/comments?post=356015"}],"version-history":[{"count":0,"href":"https:\/\/www.europesays.com\/fr\/wp-json\/wp\/v2\/posts\/356015\/revisions"}],"wp:featuredmedia":[{"embeddable":true,"href":"https:\/\/www.europesays.com\/fr\/wp-json\/wp\/v2\/media\/356016"}],"wp:attachment":[{"href":"https:\/\/www.europesays.com\/fr\/wp-json\/wp\/v2\/media?parent=356015"}],"wp:term":[{"taxonomy":"category","embeddable":true,"href":"https:\/\/www.europesays.com\/fr\/wp-json\/wp\/v2\/categories?post=356015"},{"taxonomy":"post_tag","embeddable":true,"href":"https:\/\/www.europesays.com\/fr\/wp-json\/wp\/v2\/tags?post=356015"}],"curies":[{"name":"wp","href":"https:\/\/api.w.org\/{rel}","templated":true}]}}