{"id":356020,"date":"2025-08-31T07:13:10","date_gmt":"2025-08-31T07:13:10","guid":{"rendered":"https:\/\/www.europesays.com\/fr\/356020\/"},"modified":"2025-08-31T07:13:10","modified_gmt":"2025-08-31T07:13:10","slug":"football-n3-ales-confirme-et-beaucaire-ralentit","status":"publish","type":"post","link":"https:\/\/www.europesays.com\/fr\/356020\/","title":{"rendered":"FOOTBALL N3 Al\u00e8s confirme et Beaucaire ralentit"},"content":{"rendered":"<p>Pour le compte de la deuxi\u00e8me journ\u00e9e de National 3, l\u2019OAC s\u2019est impos\u00e9 \u00e0 Lyon La Duch\u00e8re (2-1) pendant que le SBFC \u00e9tait tenu en \u00e9chec par la r\u00e9serve de l\u2019OM (1-1).<\/p>\n<p>C\u2019est \u00e0 Lyon que l\u2019Olympique d\u2019Al\u00e8s en C\u00e9vennes est all\u00e9 confirmer ses tr\u00e8s bonnes dispositions de ce d\u00e9but de saison. Deuxi\u00e8me match et deuxi\u00e8me victoire \u00e0 l\u2019ext\u00e9rieur, apr\u00e8s celle obtenue \u00e0 Marseille, pour l\u2019\u00e9quipe entra\u00een\u00e9e par Jean-Marie Pasqualetti. Le succ\u00e8s c\u00e9venol (2-1), \u00e0 La Duch\u00e8re, s\u2019est construit avec des buts d\u2019Ekra (18\u1d49) et Bouraja (23\u1d49). Cependant, comme l\u2019\u00e9quipe locale, Al\u00e8s a termin\u00e9 la rencontre \u00e0 10 apr\u00e8s l\u2019expulsion de Cabezas (83e).<\/p>\n<p>Vainqueur en ouverture du championnat contre le Cannet Rocheville (1-0), le Stade Beaucairois avait la ferme intention de r\u00e9aliser le passe de deux. Mais les joueurs de Sofian Carletta ont \u00e9t\u00e9 tenus en \u00e9chec par la r\u00e9serve de l\u2019Olympique de Marseille (1-1). Si Beaucaire ouvrait rapidement le score en d\u00e9but de rencontre gr\u00e2ce \u00e0 Tshiakayembe (12e), les Phoc\u00e9ens \u00e9galisaient six minutes plus tard. Malgr\u00e9 cela, comme l\u2019OAC, le SBFC conserve son invincibilit\u00e9 en ce d\u00e9but de championnat.<\/p>\n<p><strong>Les r\u00e9sultats :<\/strong> Cannet-Rocheville \u2013 Carnoux 2-0, Riviera FC \u2013 Fos 0-2, Seyssinet \u2013 OL II 4-1 , Bourgoin \u2013 MHSC II 2-0, Lyon La Duch\u00e8re \u2013 <strong>Al\u00e8s <\/strong>1-2 et <strong>Beaucaire <\/strong>\u2013 OM II 1-1.<\/p>\n<p><strong>Le classement <\/strong>: 1e <strong>Al\u00e8s <\/strong>6 pts, 2e Seyssinet 4 pts, 3e Bourgoin 4 pts ; 4e Fos 4 pts, 5e <strong>Beaucaire <\/strong>4 pts\u2026.14e et dernier MHSC II 0 pt.<\/p>\n<p><strong>Prochaine journ\u00e9e <\/strong>: <strong>Al\u00e8s <\/strong>\u2013 Bourgoin (vendredi 5 septembre \u00e0 19h), Carnoux \u2013 <strong>Beaucaire <\/strong>(samedi 6 septembre \u00e0 17h), MHSC II \u2013 Seyssinet, Fos \u2013 Lucciana, OM II \u2013 Lyon La Duch\u00e8re, Dijon ASPTT \u2013 Cannet-Rocheville et OL II \u2013 Riviera.<\/p>\n<p class=\"MsoNoSpacing\">\u00a0<\/p>\n","protected":false},"excerpt":{"rendered":"Pour le compte de la deuxi\u00e8me journ\u00e9e de National 3, l\u2019OAC s\u2019est impos\u00e9 \u00e0 Lyon La Duch\u00e8re (2-1)&hellip;\n","protected":false},"author":2,"featured_media":356021,"comment_status":"","ping_status":"","sticky":false,"template":"","format":"standard","meta":{"footnotes":""},"categories":[1412],"tags":[1451,1452,1453,1454,1455,1011,27,60],"class_list":{"0":"post-356020","1":"post","2":"type-post","3":"status-publish","4":"format-standard","5":"has-post-thumbnail","7":"category-f1","8":"tag-f1","9":"tag-formula-1","10":"tag-formula1","11":"tag-formule-1","12":"tag-formule1","13":"tag-fr","14":"tag-france","15":"tag-sports"},"share_on_mastodon":{"url":"https:\/\/pubeurope.com\/@fr\/115122143502516220","error":""},"_links":{"self":[{"href":"https:\/\/www.europesays.com\/fr\/wp-json\/wp\/v2\/posts\/356020","targetHints":{"allow":["GET"]}}],"collection":[{"href":"https:\/\/www.europesays.com\/fr\/wp-json\/wp\/v2\/posts"}],"about":[{"href":"https:\/\/www.europesays.com\/fr\/wp-json\/wp\/v2\/types\/post"}],"author":[{"embeddable":true,"href":"https:\/\/www.europesays.com\/fr\/wp-json\/wp\/v2\/users\/2"}],"replies":[{"embeddable":true,"href":"https:\/\/www.europesays.com\/fr\/wp-json\/wp\/v2\/comments?post=356020"}],"version-history":[{"count":0,"href":"https:\/\/www.europesays.com\/fr\/wp-json\/wp\/v2\/posts\/356020\/revisions"}],"wp:featuredmedia":[{"embeddable":true,"href":"https:\/\/www.europesays.com\/fr\/wp-json\/wp\/v2\/media\/356021"}],"wp:attachment":[{"href":"https:\/\/www.europesays.com\/fr\/wp-json\/wp\/v2\/media?parent=356020"}],"wp:term":[{"taxonomy":"category","embeddable":true,"href":"https:\/\/www.europesays.com\/fr\/wp-json\/wp\/v2\/categories?post=356020"},{"taxonomy":"post_tag","embeddable":true,"href":"https:\/\/www.europesays.com\/fr\/wp-json\/wp\/v2\/tags?post=356020"}],"curies":[{"name":"wp","href":"https:\/\/api.w.org\/{rel}","templated":true}]}}