{"id":356022,"date":"2025-08-31T07:14:13","date_gmt":"2025-08-31T07:14:13","guid":{"rendered":"https:\/\/www.europesays.com\/fr\/356022\/"},"modified":"2025-08-31T07:14:13","modified_gmt":"2025-08-31T07:14:13","slug":"direct-vuelta-2025-9eme-etape-alfaro-valdezcaray-lequipe","status":"publish","type":"post","link":"https:\/\/www.europesays.com\/fr\/356022\/","title":{"rendered":"DIRECT. Vuelta 2025, 9\u00e8me \u00e9tape (Alfaro &#8211; Valdezcaray) &#8211; L&#039;\u00c9quipe"},"content":{"rendered":"<ol>\n<li><a href=\"https:\/\/news.google.com\/rss\/articles\/CBMikwFBVV95cUxPeC1hNDZGYWJTT04yRFhMWmhYSnpoNThqRUp0VENuQTVhc1I5ZklKSV9wbDJncmQ5NFlVMGxlSDlhWkR5ODJOcHJud21ZNnVyM3dDa3A1aFNnbE5NUkV6dnBSZ1h6Y3dFTG9CSUZfV3A4dl9BT2pfRXRPRmk2QjBWMXAzUC1iWEhrMEpHNmVwVmNyV2M?oc=5\" target=\"_blank\" rel=\"nofollow noopener\">DIRECT. Vuelta 2025, 9\u00e8me \u00e9tape (Alfaro &#8211; Valdezcaray)<\/a>&nbsp;&nbsp;L&rsquo;\u00c9quipe<\/li>\n<li><a href=\"https:\/\/news.google.com\/rss\/articles\/CBMi2wFBVV95cUxOZi01ekZsSHJFYU1nR3VrQWRwcTRBQ211SHZXRUlFVVBLdzAxNFpmWnFiYlZXWWYtTHluT1p6WkM0Zno4SjlQMDZVcURXeDJtRk9ydVd5SXBPa3dlVTBLdTN5cGxEdGtlZ3hfaEcyNjJ4Z1ROeG03UTk2S1c2eENvR3dXXzJXUGJ1U0JBczhPQ2FVaWxVOW1FaDJCbW1qbkVWcGRqY083eFlDY0RrT0E5MVF2Wjl5TElOVnZmVWwwZDAxVmNvZDlLVXVaRGJ3UHNVazFXbnFmaGJyR1E?oc=5\" target=\"_blank\" rel=\"nofollow noopener\">Vuelta 2025 : parcours, profil et horaires de la 9e \u00e9tape, entre Alfaro et Valdezcaray<\/a>&nbsp;&nbsp;L&rsquo;\u00c9quipe<\/li>\n<li><a href=\"https:\/\/news.google.com\/rss\/articles\/CBMi9gFBVV95cUxQX01ReWhXQkpIM0Y0bG9Hb0Q3XzBMbVlmZlpUbVJVWV91MGdSRkVCZ0tDZmktRkhsaDBISDNuRGdrRjhReFpqYlNpOW9kc0ZLMzFCU3ZSd2tscFlWbWdjSG1YTUtxb1lSZFQyQjhMbEIzU280bTVUeUpJanFnV2xfQW5MWUQtamxDSmJwQWREUFE5M1lkNzdQMW15QUdMNW5TaHNwU1RrVnRXN1Q5VFFwU1VyYmdMZ0UyaU56RnhIb1I1cnYwcmQwZmJoX2pPRzNWcVVkQ1NfVnlRTGN5THp0YXd3cjd3emFqazBBRTJkRDl6anpSbVE?oc=5\" target=\"_blank\" rel=\"nofollow noopener\">Vuelta 2025, \u00e9tape 9: parcours, profil, \u00e9tape\u2026 Tout ce que vous devez savoir sur l&rsquo;\u00e9tape du jour<\/a>&nbsp;&nbsp;RMC Sport<\/li>\n<li><a href=\"https:\/\/news.google.com\/rss\/articles\/CBMirAFBVV95cUxPNEtSNkh5OWxOck53MlVNRVp6RUVqMWVIeHFFQXE1R3BUd3BadWkyeDNyMF9QS0hLOWNfbDdQYktsWXpHbHh0NDZ5TDV2ZURiOHA4UE04bXpiSU9hOTBDTVp1ODJEOG5rNVdmXzRHenRFRXR3djNEZ2JSRFAwMXVDZ1lhbk5CRjgtWU1CWDM5VWVxbGV2Z0ZqVFFQR212YnVnUlVlcExtOU0xX0xx?oc=5\" target=\"_blank\" rel=\"nofollow noopener\">\u00c9tape 8 Tour d&rsquo;Espagne en direct | Monz\u00f3n &#8211; Saragosse<\/a>&nbsp;&nbsp;Eurosport<\/li>\n<li><a href=\"https:\/\/news.google.com\/rss\/articles\/CBMisgFBVV95cUxNbGQ1aW1BVWdFTWRkMEU4QXlYcjlROWRzbHNkWmozNThRQVJEUHRMZUxpY3NaWjlZZ3VHYjdKSkdjUXF2T0tsbVl6a0pSQTQtM2ZValo5Qk9Ud1B4WThFRjBZTG56dkdPUi1sNG9SWHhiVTJnZFp1LWlYQ1lNWFlKdEsteGVpSnFVNlhHeW5RN1QzVWszUnFrT2lmRHI2V0RCRDZ2MHRxS2l2UTFuYjVBRzBB?oc=5\" target=\"_blank\" rel=\"nofollow noopener\">Classement g\u00e9n\u00e9ral et r\u00e9sultats apr\u00e8s la 8e \u00e9tape de la Vuelta 2025<\/a>&nbsp;&nbsp;20 Minutes<\/li>\n<\/ol>\n","protected":false},"excerpt":{"rendered":"DIRECT. Vuelta 2025, 9\u00e8me \u00e9tape (Alfaro &#8211; Valdezcaray)&nbsp;&nbsp;L&rsquo;\u00c9quipe Vuelta 2025 : parcours, profil et horaires de la 9e&hellip;\n","protected":false},"author":2,"featured_media":344900,"comment_status":"","ping_status":"","sticky":false,"template":"","format":"standard","meta":{"footnotes":""},"categories":[1411],"tags":[1154,207,1011,27,60],"class_list":{"0":"post-356022","1":"post","2":"type-post","3":"status-publish","4":"format-standard","5":"has-post-thumbnail","7":"category-cyclisme","8":"tag-cycling","9":"tag-cyclisme","10":"tag-fr","11":"tag-france","12":"tag-sports"},"share_on_mastodon":{"url":"https:\/\/pubeurope.com\/@fr\/115122147346418172","error":""},"_links":{"self":[{"href":"https:\/\/www.europesays.com\/fr\/wp-json\/wp\/v2\/posts\/356022","targetHints":{"allow":["GET"]}}],"collection":[{"href":"https:\/\/www.europesays.com\/fr\/wp-json\/wp\/v2\/posts"}],"about":[{"href":"https:\/\/www.europesays.com\/fr\/wp-json\/wp\/v2\/types\/post"}],"author":[{"embeddable":true,"href":"https:\/\/www.europesays.com\/fr\/wp-json\/wp\/v2\/users\/2"}],"replies":[{"embeddable":true,"href":"https:\/\/www.europesays.com\/fr\/wp-json\/wp\/v2\/comments?post=356022"}],"version-history":[{"count":0,"href":"https:\/\/www.europesays.com\/fr\/wp-json\/wp\/v2\/posts\/356022\/revisions"}],"wp:featuredmedia":[{"embeddable":true,"href":"https:\/\/www.europesays.com\/fr\/wp-json\/wp\/v2\/media\/344900"}],"wp:attachment":[{"href":"https:\/\/www.europesays.com\/fr\/wp-json\/wp\/v2\/media?parent=356022"}],"wp:term":[{"taxonomy":"category","embeddable":true,"href":"https:\/\/www.europesays.com\/fr\/wp-json\/wp\/v2\/categories?post=356022"},{"taxonomy":"post_tag","embeddable":true,"href":"https:\/\/www.europesays.com\/fr\/wp-json\/wp\/v2\/tags?post=356022"}],"curies":[{"name":"wp","href":"https:\/\/api.w.org\/{rel}","templated":true}]}}