{"id":356023,"date":"2025-08-31T07:15:10","date_gmt":"2025-08-31T07:15:10","guid":{"rendered":"https:\/\/www.europesays.com\/fr\/356023\/"},"modified":"2025-08-31T07:15:10","modified_gmt":"2025-08-31T07:15:10","slug":"psg-la-presse-anglaise-annonce-un-transfert-a-30me","status":"publish","type":"post","link":"https:\/\/www.europesays.com\/fr\/356023\/","title":{"rendered":"PSG\u00a0: La presse anglaise annonce un transfert \u00e0 30M\u20ac\u00a0!"},"content":{"rendered":"<p class=\"heading\">Alors que le mercato ferme tr\u00e8s bient\u00f4t ses portes, le PSG doit encore r\u00e9gler le cas Gianluigi Donnnarumma. Les Rouge-et-Bleu poussent le portier italien vers la sortie depuis l\u2019arriv\u00e9e de Lucas Chevalier. Le gardien de but de 26 ans, qui semble prendre la direction de Manchester City, devrait bien \u00eatre vendu avant la fin de l\u2019\u00e9t\u00e9.<\/p>\n<p>Le <strong>PSG<\/strong> n\u2019a plus beaucoup de temps pour finaliser le d\u00e9part de <a href=\"https:\/\/le10sport.com\/football\/mercato\/mercato-psg-nouveau-coup-de-tonnerre-pour-donnarumma-756158\" rel=\"nofollow noopener\" target=\"_blank\">Gianluigi Donnarumma<\/a>. Le mercato ferme ses portes ce lundi soir, et pour le moment, le portier italien est toujours chez les Rouge-et-Bleu. Pouss\u00e9 vers la sortie apr\u00e8s l\u2019arriv\u00e9e de <strong>Lucas Chevalier<\/strong>, le gardien de but de 26 ans s\u2019\u00e9tait consid\u00e9rablement rapproch\u00e9 de <strong>Manchester City<\/strong> ces derni\u00e8res semaines.<\/p>\n<p>                                            Accord trouv\u00e9 entre Donnarumma et Manchester City !<\/p>\n<p>Certaines sources ont m\u00eame \u00e9voqu\u00e9 un accord entre <strong>Gianluigi Donnarumma<\/strong> et les Sky Blues. Seulement, le club mancunien souhaiterait d\u2019abord se s\u00e9parer d\u2019<strong>Ederson<\/strong> avant d\u2019enr\u00f4ler le champion d\u2019Europe. Les pensionnaires de la <strong>Premier League <\/strong>devront \u00e9galement trouver un terrain d\u2019entente avec le <strong>PSG<\/strong> autour des modalit\u00e9s du transfert.<\/p>\n<p>                                            Le PSG veut le vendre avant la fermeture du mercato<\/p>\n<p>Mais pour cela, <strong>Manchester City<\/strong> toucherait au but. D\u2019apr\u00e8s les informations de Caught Offside, le <strong>PSG<\/strong> attendrait une offre aux alentours de 30M\u20ac pour <strong>Gianluigi Donnarumma<\/strong>. Les Cityzens n\u2019auraient aucun mal \u00e0 d\u00e9bourser un tel montant pour la star parisienne. Si le dossier commence \u00e0 devenir urgent, le m\u00e9dia britannique affirme que l\u2019Italien devrait bien finir par \u00eatre vendu avant la fin de l\u2019\u00e9t\u00e9. \u00c0 suivre&#8230;<\/p>\n","protected":false},"excerpt":{"rendered":"Alors que le mercato ferme tr\u00e8s bient\u00f4t ses portes, le PSG doit encore r\u00e9gler le cas Gianluigi Donnnarumma.&hellip;\n","protected":false},"author":2,"featured_media":356024,"comment_status":"","ping_status":"","sticky":false,"template":"","format":"standard","meta":{"footnotes":""},"categories":[1410],"tags":[63,1011,27,60],"class_list":{"0":"post-356023","1":"post","2":"type-post","3":"status-publish","4":"format-standard","5":"has-post-thumbnail","7":"category-football","8":"tag-football","9":"tag-fr","10":"tag-france","11":"tag-sports"},"share_on_mastodon":{"url":"https:\/\/pubeurope.com\/@fr\/115122151401619621","error":""},"_links":{"self":[{"href":"https:\/\/www.europesays.com\/fr\/wp-json\/wp\/v2\/posts\/356023","targetHints":{"allow":["GET"]}}],"collection":[{"href":"https:\/\/www.europesays.com\/fr\/wp-json\/wp\/v2\/posts"}],"about":[{"href":"https:\/\/www.europesays.com\/fr\/wp-json\/wp\/v2\/types\/post"}],"author":[{"embeddable":true,"href":"https:\/\/www.europesays.com\/fr\/wp-json\/wp\/v2\/users\/2"}],"replies":[{"embeddable":true,"href":"https:\/\/www.europesays.com\/fr\/wp-json\/wp\/v2\/comments?post=356023"}],"version-history":[{"count":0,"href":"https:\/\/www.europesays.com\/fr\/wp-json\/wp\/v2\/posts\/356023\/revisions"}],"wp:featuredmedia":[{"embeddable":true,"href":"https:\/\/www.europesays.com\/fr\/wp-json\/wp\/v2\/media\/356024"}],"wp:attachment":[{"href":"https:\/\/www.europesays.com\/fr\/wp-json\/wp\/v2\/media?parent=356023"}],"wp:term":[{"taxonomy":"category","embeddable":true,"href":"https:\/\/www.europesays.com\/fr\/wp-json\/wp\/v2\/categories?post=356023"},{"taxonomy":"post_tag","embeddable":true,"href":"https:\/\/www.europesays.com\/fr\/wp-json\/wp\/v2\/tags?post=356023"}],"curies":[{"name":"wp","href":"https:\/\/api.w.org\/{rel}","templated":true}]}}