{"id":356025,"date":"2025-08-31T07:16:11","date_gmt":"2025-08-31T07:16:11","guid":{"rendered":"https:\/\/www.europesays.com\/fr\/356025\/"},"modified":"2025-08-31T07:16:11","modified_gmt":"2025-08-31T07:16:11","slug":"je-suis-totalement-conquis-par-cette-adaptation-senthousiasme-olivier-norek","status":"publish","type":"post","link":"https:\/\/www.europesays.com\/fr\/356025\/","title":{"rendered":"\u00ab\u00a0Je suis totalement conquis par cette adaptation\u00a0\u00bb s&rsquo;enthousiasme Olivier Norek"},"content":{"rendered":"<p class=\"article__intro\">C&rsquo;est la s\u00e9rie \u00e9v\u00e8nement de la rentr\u00e9e \u00e0 la t\u00e9l\u00e9vision. \u00c0 partir du 1er septembre, France 2 diffuse six \u00e9pisodes de \u00ab\u00a0Surface\u00a0\u00bb, d&rsquo;apr\u00e8s le livre d&rsquo;Olivier Norek. L&rsquo;auteur, aveyronnais de c\u0153ur, revient sur la gen\u00e8se de ce polar avec le th\u00e8me de la r\u00e9silience en toile de fond et son adaptation \u00e0 la t\u00e9l\u00e9vision. Il a ador\u00e9.<\/p>\n<p>\n      L\u2019actu des r\u00e9gions\n    <\/p>\n<p>\n      Chaque jour, un tour d\u2019horizon des principales infos de toutes les r\u00e9gions.\n    <\/p>\n<p>    France T\u00e9l\u00e9visions utilise votre adresse e-mail afin de vous envoyer la newsletter \u00ab\u00a0L\u2019actu des r\u00e9gions\u00a0\u00bb. Vous pouvez vous d\u00e9sinscrire \u00e0 tout moment via le lien en bas de cette newsletter. <a target=\"_blank\" href=\"https:\/\/www.francetelevisions.fr\/groupe\/confidentialite\/politique-de-confidentialite\/politique-de-confidentialite-de-france-televisions-6503\" rel=\"nofollow noopener\">Notre politique de confidentialit\u00e9<\/a><\/p>\n<p>\u00ab\u00a0Lorsqu&rsquo;elle se fit enfin face, elle ne reconnut rien. Personne.\u00a0\u00bb (Extrait de Surface d&rsquo;Olivier Norek, \u00e9ditions Michel Lafon). La capitaine de police No\u00e9mie Chastain, brillante enqu\u00eatrice de la PJ parisienne, voit sa vie basculer lors d\u2019une intervention qui tourne mal. Une balle re\u00e7ue en plein visage la d\u00e9figure \u00e0 jamais.<\/p>\n<p>Sa hi\u00e9rarchie la met au placard, ses blessures physiques et psychologiques d\u00e9rangent, en l&rsquo;envoyant dans l&rsquo;Aveyron, dans un village sans histoire. Une mission sans \u00e9clat, observer un commissariat bien peu d\u00e9bord\u00e9 dans le but de le fermer.<\/p>\n<blockquote class=\"ftvi_content_quote\">\n<p class=\"ftvi_citation_quote\">Lorsqu&rsquo;elle se fit enfin face, elle ne reconnut rien. Personne.<\/p>\n<p>Extrait de Surface d&rsquo;Olivier Norek, \u00e9ditions Michel Lafon<\/p>\n<\/blockquote>\n<p>Elle peine \u00e0 trouver sa place face \u00e0 des habitants m\u00e9fiants. Pourtant, tout va changer brutalement quand, \u00e0 l\u2019occasion de la vidange d\u2019un lac artificiel, un f\u00fbt contenant des ossements humains refait surface. L\u2019affaire remonte \u00e0 plusieurs ann\u00e9es : la disparition myst\u00e9rieuse d\u2019un enfant du village, jamais \u00e9lucid\u00e9e. No\u00e9mie va mener l\u2019enqu\u00eate, se heurtant aux silences et secrets des habitants. Parall\u00e8lement, elle va entamer sa propre reconstruction&#8230;<\/p>\n<p>Sorti en 2019 (500 000 exemplaires vendus et r\u00e9\u00e9dit\u00e9 \u00e0 l&rsquo;occasion), Surface est le premier livre d&rsquo;Olivier Norek adapt\u00e9 \u00e0 la t\u00e9l\u00e9vision. La s\u00e9rie \u00e9v\u00e8nement de la rentr\u00e9e est <a href=\"https:\/\/www.france.tv\/france-2\/surface\/\" target=\"_blank\" data-tooltip-url=\"https:\/\/www.france.tv\/france-2\/surface\/\" rel=\"noopener nofollow\">d\u00e9j\u00e0 disponible sur France.tv <\/a>et sera diffus\u00e9e sur France 2 \u00e0 partir du lundi 1er septembre \u00e0 21h10 (deux \u00e9pisodes chaque lundi jusqu&rsquo;au 15 septembre).<\/p>\n<blockquote class=\"ftvi_content_quote\">\n<p class=\"ftvi_citation_quote\">Une h\u00e9ro\u00efne singuli\u00e8re, une solide et passionnante intrigue polici\u00e8re, de la puissance \u00e9motionnelle.<\/p>\n<p>Iris Bucher et Roman Turlure, les producteurs pour France T\u00e9l\u00e9visions<\/p>\n<\/blockquote>\n<p>\u00ab\u00a0Le best-seller\u00a0Surface\u00a0d\u2019Olivier Norek avait tout pour s\u00e9duire un producteur de s\u00e9ries : une h\u00e9ro\u00efne singuli\u00e8re, une solide et passionnante intrigue polici\u00e8re, de la puissance \u00e9motionnelle,\u00a0\u00bb assurent iris Bucher et Roman Turlure, les producteurs pour France T\u00e9l\u00e9visions.<\/p>\n<\/p>\n<p>Laura Smet joue No\u00e9mie, sombre et teigneuse, \u00e0 la moiti\u00e9 du visage ravag\u00e9e. Pas besoin de forcer le trait : \u00ab\u00a0la faille est apparente\u00a0\u00bb, soulignait l&rsquo;actrice lors d&rsquo;une conf\u00e9rence de presse en juin. Elle est entour\u00e9e notamment de Th\u00e9o Costa-Marini dans le r\u00f4le du coll\u00e8gue bouscul\u00e9 par son arriv\u00e9e, et de Tomer Sisley dans celui du plongeur de la brigade fluviale, obstin\u00e9 et sensible.<\/p>\n<p>Les co-sc\u00e9naristes Marie Deshaires et Catherine Touzet ont d\u00fb op\u00e9rer des choix radicaux pour faire tenir l&rsquo;intrigue en six fois 52 minutes, et captiver le t\u00e9l\u00e9spectateur. La s\u00e9rie a \u00e9t\u00e9 tourn\u00e9e dans une piscine g\u00e9ante \u00e0 Bruxelles et entre les d\u00e9partements du Tarn et de l&rsquo;H\u00e9rault.<\/p>\n<p><strong>C\u2019est votre premier livre qui est port\u00e9 \u00e0 l&rsquo;\u00e9cran. Quelle est votre r\u00e9action ?\u00a0<\/strong><\/p>\n<p>\u00c7a s&rsquo;est fait en plusieurs parties. D&rsquo;abord, on a les rushs, on voit \u00e0 peu pr\u00e8s ce que va \u00eatre la s\u00e9rie, donc on a beaucoup d&rsquo;espoir. Le casting est formidable. La r\u00e9alisation : j&rsquo;ai l&rsquo;impression que c&rsquo;est vraiment du cin\u00e9ma \u00e0 la t\u00e9l\u00e9vision. Les images sont magnifiques. Et puis apr\u00e8s, j&rsquo;ai regard\u00e9 les six premiers \u00e9pisodes en une seule fois. C&rsquo;est le moment o\u00f9 l&rsquo;auteur regarde les libert\u00e9s qui ont \u00e9t\u00e9 prises avec son roman. Et puis on voit que \u00e7a marche.<\/p>\n<p>Ensuite, on regarde encore une fois les six \u00e9pisodes pour \u00eatre s\u00fbr et certain que tout est bien. J\u2019&rsquo;ai profit\u00e9 d&rsquo;un passage dans l&rsquo;Aveyron o\u00f9 je suis venu voir mes parents. On a regard\u00e9 les six \u00e9pisodes ensemble sur le streaming de France T\u00e9l\u00e9visions. Et l\u00e0, c&rsquo;est la validation de la famille.<\/p>\n<blockquote class=\"ftvi_content_quote\">\n<p class=\"ftvi_citation_quote\">Si on avait voulu faire le livre en entier avec exactement tout ce qui se passe, il aurait fallu entre douze et quinze \u00e9pisodes. Donc \u00e9videmment, il doit y avoir des raccourcis, il doit y avoir des changements.<\/p>\n<\/blockquote>\n<p>Maintenant, j&rsquo;attends avec impatience la diffusion \u00e0 la t\u00e9l\u00e9vision \u00e0 partir du 1er septembre. Mais d\u00e9j\u00e0, je suis totalement conquis par cette adaptation. J&rsquo;ai re\u00e7u pr\u00e8s de mille messages sur les r\u00e9seaux sociaux qui disent que oui, effectivement, parfois, des libert\u00e9s ont \u00e9t\u00e9 prises, mais c&rsquo;est pour le mieux parce que \u00e7a s&rsquo;int\u00e8gre parfaitement dans la narration en six \u00e9pisodes. Si on avait voulu faire le livre en entier avec exactement tout ce qui se passe, il aurait fallu entre douze et quinze \u00e9pisodes. Donc \u00e9videmment, il doit y avoir des raccourcis, il doit y avoir des changements. Mais l\u00e0 visiblement, tout le monde est content et moi le premier.<\/p>\n<p><strong>Est-ce que vous vous sentez un peu d\u00e9poss\u00e9d\u00e9 de votre \u0153uvre ?<\/strong><\/p>\n<p>Pas du tout. C&rsquo;est comme le concept de l&rsquo;h\u00e9ritage \u00e0 un moment donn\u00e9. C&rsquo;est une d\u00e9cision qu&rsquo;on prend. Je ne me sens pas d\u00e9poss\u00e9d\u00e9 parce que j&rsquo;ai \u00e9t\u00e9 contact\u00e9 \u00e0 toutes les \u00e9tapes de la cr\u00e9ation. Cette histoire ne m&rsquo;appartient pas. C&rsquo;est une histoire que j&rsquo;ai invent\u00e9e et de toute fa\u00e7on et j&rsquo;en suis d\u00e9j\u00e0 d\u00e9poss\u00e9d\u00e9 d\u00e8s le moment o\u00f9 le roman arrive dans les librairies.<\/p>\n<p>J&rsquo;ai beau \u00e9crire ce roman avec mes images, mes ambiances et mes musiques et bien chaque lecteur et chaque lectrice devient son propre r\u00e9alisateur. Chaque lecteur et chaque lectrice se fait une id\u00e9e des personnages, du lieu, avec sa propre banque d&rsquo;images personnelles. C&rsquo;est-\u00e0-dire que vous et moi, on a beau partager les m\u00eames livres dans notre biblioth\u00e8que, ce sont des livres diff\u00e9rents parce que le lecteur est oblig\u00e9 de devenir r\u00e9alisateur quand il lit, qu&rsquo;il est oblig\u00e9 d&rsquo;inventer des images.<\/p>\n<p><a data-article-figure=\"\" href=\"https:\/\/france3-regions.franceinfo.fr\/image\/5BlSQTiPuUN2kqqcDeC2eU885n4\/7008x4672\/regions\/2025\/08\/25\/olivier-norek-2024-c-delphine-blast-2-68ac8470c6b27128689247.jpg\" data-pswp-width=\"7008\" data-pswp-height=\"4672\" target=\"_blank\" rel=\"nofollow noopener\"><\/p>\n<p>          <img width=\"600\" height=\"400\" class=\"article-image lazy\" data-src=\"https:\/\/www.europesays.com\/fr\/wp-content\/uploads\/2025\/08\/olivier-norek-2024-c-delphine-blast-2-68ac8470c6b27128689247.jpg\" alt=\"Olivier Norek a publi\u00e9 &quot;Surface&quot; en 2019.\" fetchpriority=\"high\" as=\"image\"\/><\/p>\n<p>\n            Olivier Norek a publi\u00e9 \u00ab\u00a0Surface\u00a0\u00bb en 2019.<br \/>\n                           \u2022<br \/>\n                                      \u00a9 Delphine Blast \/ www.delphineblast.com\n                      <\/p>\n<p><\/a><\/p>\n<p><strong>Sliman-Baptiste Berhoun, qui est le r\u00e9alisateur, explique : \u00ab\u00a0Porter Surface \u00e0 l&rsquo;\u00e9cran repr\u00e9sentait une trahison obligatoire, mais assum\u00e9e\u00a0\u00bb. C&rsquo;est un petit peu ce que vous dites : faire des choix obligatoires et ne pas pouvoir raconter tout le livre ?<\/strong><\/p>\n<p>Tout \u00e0 fait. C\u2019est une mani\u00e8re de c\u00e9l\u00e9brer une histoire qui a plu et d&rsquo;en donner diff\u00e9rentes versions. Donc ce n\u2019est pas une trahison, c&rsquo;est une autre version. Ce n\u2019est pas une trahison, c&rsquo;est la vision de Baptiste Sliman-Berhoun. C&rsquo;est comme si un lecteur me disait : \u00ab\u00a0Moi, cette h\u00e9ro\u00efne, No\u00e9mie Chastain, je ne la voyais pas rousse, je la voyais brune\u00a0\u00bb. Ce n\u2019est pas une trahison pour moi, c&rsquo;est l&rsquo;adaptation de chacun des lecteurs et des lectrices. En fait, on rebondit sur ce vieux dicton qui dit : Une adaptation, c&rsquo;est une trahison. C&rsquo;est une trahison quand c&rsquo;est tr\u00e8s mal fait. L\u00e0, pour le coup, ce n\u2019est pas une trahison.<\/p>\n<blockquote class=\"ftvi_content_quote\">\n<p class=\"ftvi_citation_quote\">Il faut proposer deux spectacles diff\u00e9rents. Le spectacle de la litt\u00e9rature est beaucoup plus en introspection. On est vraiment \u00e0 l&rsquo;int\u00e9rieur des personnages. Le spectacle de la t\u00e9l\u00e9vision ou du cin\u00e9ma, lui, est en images.<\/p>\n<p>Olivier Norek, auteur du livre \u00ab\u00a0Surface\u00a0\u00bb<\/p>\n<\/blockquote>\n<p><strong>Vous avez d\u00e9j\u00e0 \u00e9t\u00e9 sc\u00e9nariste, notamment sur Engrenages. Auriez-vous pu \u00e9crire vous-m\u00eame cette adaptation?<\/strong><\/p>\n<p>Tout \u00e0 fait, \u00e9videmment, mais je n&rsquo;aurais \u00e9t\u00e9 capable que de donner l&rsquo;exacte m\u00eame version du roman. Est-ce que c&rsquo;est ce qu&rsquo;on cherche quand on va voir un film qui vient d&rsquo;un bouquin ou quand on va voir une s\u00e9rie qui vient d&rsquo;un bouquin ? Moi, je pense qu&rsquo;il faut proposer deux spectacles diff\u00e9rents. Le spectacle de la litt\u00e9rature est beaucoup plus en introspection. On est vraiment \u00e0 l&rsquo;int\u00e9rieur des personnages. Le spectacle de la t\u00e9l\u00e9vision ou du cin\u00e9ma, lui, est en images.<\/p>\n<p><strong>Surface est votre premier ouvrage port\u00e9 \u00e0 l&rsquo;\u00e9cran, mais il va y en avoir d&rsquo;autres &#8230;<\/strong><\/p>\n<p>Oui, \u00ab\u00a0Dans les brumes de Capelan\u00a0\u00bb est d\u00e9j\u00e0 bien lanc\u00e9 avec Alexandre de La Patelli\u00e8re et Matthieu Delaporte, qui sont quand m\u00eame les deux sc\u00e9naristes et r\u00e9alisateurs du Comte de Monte-Cristo, donc ce n&rsquo;est pas rien. Le tournage va commencer en janvier.<\/p>\n<p>Puis le producteur du Comte de Monte-Cristo a obtenu les droits de mon dernier livre \u00ab\u00a0Les Guerriers de l&rsquo;hiver\u00a0\u00bb. C&rsquo;est une production qui, d&rsquo;apr\u00e8s Dimitri Rassam, serait \u00e9quivalente au double du Comte de Monte-Cristo. Donc, vous imaginez bien que, quand un producteur d\u00e9cide de faire un film comme \u00e7a, c&rsquo;est sa bo\u00eete de production en entier qu&rsquo;il met en danger. Je lui en suis tr\u00e8s reconnaissant parce qu&rsquo;il faut \u00e9norm\u00e9ment de courage pour se lancer dans des choses aussi grandes. Mais aujourd&rsquo;hui, Dimitri Rassam est un des seuls \u00e0 \u00eatre capable de faire un film pareil avec une production aussi gigantesque. J&rsquo;ai toute confiance.<\/p>\n<p><strong>Pour en revenir au livre \u00ab\u00a0Surface\u00a0\u00bb, c&rsquo;est une histoire imagin\u00e9e en hommage \u00e0 une coll\u00e8gue bless\u00e9e en intervention ?<\/strong><\/p>\n<p>Oui, un jour, une amie, une coll\u00e8gue polici\u00e8re est tomb\u00e9e dans un guet-apens en plein milieu d&rsquo;une cit\u00e9. Ils \u00e9taient une poign\u00e9e de policiers en face d&rsquo;une soixantaine de gamins de cit\u00e9 et ils se sont fait accueillir avec des battes de baseball et barres de fer. Elle a \u00e9t\u00e9 lourdement bless\u00e9e. Elle a cru qu&rsquo;elle y restait et son visage a \u00e9t\u00e9 ab\u00eem\u00e9, d\u00e9figur\u00e9, c&rsquo;est le mot. C&rsquo;est toujours dur d&rsquo;utiliser ce mot quand je pense \u00e0 elle.<\/p>\n<p>Tout le monde autour d&rsquo;elle, ses amis comme sa famille, se disait : Mais mon Dieu, elle ne remontera jamais \u00e0 la surface. Et pourtant, moi, j&rsquo;ai assist\u00e9 \u00e0 son courage et \u00e0 sa d\u00e9termination. \u00c0 peine, disons, r\u00e9par\u00e9e, elle a \u00e9t\u00e9 int\u00e9gr\u00e9e dans un autre service qui est le service de la canine. Pourquoi ? Parce que les chiens ne jugent pas, les chiens ne regardent pas, les chiens, ils aiment.<\/p>\n<p>L\u00e0, elle a pu se reconstruire. Et puis apr\u00e8s, elle a int\u00e9gr\u00e9 un service de crime, qui est, disons-le clairement, un des services d&rsquo;\u00e9lite de la police judiciaire. En \u00e0 peine trois ans. J&rsquo;\u00e9tais tellement intimid\u00e9, \u00e9berlu\u00e9, stup\u00e9fait de sa force que je me suis dit : Mais un jour, si je pouvais cr\u00e9er un personnage aussi fort qu&rsquo;elle, ce serait fabuleux.<\/p>\n<p>Et puis un jour, j&rsquo;\u00e9tais dans l&rsquo;Aveyron en balade au barrage de Sarrans avec mes parents. Et je me retrouve comme \u00e7a devant ce village anciennement englouti dont on voyait encore les ruines et parfois les routes. On avait donc la possibilit\u00e9 de marcher dans ce village parce que le lac avait \u00e9t\u00e9 vid\u00e9 avec ce sentiment, comme \u00e7a, de marcher dans le pass\u00e9. On voit les gens sortir et rentrer des maisons comme si c&rsquo;\u00e9tait des fant\u00f4mes. On les imagine, on imagine la vie \u00e0 l&rsquo;int\u00e9rieur.<\/p>\n<p>Je me suis dit : Tiens, \u00e7a pourrait \u00eatre int\u00e9ressant d&rsquo;\u00e9crire un bouquin avec un lac qui enferme un village sous l&rsquo;eau et parall\u00e8lement, un village jumeau qui a \u00e9t\u00e9 construit \u00e0 c\u00f4t\u00e9. Et je me suis dit : mais il faudrait que j&rsquo;aie un personnage qui lui aussi, ou elle aussi, ait quelque chose en dessous de la surface et au-dessus de la surface. Et c&rsquo;est l\u00e0 que ma coll\u00e8gue est revenue \u00e0 mon esprit et j&rsquo;ai m\u00e9lang\u00e9 les deux.<\/p>\n<p>Et puis je me suis dit : Mais ce serait tellement formidable que de l&rsquo;\u00e9crire \u00e0 Decazeville. Ce serait tellement formidable de pouvoir aussi faire une r\u00e9v\u00e9rence \u00e0 ce d\u00e9partement qui n&rsquo;est pas mon d\u00e9partement de naissance, mais qui est mon d\u00e9partement de c\u0153ur, l\u2019Aveyron.<\/p>\n<p>C&rsquo;\u00e9tait l&rsquo;occasion de faire une enqu\u00eate de police sous des millions de litres d&rsquo;eau, c&rsquo;\u00e9tait quelque chose qui n&rsquo;avait pas \u00e9t\u00e9 \u00e9crit. Et donc, voil\u00e0 que nos policiers font des perquisitions sous l&rsquo;eau, des recherches de traces et indices sous l&rsquo;eau. En fait, ils enqu\u00eatent comme dans une enqu\u00eate normale, mais sous trente m\u00e8tres d&rsquo;eau.<\/p>\n<p><a data-article-figure=\"\" href=\"https:\/\/france3-regions.franceinfo.fr\/image\/6sDtqz7TU8cUsou3Wg2Wwe_-x3o\/600x950\/regions\/2025\/08\/27\/surface-tie-in-68aedcc874672771809237.jpg\" data-pswp-width=\"600\" data-pswp-height=\"950\" target=\"_blank\" rel=\"nofollow noopener\"><\/p>\n<p>          <img width=\"600\" height=\"400\" class=\"article-image lazy\" data-src=\"https:\/\/www.europesays.com\/fr\/wp-content\/uploads\/2025\/08\/surface-tie-in-68aedcc874672771809237.jpg\" alt=\"Couverture de la nouvelle \u00e9dition de &quot;Surface&quot; d'Olivier Norek. Editions Michel lafon\" fetchpriority=\"high\" as=\"image\"\/><\/p>\n<p>\n            Couverture de la nouvelle \u00e9dition de \u00ab\u00a0Surface\u00a0\u00bb d&rsquo;Olivier Norek. Editions Michel lafon<br \/>\n                           \u2022<br \/>\n                                      \u00a9 Editions Michel Lafon\n                      <\/p>\n<p><\/a><\/p>\n<p><strong>Surface est un polar, mais c&rsquo;est aussi peut-\u00eatre et surtout un r\u00e9cit sur la r\u00e9silience ?<\/strong><\/p>\n<p>Oui, tout \u00e0 fait. Mes polars ont toujours \u00e9t\u00e9 des alibis. Oui, c&rsquo;est \u00e9videmment l&rsquo;histoire de la recherche sur un cold case. Mais le cold case, c&rsquo;est quoi ? C&rsquo;est une enqu\u00eate sur laquelle on n&rsquo;a pas de trace, pas d&rsquo;indices. Donc, il faut aller dans la m\u00e9moire des gens.<\/p>\n<p>Et ce qui est formidable, c&rsquo;est que mon personnage principal, No\u00e9mie, elle est d\u00e9figur\u00e9e. Donc elle, la seule chose qu&rsquo;elle veut, c&rsquo;est se cacher, cacher son visage. Et pourtant, l&rsquo;enqu\u00eate va la forcer \u00e0 aller vers les gens. Elle comprend rapidement que pour r\u00e9soudre cette enqu\u00eate, il va falloir qu&rsquo;elle s&rsquo;accepte, qu&rsquo;elle se r\u00e9pare et qu&rsquo;elle se reconstruise. Donc en fait, l&rsquo;intime, le personnel est m\u00e9lang\u00e9 \u00e0 l&rsquo;enqu\u00eate polici\u00e8re.<\/p>\n<p><strong>Olivier Norek, sur quoi travaillez-vous actuellement ?<\/strong><\/p>\n<p>Alors actuellement, je suis toujours dans la promotion des Guerriers de l&rsquo;hiver. Je vais commencer la promotion internationale. Je pars en Finlande le 3 septembre.\u00a0Je vais retrouver l\u00e0-bas les descendants de mon personnage principal, les derniers combattants de la guerre d&rsquo;Hiver. Alors, vous imaginez, Ils sont tous centenaires. Je vais avoir cette chance-l\u00e0 de poursuivre cette aventure, mais cette fois-ci dans le pays d&rsquo;o\u00f9 vient l&rsquo;histoire.<\/p>\n<blockquote class=\"ftvi_content_quote\">\n<p class=\"ftvi_citation_quote\">Je marche dans la campagne et j&rsquo;essaie de trouver ce que pourrait \u00eatre mon avenir artistique et litt\u00e9raire.<\/p>\n<\/blockquote>\n<p><strong\/><strong>J&rsquo;imagine, avec tout ce programme, vous n&rsquo;avez pas trop le temps pour l&rsquo;instant d&rsquo;\u00e9crire votre prochain livre ?<\/strong><\/p>\n<p>Voil\u00e0, c&rsquo;est exactement \u00e7a. Vous avez mis le doigt sur ce qui me hante jour et nuit, c&rsquo;est r\u00e9ussir \u00e0 trouver une demi-heure, une heure pour essayer de r\u00e9fl\u00e9chir \u00e0 ce que je vais pouvoir \u00e9crire apr\u00e8s.<\/p>\n<p>Mais c&rsquo;est vrai que, quand on vient de terminer un livre aussi gigantesque que Les Guerriers de l\u2019hiver, je ne parle pas de mon livre, ni de ma qualit\u00e9 d&rsquo;\u00e9criture, ni rien, je parle de cette histoire que j&rsquo;ai eu la chance de d\u00e9couvrir. Quand on a la chance d&rsquo;avoir entre ses mains une histoire aussi grande, les histoires d&rsquo;apr\u00e8s deviennent un peu fades et donc j&rsquo;essaye de retomber amoureux d&rsquo;une histoire aussi grande.<\/p>\n<p>Et c&rsquo;est vrai que pour l&rsquo;instant, le polar ne me s\u00e9duit pas assez. J\u2019imagine que \u00e7a doit arriver \u00e0 tous les auteurs et \u00e0 toutes les autrices. \u00c0 un moment donn\u00e9, on est un peu flottant, on ne sait pas trop vers quoi on va se tourner. Donc, quand je suis dans ces moments-l\u00e0 de doute et de perplexit\u00e9, je monte dans le train Gare d&rsquo;Austerlitz et en sept heures, je suis dans l\u2019Aveyron, je passe du temps avec mes parents, je marche dans la campagne et j&rsquo;essaie de trouver ce que pourrait \u00eatre mon avenir artistique et litt\u00e9raire.<\/p>\n","protected":false},"excerpt":{"rendered":"C&rsquo;est la s\u00e9rie \u00e9v\u00e8nement de la rentr\u00e9e \u00e0 la t\u00e9l\u00e9vision. \u00c0 partir du 1er septembre, France 2 diffuse&hellip;\n","protected":false},"author":2,"featured_media":356026,"comment_status":"","ping_status":"","sticky":false,"template":"","format":"standard","meta":{"footnotes":""},"categories":[1359],"tags":[58,59,1011,27,973],"class_list":{"0":"post-356025","1":"post","2":"type-post","3":"status-publish","4":"format-standard","5":"has-post-thumbnail","7":"category-people","8":"tag-divertissement","9":"tag-entertainment","10":"tag-fr","11":"tag-france","12":"tag-people"},"share_on_mastodon":{"url":"https:\/\/pubeurope.com\/@fr\/115122155254553596","error":""},"_links":{"self":[{"href":"https:\/\/www.europesays.com\/fr\/wp-json\/wp\/v2\/posts\/356025","targetHints":{"allow":["GET"]}}],"collection":[{"href":"https:\/\/www.europesays.com\/fr\/wp-json\/wp\/v2\/posts"}],"about":[{"href":"https:\/\/www.europesays.com\/fr\/wp-json\/wp\/v2\/types\/post"}],"author":[{"embeddable":true,"href":"https:\/\/www.europesays.com\/fr\/wp-json\/wp\/v2\/users\/2"}],"replies":[{"embeddable":true,"href":"https:\/\/www.europesays.com\/fr\/wp-json\/wp\/v2\/comments?post=356025"}],"version-history":[{"count":0,"href":"https:\/\/www.europesays.com\/fr\/wp-json\/wp\/v2\/posts\/356025\/revisions"}],"wp:featuredmedia":[{"embeddable":true,"href":"https:\/\/www.europesays.com\/fr\/wp-json\/wp\/v2\/media\/356026"}],"wp:attachment":[{"href":"https:\/\/www.europesays.com\/fr\/wp-json\/wp\/v2\/media?parent=356025"}],"wp:term":[{"taxonomy":"category","embeddable":true,"href":"https:\/\/www.europesays.com\/fr\/wp-json\/wp\/v2\/categories?post=356025"},{"taxonomy":"post_tag","embeddable":true,"href":"https:\/\/www.europesays.com\/fr\/wp-json\/wp\/v2\/tags?post=356025"}],"curies":[{"name":"wp","href":"https:\/\/api.w.org\/{rel}","templated":true}]}}