{"id":356029,"date":"2025-08-31T07:18:12","date_gmt":"2025-08-31T07:18:12","guid":{"rendered":"https:\/\/www.europesays.com\/fr\/356029\/"},"modified":"2025-08-31T07:18:12","modified_gmt":"2025-08-31T07:18:12","slug":"voici-lequel-de-ses-livres-a-ete-elu-livre-favori-des-francais","status":"publish","type":"post","link":"https:\/\/www.europesays.com\/fr\/356029\/","title":{"rendered":"voici lequel de ses livres a \u00e9t\u00e9 \u00e9lu livre favori des Fran\u00e7ais"},"content":{"rendered":"<p>                Contenu shopping<\/p>\n<p class=\"intro \">Si vous \u00eates \u00e0 la recherche d&rsquo;une p\u00e9pite litt\u00e9raire capable de vous faire voyager, une chose est s\u00fbre, vous ne devez pas passer \u00e0 c\u00f4t\u00e9 de ce livre. Vous allez prendre des \u00e9toiles plein les yeux avec cet ouvrage multig\u00e9n\u00e9rationnel racontant une histoire touchante entre une femme et ses filles. Une offre propos\u00e9e \u00e0 un prix mini sur le site Amazon. <\/p>\n<p>La r\u00e9daction d&rsquo;Europe 1 n&rsquo;a pas particip\u00e9 \u00e0 la r\u00e9alisation de cet article.<\/p>\n<p>Avec le livre \u201cIl est grand temps de rallumer les \u00e9toiles\u201d de Virginie Grimaldi, vous ferez connaissance avec Anna, cette femme de 37 ans croulant sous le travail et les menaces des huissiers. Ce livre de 327 pages ayant \u00e9t\u00e9 \u00e9lu ouvrage favori des Fran\u00e7ais, risque de vous bouleverser \u00e0 travers une histoire sensible. Les filles de la protagoniste sont en effet \u00e0 un tournant de leur vie et c&rsquo;est la raison pour laquelle un p\u00e9riple en camping-car familial direction la Scandinavie, finira par tout changer. \u00c9dit\u00e9 chez Fayard,<a href=\"https:\/\/www.amazon.fr\/grand-rallumer-%C3%A9toiles-Litt%C3%A9rature-Fran%C3%A7aise-ebook\/dp\/B07C3Y8T1J?&amp;linkCode=ll1&amp;tag=europe1-1294-21&amp;linkId=ef0f9b6aeeceb523c1ba7cae7faf8a61&amp;language=fr_FR&amp;ref_=as_li_ss_tl\" rel=\"sponsored nofollow noopener\" target=\"_blank\"> le livre \u201cIl est grand temps de rallumer les \u00e9toiles\u201d de Virginie Grimaldi est actuellement propos\u00e9 au prix de 8,49 euros au lieu de 20,90 euros sur le site Amazon. Une remise int\u00e9ressante de 59 %.\u00a0<\/a><\/p>\n<p><strong>Virginie Grimaldi, une autrice reconnue dans le monde entier<\/strong><\/p>\n<p>La native de Bordeaux a vu effectivement ses livres traduits dans plus de 20 langues, et ses romans sont diffus\u00e9s partout \u00e0 travers le monde. Son succ\u00e8s s&rsquo;explique probablement par la port\u00e9e de ses personnages attachants et par son style \u00e0 la fois enlev\u00e9 et sensible. Tant\u00f4t dr\u00f4les, tant\u00f4t \u00e9mouvantes, les histoires racont\u00e9es \u00e0 travers les ouvrages de<a href=\"https:\/\/www.amazon.fr\/grand-rallumer-%C3%A9toiles-Litt%C3%A9rature-Fran%C3%A7aise-ebook\/dp\/B07C3Y8T1J?&amp;linkCode=ll1&amp;tag=europe1-1294-21&amp;linkId=ef0f9b6aeeceb523c1ba7cae7faf8a61&amp;language=fr_FR&amp;ref_=as_li_ss_tl\" rel=\"sponsored nofollow noopener\" target=\"_blank\"> Virginie Grimaldi<\/a> parlent \u00e0 chacun des lecteurs. Ce n&rsquo;est d&rsquo;ailleurs pas un hasard si cette derni\u00e8re est la romanci\u00e8re la plus populaire de l&rsquo;Hexagone depuis 2019. Le livre \u201cIl est grand temps de rallumer les \u00e9toiles\u201d de Virginie Grimaldi est un classique ayant \u00e9t\u00e9 \u00e9dit\u00e9 en 2018. Il est aussi disponible au format poche, sous forme de livres audio et m\u00eame au format broch\u00e9. Il est l&rsquo;heure pour vous de d\u00e9couvrir ou de red\u00e9couvrir \u201cIl est grand temps de rallumer les \u00e9toiles\u201d de Virginie Grimaldi. Alors, foncez sur Amazon et faites-vous plaisir !\u00a0<\/p>\n<p><strong><a href=\"https:\/\/www.amazon.fr\/grand-rallumer-%C3%A9toiles-Litt%C3%A9rature-Fran%C3%A7aise-ebook\/dp\/B07C3Y8T1J?&amp;linkCode=ll1&amp;tag=europe1-1294-21&amp;linkId=ef0f9b6aeeceb523c1ba7cae7faf8a61&amp;language=fr_FR&amp;ref_=as_li_ss_tl\" rel=\"sponsored nofollow noopener\" target=\"_blank\">Cliquez ici pour retrouver l&rsquo;offre Amazon sur le livre \u201cIl est grand temps de rallumer les \u00e9toiles\u201d de Virginie Grimaldi<\/a>\u00a0<\/strong><\/p>\n<p>Les prix sont mentionn\u00e9s \u00e0 titre indicatif et sont susceptibles d&rsquo;\u00e9voluer. Certains liens sont track\u00e9s et peuvent g\u00e9n\u00e9rer une commission pour Europe 1.<\/p>\n","protected":false},"excerpt":{"rendered":"Contenu shopping Si vous \u00eates \u00e0 la recherche d&rsquo;une p\u00e9pite litt\u00e9raire capable de vous faire voyager, une chose&hellip;\n","protected":false},"author":2,"featured_media":356030,"comment_status":"","ping_status":"","sticky":false,"template":"","format":"standard","meta":{"footnotes":""},"categories":[1357],"tags":[1379,58,59,1011,27,1380],"class_list":{"0":"post-356029","1":"post","2":"type-post","3":"status-publish","4":"format-standard","5":"has-post-thumbnail","7":"category-livres","8":"tag-books","9":"tag-divertissement","10":"tag-entertainment","11":"tag-fr","12":"tag-france","13":"tag-livres"},"share_on_mastodon":{"url":"https:\/\/pubeurope.com\/@fr\/115122163099512854","error":""},"_links":{"self":[{"href":"https:\/\/www.europesays.com\/fr\/wp-json\/wp\/v2\/posts\/356029","targetHints":{"allow":["GET"]}}],"collection":[{"href":"https:\/\/www.europesays.com\/fr\/wp-json\/wp\/v2\/posts"}],"about":[{"href":"https:\/\/www.europesays.com\/fr\/wp-json\/wp\/v2\/types\/post"}],"author":[{"embeddable":true,"href":"https:\/\/www.europesays.com\/fr\/wp-json\/wp\/v2\/users\/2"}],"replies":[{"embeddable":true,"href":"https:\/\/www.europesays.com\/fr\/wp-json\/wp\/v2\/comments?post=356029"}],"version-history":[{"count":0,"href":"https:\/\/www.europesays.com\/fr\/wp-json\/wp\/v2\/posts\/356029\/revisions"}],"wp:featuredmedia":[{"embeddable":true,"href":"https:\/\/www.europesays.com\/fr\/wp-json\/wp\/v2\/media\/356030"}],"wp:attachment":[{"href":"https:\/\/www.europesays.com\/fr\/wp-json\/wp\/v2\/media?parent=356029"}],"wp:term":[{"taxonomy":"category","embeddable":true,"href":"https:\/\/www.europesays.com\/fr\/wp-json\/wp\/v2\/categories?post=356029"},{"taxonomy":"post_tag","embeddable":true,"href":"https:\/\/www.europesays.com\/fr\/wp-json\/wp\/v2\/tags?post=356029"}],"curies":[{"name":"wp","href":"https:\/\/api.w.org\/{rel}","templated":true}]}}