{"id":356031,"date":"2025-08-31T07:19:15","date_gmt":"2025-08-31T07:19:15","guid":{"rendered":"https:\/\/www.europesays.com\/fr\/356031\/"},"modified":"2025-08-31T07:19:15","modified_gmt":"2025-08-31T07:19:15","slug":"ils-vont-se-foutre-de-ma-gueule-pierrick-candidat-breton-de-lamour-est-dans-le-pre-se-confie","status":"publish","type":"post","link":"https:\/\/www.europesays.com\/fr\/356031\/","title":{"rendered":"\u00ab\u00a0Ils vont se foutre de ma gueule\u00a0\u00bb\u00a0: Pierrick, candidat breton de L\u2019Amour est dans le pr\u00e9, se confie"},"content":{"rendered":"<p>La Bretagne est mise \u00e0 l\u2019honneur dans la nouvelle saison de l\u2019Amour est dans le Pr\u00e9 qui vient de d\u00e9marrer sa diffusion sur M6. Apr\u00e8s Oc\u00e9ane, <a href=\"https:\/\/www.letelegramme.fr\/cotes-d-armor\/lannion-22300\/cest-une-bonne-therapie-pres-de-lannion-oceane-se-confie-sur-sa-participation-a-lamour-est-dans-le-pre-6872347.php\" target=\"_blank\" rel=\"nofollow noopener\">la mara\u00eech\u00e8re de Lannion (22)<\/a>, les t\u00e9l\u00e9spectateurs s\u2019appr\u00eatent \u00e0 d\u00e9couvrir Pierrick, \u00e9leveur de volailles et de vaches laiti\u00e8res \u00e0 Org\u00e8res (35) lundi soir. P\u00e8re de trois grands gar\u00e7ons et d\u00e9j\u00e0 grand-p\u00e8re, le soixantenaire a racont\u00e9 au T\u00e9l\u00e9gramme les coulisses de sa participation.<\/p>\n<p>Vous avez \u00e9t\u00e9 inscrit dans l\u2019\u00e9mission par l\u2019une de vos belles-filles. Comment avez-vous r\u00e9agi quand vous avez appris votre s\u00e9lection ?<\/p>\n<p>Ma belle-fille me parlait de participer \u00e0 l\u2019Amour est dans le pr\u00e9 depuis pas mal d\u2019ann\u00e9es. Je n\u2019\u00e9tais pas forc\u00e9ment emball\u00e9 car ce n\u2019est pas \u00e9vident de se mettre \u00e0 nu devant tout le monde. J\u2018ai quand m\u00eame fini par accepter en me disant que, de toute fa\u00e7on, je ne serai probablement pas pris. Et finalement\u2026 mon profil a \u00e9t\u00e9 retenu. C\u2019\u00e9tait une surprise. Aujourd\u2019hui, je ne regrette pas de l\u2019avoir fait.<\/p>\n<blockquote><p>Je me suis noy\u00e9 dans le boulot apr\u00e8s le divorce<\/p><\/blockquote>\n<p>Dans votre portrait diffus\u00e9 en janvier, vous expliquez avoir repris l\u2019exploitation familiale \u00e0 l\u2019\u00e2ge de 18 ans apr\u00e8s le d\u00e9c\u00e8s de votre p\u00e8re. Un quotidien \u00e9reintant que vous avez partag\u00e9 avec la m\u00e8re de vos trois gar\u00e7ons pendant 20 ans\u2026 avant de divorcer en 2006. La solitude ne vous p\u00e8se pas trop aujourd\u2019hui ?<\/p>\n<p>Il y a eu des moments difficiles. Je me suis noy\u00e9 dans le boulot apr\u00e8s le divorce, c\u2019\u00e9tait une sorte d\u2019\u00e9chappatoire. Je n\u2019avais pas le temps de rencontrer quelqu\u2019un d\u2019autre, mais j\u2019ai senti r\u00e9cemment que je commen\u00e7ais \u00e0 avoir envie d\u2019autres choses : comme trouver l\u2019amour par exemple. Bosser 7 jours sur 7 pendant 40 ans, \u00e7a fatigue. Avoir quelqu\u2019un dans sa vie, \u00e7a aide \u00e0 d\u00e9crocher. \u00c0 deux, tout est plus facile : on peut aller au restaurant ou partir en week-end.<\/p>\n<p>Comment a r\u00e9agi votre entourage quand ils ont appris votre participation \u00e0 l\u2019Amour est dans le pr\u00e9 ?<\/p>\n<p>Mes fr\u00e8res et s\u0153urs \u00e9taient vraiment surpris. Le cr\u00e9do de la famille, c\u2019est plut\u00f4t \u00ab vivons cach\u00e9s, vivons heureux \u00bb. L\u00e0, j\u2019ai vraiment fait l\u2019inverse. Mais j\u2019ai assum\u00e9 et pris \u00e7a comme un challenge.<\/p>\n<blockquote class=\"instagram-media\" data-instgrm-captioned=\"\" data-instgrm-permalink=\"https:\/\/www.instagram.com\/reel\/DFIkC2JKQKD\/?utm_source=ig_embed&amp;utm_campaign=loading\" data-instgrm-version=\"14\" style=\" background:#FFF; border:0; border-radius:3px; box-shadow:0 0 1px 0 rgba(0,0,0,0.5),0 1px 10px 0 rgba(0,0,0,0.15); margin: 1px; max-width:540px; min-width:326px; padding:0; width:99.375%; width:-webkit-calc(100% - 2px); width:calc(100% - 2px);\"\/><p>Suite \u00e0 la diffusion de votre portrait, avez-vous eu beaucoup de courriers de pr\u00e9tendantes ?<\/p>\n<p>J\u2019ai re\u00e7u pas mal de lettres. Certaines \u00e9taient vraiment bien \u00e9crites, donc \u00e7a m\u2019a fait plaisir. C\u2019est agr\u00e9able de lire des compliments. On pr\u00e9f\u00e8re toujours plaire que l\u2019inverse.<\/p>\n<p>Comment avez-vous pr\u00e9par\u00e9 l\u2019\u00e9tape du speed dating ? Vous n\u2019\u00e9tiez pas trop intimid\u00e9 ?<\/p>\n<p>\u00c7a s\u2018est bien pass\u00e9. Karine Le Marchand m\u2019a vraiment mis \u00e0 l\u2019aise. Ensuite, j\u2019y suis all\u00e9 au feeling. Ce n\u2019est que du positif. En plus, en allant sur Paris, j\u2019ai rencontr\u00e9 d\u2019autres candidats. On a tra\u00een\u00e9 dans les bars, c\u2019\u00e9tait sympa. On ne se serait pas forc\u00e9ment rencontr\u00e9 dans d\u2019autres conditions. Il y a des liens forts qui se sont cr\u00e9\u00e9s avec quelques-uns. Maintenant, on s\u2019appelle r\u00e9guli\u00e8rement au t\u00e9l\u00e9phone.<\/p>\n<blockquote><p>La pr\u00e9sence des cam\u00e9ras ne m\u2019a pas trop g\u00ean\u00e9<\/p><\/blockquote>\n<p>Qu\u2019est-ce qui a \u00e9t\u00e9 le plus difficile lors de ce tournage ?<\/p>\n<p>Probablement, de devoir r\u00e9pondre aux interviews et aux questions de la production sans arr\u00eat. La pr\u00e9sence des cam\u00e9ras ne m\u2019a pas trop g\u00ean\u00e9, mais on termine rinc\u00e9 \u00e0 force de faire des interviews.<\/p>\n<p>Vous devez avoir h\u00e2te de la diffusion de votre premi\u00e8re \u00e9mission ?<\/p>\n<p>C\u2019est vrai que je suis impatient de voir ce que \u00e7a va donner. On ne sait pas ce qu\u2018ils vont retenir au montage. Je pense avoir r\u00e9ussi \u00e0 \u00eatre moi-m\u00eame, sans tricher. Pour regarder l\u2019\u00e9mission, je vais retrouver deux autres candidats de cette saison lundi soir : Oc\u00e9ane, l\u2019autre bretonne, et Julien. On va passer une belle soir\u00e9e ensemble. Ils vont s\u00fbrement bien se foutre de ma gueule.<\/p>\n<p><script async src=\"\/\/www.instagram.com\/embed.js\"><\/script><\/p>\n","protected":false},"excerpt":{"rendered":"La Bretagne est mise \u00e0 l\u2019honneur dans la nouvelle saison de l\u2019Amour est dans le Pr\u00e9 qui vient&hellip;\n","protected":false},"author":2,"featured_media":356032,"comment_status":"","ping_status":"","sticky":false,"template":"","format":"standard","meta":{"footnotes":""},"categories":[1356],"tags":[11,829,872,58,59,1011,27,848,584,252,1364],"class_list":{"0":"post-356031","1":"post","2":"type-post","3":"status-publish","4":"format-standard","5":"has-post-thumbnail","7":"category-television","8":"tag-actualites","9":"tag-bretagne","10":"tag-culture-et-loisirs","11":"tag-divertissement","12":"tag-entertainment","13":"tag-fr","14":"tag-france","15":"tag-ille-et-vilaine","16":"tag-rennes","17":"tag-television","18":"tag-tv"},"share_on_mastodon":{"url":"https:\/\/pubeurope.com\/@fr\/115122167121629460","error":""},"_links":{"self":[{"href":"https:\/\/www.europesays.com\/fr\/wp-json\/wp\/v2\/posts\/356031","targetHints":{"allow":["GET"]}}],"collection":[{"href":"https:\/\/www.europesays.com\/fr\/wp-json\/wp\/v2\/posts"}],"about":[{"href":"https:\/\/www.europesays.com\/fr\/wp-json\/wp\/v2\/types\/post"}],"author":[{"embeddable":true,"href":"https:\/\/www.europesays.com\/fr\/wp-json\/wp\/v2\/users\/2"}],"replies":[{"embeddable":true,"href":"https:\/\/www.europesays.com\/fr\/wp-json\/wp\/v2\/comments?post=356031"}],"version-history":[{"count":0,"href":"https:\/\/www.europesays.com\/fr\/wp-json\/wp\/v2\/posts\/356031\/revisions"}],"wp:featuredmedia":[{"embeddable":true,"href":"https:\/\/www.europesays.com\/fr\/wp-json\/wp\/v2\/media\/356032"}],"wp:attachment":[{"href":"https:\/\/www.europesays.com\/fr\/wp-json\/wp\/v2\/media?parent=356031"}],"wp:term":[{"taxonomy":"category","embeddable":true,"href":"https:\/\/www.europesays.com\/fr\/wp-json\/wp\/v2\/categories?post=356031"},{"taxonomy":"post_tag","embeddable":true,"href":"https:\/\/www.europesays.com\/fr\/wp-json\/wp\/v2\/tags?post=356031"}],"curies":[{"name":"wp","href":"https:\/\/api.w.org\/{rel}","templated":true}]}}