{"id":356033,"date":"2025-08-31T07:20:09","date_gmt":"2025-08-31T07:20:09","guid":{"rendered":"https:\/\/www.europesays.com\/fr\/356033\/"},"modified":"2025-08-31T07:20:09","modified_gmt":"2025-08-31T07:20:09","slug":"soleil-bleu-charger-ordinary-golden-ces-tubes-de-lete-quon-navait-pas-vu-venir","status":"publish","type":"post","link":"https:\/\/www.europesays.com\/fr\/356033\/","title":{"rendered":"\u00ab\u00a0Soleil Bleu\u00a0\u00bb, \u00ab\u00a0Charger\u00a0\u00bb, \u00ab\u00a0Ordinary\u00a0\u00bb, \u00ab\u00a0Golden\u00a0\u00bb&#8230; Ces tubes de l&rsquo;\u00e9t\u00e9 qu&rsquo;on n&rsquo;avait pas vu venir"},"content":{"rendered":"<p>Alors que la rentr\u00e9e se profile, \u00e9tat des lieux de la course au tube estival, entre poids lourds confirm\u00e9s et r\u00e9v\u00e9lations inattendues port\u00e9es par les r\u00e9seaux sociaux.<\/p>\n<p>Chaque \u00e9t\u00e9 a sa bande-son et 2025 n\u2019a pas \u00e9chapp\u00e9 \u00e0 la r\u00e8gle. Cette ann\u00e9e, les playlists estivales ont \u00e0 nouveau \u00e9t\u00e9 \u00e9maill\u00e9es de refrains ent\u00eatants, et certains artistes ont confirm\u00e9 leur statut d\u2019incontournable tandis que d&rsquo;autres outsiders se sont r\u00e9v\u00e9l\u00e9s.<\/p>\n<p>\u00c0 premi\u00e8re vue, un grand gagnant se d\u00e9tache d\u00e9j\u00e0 dans la course au tube de l&rsquo;\u00e9t\u00e9 hexagonal: le chanteur <a href=\"https:\/\/www.bfmtv.com\/people\/musique\/tu-me-rends-bete-gims-et-damso-revelent-leur-nouveau-titre-entetant_AN-202508150351.html\" title=\"&quot;Tu me rends b\u00eate&quot;: Gims et Damso r\u00e9v\u00e8lent leur nouveau titre ent\u00eatant\" class=\"internal_link\" rel=\"nofollow noopener\" target=\"_blank\">Gims<\/a>. Seul ou en duo, l&rsquo;artiste s&rsquo;est impos\u00e9 avec non pas un, mais plus d&rsquo;une dizaine titres &#8211; dont les tubes Ciel ou Ninao &#8211; que l&rsquo;on retrouve dans les classements Deezer et Spotify mais aussi dans le top singles du SNEP (o\u00f9 l&rsquo;artiste occupe d&rsquo;ailleurs 7 places dans le top 20).<\/p>\n<blockquote class=\"embed embed_quote\"><p>\u00ab\u00a0L\u2019\u00e9t\u00e9 2025 a une nouvelle fois \u00e9t\u00e9 marqu\u00e9 par l\u2019omnipr\u00e9sence de Gims. Apr\u00e8s &lsquo;Spider&rsquo; en 2024, il encha\u00eene les succ\u00e8s et domine les streams avec plusieurs titres, dont &lsquo;Air Force Blanche&rsquo; avec Jul et surtout &lsquo;Parisienne&rsquo;, num\u00e9ro 1 cet \u00e9t\u00e9\u00a0\u00bb, analyse pour BFMTV, Alexandre Pipieri, responsable \u00e9dito pop pour Deezer.<\/p><\/blockquote>\n<p>Le rap francophone a aussi occup\u00e9 une place centrale parmi les incontournables de la p\u00e9riode estivale, port\u00e9 par Hamza avec Kyky2Bondy &#8211; num\u00e9ro 1 des titres les plus \u00e9cout\u00e9s en France sur Spotify cet \u00e9t\u00e9 &#8211; Damso avec Impardonnable et Pa Pa Paw, R2 avec Ruinart ou encore Nono La Grinta avec Paris.<\/p>\n<p>C\u00f4t\u00e9 afro, Aya Nakamura a rythm\u00e9 la saison avec <a href=\"https:\/\/www.bfmtv.com\/people\/musique\/aya-nakamura-annonce-un-nouveau-single-en-duo-avec-joe-dwet-file_AN-202505150307.html\" title=\"&quot;Baddies&quot;: Aya Nakamura d\u00e9voile un nouveau single estival en duo avec Jo\u00e9 Dw\u00e8t Fil\u00e9\" class=\"internal_link\" rel=\"nofollow noopener\" target=\"_blank\">Baddies<\/a> en duo avec Jo\u00e9 Dw\u00e8t Fil\u00e9, tandis que la pop et l\u2019\u00e9lectro n\u2019ont \u00e9galement pas \u00e9t\u00e9 en reste, faisant danser les Fran\u00e7ais avec des tubes comme Azizam d&rsquo;Ed Sheeran, Vaitimbora de Trinix ou encore Shake it to the Max de Moliy.<\/p>\n<p>Des surprises port\u00e9es par les r\u00e9seaux sociaux<\/p>\n<p>Mais outre les t\u00eates d&rsquo;affiche de l&rsquo;\u00e9t\u00e9, d&rsquo;autres morceaux ont r\u00e9ussi \u00e0 se faire une place dans les tops sans pr\u00e9venir, notamment gr\u00e2ce aux r\u00e9seaux sociaux, comme le note Alexandre Pipieri. \u00ab\u00a0\u00c0 l\u2019\u00e9poque, il y avait un ou deux gros titres qui menaient la danse l\u2019\u00e9t\u00e9 comme &lsquo;La Macarena&rsquo; ou &lsquo;Despacito&rsquo; de Luis Fonsi\u00a0\u00bb, analyse le sp\u00e9cialiste.<\/p>\n<blockquote class=\"embed embed_quote\"><p>\u00ab\u00a0Aujourd\u2019hui, avec l\u2019impact des plateformes de streaming et les r\u00e9seaux sociaux, il peut y avoir plus de tubes de l\u2019\u00e9t\u00e9, dans des genres tr\u00e8s vari\u00e9s, avec certaines surprises qu\u2019on n\u2019avait pas vu venir. Un tube peut arriver de n\u2019importe o\u00f9 n&rsquo;importe quand\u00a0\u00bb, poursuit-il.<\/p><\/blockquote>\n<p>Ainsi, difficile d&rsquo;\u00eatre pass\u00e9 \u00e0 c\u00f4t\u00e9 du ph\u00e9nom\u00e8ne <a href=\"https:\/\/www.bfmtv.com\/people\/musique\/l-engouement-est-mondial-triangle-des-bermudes-le-trio-qui-fait-danser-la-france-avec-le-tube-charger_AV-202507190049.html\" title=\"&quot;L&#039;engouement est mondial&quot;: Triangle des Bermudes, le trio qui fait danser la France avec le tube &quot;Charger&quot;\" class=\"internal_link\" rel=\"nofollow noopener\" target=\"_blank\">Triangle des Bermudes<\/a> et de son tube Charger. Imagin\u00e9 en bo\u00eete de nuit par le collectif de speakers compos\u00e9 de MC Yoshi, Mauvais Djo et Kokosvoice, ce hit a tourn\u00e9 partout cet \u00e9t\u00e9 (r\u00e9seaux sociaux, f\u00eate de la musique, festivals, 14-Juillet) jusqu&rsquo;\u00e0 devenir un v\u00e9ritable hymne.<\/p>\n<p>Le succ\u00e8s de Charger, qui comptabilise \u00e0 ce jour plus de 41 millions d&rsquo;\u00e9coutes sur Spotify, a permis \u00e0 Triangle des Bermudes de se produire dans le monde entier cet \u00e9t\u00e9 avant la sortie d&rsquo;un premier album, pr\u00e9vue d&rsquo;ici la fin de l&rsquo;ann\u00e9e.<\/p>\n<p>De l\u2019\u00e9lectro festif aux ballades solaires<\/p>\n<p>Autre grosse surprise de cet \u00e9t\u00e9, c&rsquo;est le morceau Soleil Bleu. N\u00e9 d&rsquo;une collaboration entre la chanteuse franco-br\u00e9silienne Luiza et le duo Bleu soleil, le titre, lui aussi devenu viral sur les r\u00e9seaux sociaux, est d\u00e9sormais la chanson la plus \u00e9cout\u00e9e en France et sur Deezer depuis d\u00e9but juillet.<\/p>\n<p>Dans un autre registre, la p\u00e9riode estivale aura \u00e9galement profit\u00e9 \u00e0 Golden, morceau du groupe fictif HUNTR\/X, extrait de la bande-originale du film Netflix <a href=\"https:\/\/www.bfmtv.com\/people\/cinema\/k-pop-demon-hunters-la-bande-originale-du-film-netflix-conquiert-les-charts-mondiaux_AN-202508260795.html\" title=\"&quot;KPop Demon Hunters&quot;: la bande-originale du film Netflix conquiert les charts mondiaux\" class=\"internal_link\" rel=\"nofollow noopener\" target=\"_blank\">KPop Demon Hunters<\/a>.<\/p>\n<p>Profitant de la force de frappe de la K-pop, le titre au refrain et aux chor\u00e9graphies taill\u00e9s pour TikTok, s\u2019est impos\u00e9 comme l\u2019un des rares morceaux non anglophones \u00e0 se hisser aussi haut dans les classements musicaux fran\u00e7ais cet \u00e9t\u00e9.<\/p>\n<\/p>\n<p>De son c\u00f4t\u00e9, Ordinary d\u2019Alex Warren a offert un contre-pied aux rythmes festifs de la saison. Sortie en f\u00e9vrier, la ballade pop, qui s&rsquo;est rapidement illustr\u00e9e comme un hit mondial, a continu\u00e9 son ascension cet \u00e9t\u00e9 et travers\u00e9 l\u2019Atlantique pour se faire une place de choix dans les tops fran\u00e7ais.<\/p>\n","protected":false},"excerpt":{"rendered":"Alors que la rentr\u00e9e se profile, \u00e9tat des lieux de la course au tube estival, entre poids lourds&hellip;\n","protected":false},"author":2,"featured_media":356034,"comment_status":"","ping_status":"","sticky":false,"template":"","format":"standard","meta":{"footnotes":""},"categories":[1355],"tags":[58,59,1011,27,1361,873],"class_list":{"0":"post-356033","1":"post","2":"type-post","3":"status-publish","4":"format-standard","5":"has-post-thumbnail","7":"category-musique","8":"tag-divertissement","9":"tag-entertainment","10":"tag-fr","11":"tag-france","12":"tag-music","13":"tag-musique"},"share_on_mastodon":{"url":"https:\/\/pubeurope.com\/@fr\/115122171000697027","error":""},"_links":{"self":[{"href":"https:\/\/www.europesays.com\/fr\/wp-json\/wp\/v2\/posts\/356033","targetHints":{"allow":["GET"]}}],"collection":[{"href":"https:\/\/www.europesays.com\/fr\/wp-json\/wp\/v2\/posts"}],"about":[{"href":"https:\/\/www.europesays.com\/fr\/wp-json\/wp\/v2\/types\/post"}],"author":[{"embeddable":true,"href":"https:\/\/www.europesays.com\/fr\/wp-json\/wp\/v2\/users\/2"}],"replies":[{"embeddable":true,"href":"https:\/\/www.europesays.com\/fr\/wp-json\/wp\/v2\/comments?post=356033"}],"version-history":[{"count":0,"href":"https:\/\/www.europesays.com\/fr\/wp-json\/wp\/v2\/posts\/356033\/revisions"}],"wp:featuredmedia":[{"embeddable":true,"href":"https:\/\/www.europesays.com\/fr\/wp-json\/wp\/v2\/media\/356034"}],"wp:attachment":[{"href":"https:\/\/www.europesays.com\/fr\/wp-json\/wp\/v2\/media?parent=356033"}],"wp:term":[{"taxonomy":"category","embeddable":true,"href":"https:\/\/www.europesays.com\/fr\/wp-json\/wp\/v2\/categories?post=356033"},{"taxonomy":"post_tag","embeddable":true,"href":"https:\/\/www.europesays.com\/fr\/wp-json\/wp\/v2\/tags?post=356033"}],"curies":[{"name":"wp","href":"https:\/\/api.w.org\/{rel}","templated":true}]}}