{"id":356035,"date":"2025-08-31T07:21:13","date_gmt":"2025-08-31T07:21:13","guid":{"rendered":"https:\/\/www.europesays.com\/fr\/356035\/"},"modified":"2025-08-31T07:21:13","modified_gmt":"2025-08-31T07:21:13","slug":"a-paris-les-fans-dharry-potter-ont-celebre-une-rentree-magique-avec-retour-a-poudlard","status":"publish","type":"post","link":"https:\/\/www.europesays.com\/fr\/356035\/","title":{"rendered":"\u00c0 Paris, les fans d\u2019Harry Potter ont c\u00e9l\u00e9br\u00e9 une rentr\u00e9e magique avec \u00abRetour \u00e0 Poudlard\u00bb"},"content":{"rendered":"<p><strong>NOUS Y \u00c9TIONS &#8211; <\/strong>Samedi 30 ao\u00fbt, plus de 3\u00a0500 inconditionnels de la saga se sont rassembl\u00e9s \u00e0 la biblioth\u00e8que Sainte-Genevi\u00e8ve. Dans une atmosph\u00e8re ensorcel\u00e9e, ils ont test\u00e9 leurs connaissances sur l\u2019univers de J.K. Rowling.<\/p>\n<p class=\"fig-paragraph\">Ce samedi 30 ao\u00fbt, le Poudlard Express semble s\u2019\u00eatre arr\u00eat\u00e9 dans le 5e arrondissement de\u00a0<a href=\"http:\/\/www.lefigaro.fr\/flash-eco\/tourisme-a-paris-une-saison-estivale-comparable-a-2023-20250828\" data-fig-type=\"NewsFlash\" data-gtm-custom-categorie=\"navigation\" data-gtm-custom-action=\"crossclick\" data-gtm-custom-label=\"Contextuel\" data-gtm-event=\"customEventSPE\" data-fig-domain=\"LEFIGARO\" rel=\"nofollow noopener\" target=\"_blank\">Paris<\/a>. Au pied de la majestueuse fa\u00e7ade de la biblioth\u00e8que Sainte-Genevi\u00e8ve, plusieurs centaines de \u00abPotterheads\u00bb (les fans d\u2019<a href=\"http:\/\/www.lefigaro.fr\/musique\/rupert-grint-alias-ron-weasley-dans-harry-potter-tourne-dans-le-nouveau-clip-d-ed-sheeran-20250817\" data-fig-type=\"Article\" data-gtm-custom-categorie=\"navigation\" data-gtm-custom-action=\"crossclick\" data-gtm-custom-label=\"Contextuel\" data-gtm-event=\"customEventSPE\" data-fig-domain=\"LEFIGARO\" rel=\"nofollow noopener\" target=\"_blank\">Harry Potter<\/a>) attendent l\u2019ouverture des portes afin de participer \u00e0 l\u2019\u00e9v\u00e9nement Retour \u00e0 Poudlard. Capes noires sur les \u00e9paules et baguettes \u00e0 la main, les plus passionn\u00e9s c\u00f4toient un public de tous \u00e2ges habill\u00e9s comme de simples moldus (l\u2019esp\u00e8ce humaine dans la saga).<\/p>\n<p class=\"fig-paragraph\">Rendez-vous annuel incontournable chez les lecteurs de\u00a0<a href=\"http:\/\/www.lefigaro.fr\/culture\/j-k-rowling-semble-provoquer-les-acteurs-d-harry-potter-sur-les-reseaux-sociaux-20250320\" data-fig-type=\"Article\" data-gtm-custom-categorie=\"navigation\" data-gtm-custom-action=\"crossclick\" data-gtm-custom-label=\"Contextuel\" data-gtm-event=\"customEventSPE\" data-fig-domain=\"LEFIGARO\" rel=\"nofollow noopener\" target=\"_blank\">J.K. Rowling<\/a>, cette manifestation culturelle gratuite se d\u00e9roule simultan\u00e9ment aux quatre coins du globe. Organis\u00e9e depuis 2019, par la\u00a0<a href=\"http:\/\/www.lefigaro.fr\/economie\/medias-warner-bros-discovery-se-scinde-en-deux-20250609\" data-fig-type=\"Article\" data-gtm-custom-categorie=\"navigation\" data-gtm-custom-action=\"crossclick\" data-gtm-custom-label=\"Contextuel\" data-gtm-event=\"customEventSPE\" data-fig-domain=\"LEFIGARO\" rel=\"nofollow noopener\" target=\"_blank\">Warner Bros. Discovery\u00a0<\/a>elle permet aux simples amateurs comme aux fans d\u2019Harry Potter de se retrouver. Cette ann\u00e9e, l\u2019\u00e9dition s\u2019est plac\u00e9e sous le th\u00e8me du \u00ab\u00a0Grand Examen\u00a0\u00bb. Les inconditionnels du sorcier ont \u00e9t\u00e9 invit\u00e9s \u00e0 tester leurs connaissances autour d\u2019un questionnaire et d\u2019une dict\u00e9e. De 9h30 \u00e0 20h, sept sessions d\u2019une heure trente ont rassembl\u00e9 pr\u00e8s de 3 500 personnes. Pour les retardataires, pas de panique\u00a0: le \u00ab\u00a0Grand Examen\u00a0\u00bb reste accessible en ligne jusqu\u2019au 7 septembre.<\/p>\n<p>    Retour \u00e0 Poudlard est un \u00e9v\u00e9nement organis\u00e9 simultan\u00e9ment dans plusieurs pays du monde, depuis 2019.<br \/>\n                Yann Cuileyrier<\/p>\n<p class=\"fig-body-link\">\n            \u00c0 lire aussi<br \/>\n        <a class=\"fig-body-link__link\" href=\"http:\/\/www.lefigaro.fr\/societes\/harry-potter-nintendo-le-nouveau-parc-d-attractions-d-universal-vient-attaquer-disney-sur-ses-propres-terres-20250522\" data-fig-type=\"NewsFlash\" data-gtm-custom-categorie=\"navigation\" data-gtm-custom-action=\"crossclick\" data-gtm-custom-label=\"Contextuel\" data-gtm-event=\"customEventSPE\" data-fig-domain=\"LEFIGARO\" rel=\"nofollow noopener\" target=\"_blank\">Harry Potter, Nintendo&#8230; Le nouveau parc d\u2019attractions d\u2019Universal vient attaquer Disney sur ses propres terres<br \/>\n    <\/a>\n<\/p>\n<p>                                    <a class=\"fig-a11y-skip a11y-hidden\" href=\"#fig-a11y-skip-main-inarticle\"><br \/>\n        Passer la publicit\u00e9<br \/>\n    <\/a><\/p>\n<p class=\"fig-paragraph\">Certains fans, comme Sandra, n\u2019ont pas h\u00e9sit\u00e9 \u00e0 rouler une centaine de kilom\u00e8tres pour participer \u00e0 l\u2019\u00e9v\u00e9nement. Originaire de la Marne, cette com\u00e9dienne de profession conna\u00eet l\u2019univers de la saga sur le bout de la baguette\u00a0: \u00ab\u00a0Je m\u2019entra\u00eene depuis deux mois. J\u2019ai visionn\u00e9 les films, relu les livres. Je suis un peu stress\u00e9e, mais j\u2019y vais pour le fun\u00a0\u00bb, confie-t-elle, d\u00e9guis\u00e9e d\u2019un costume aux couleurs de la maison Poufsouffle. Elle est devenue une inconditionnelle, il y a plus de vingt ans\u00a0: \u00ab Mon oncle et ma tante m\u2019ont offert le premier tome en 2002. Victime de harc\u00e8lement scolaire, cette saga a \u00e9t\u00e9 pour moi un refuge\u00a0\u00bb.<\/p>\n<p class=\"fig-paragraph\">Venue avec son amie d\u2019enfance, Cynthia, chemise blanche et cravate verte impeccablement ajust\u00e9e, s\u2019est r\u00e9cemment prise de passion pour l\u2019univers du sorcier\u00a0: \u00ab J\u2019ai commenc\u00e9 \u00e0 m\u2019y int\u00e9resser que depuis cette ann\u00e9e. Je me suis quand m\u00eame renseign\u00e9e sur internet avant de passer le questionnaire\u00a0\u00bb, avoue-t-elle timidement.<\/p>\n<p>    Constance et Cynthia sont ressorties enchant\u00e9es de Retour \u00e0 Poudlard.<br \/>\n                Yann Cuileyrier<\/p>\n<p>Immersion assur\u00e9e et public enflamm\u00e9<\/p>\n<p class=\"fig-paragraph\">Il est 14h10 lorsque les sessions d\u2019examens reprennent. Une fois leur ticket valid\u00e9, les Potterheads s\u2019engouffrent dans la biblioth\u00e8que Sainte-Genevi\u00e8ve. D\u00e8s la salle d\u2019accueil, les participants sont transport\u00e9s dans un monde magique. Les murs sont d\u00e9cor\u00e9s de banderoles repr\u00e9sentant les quatre maisons de Poudlard, alors que le fameux g\u00e9n\u00e9rique de\u00a0<a href=\"http:\/\/www.lefigaro.fr\/musique\/john-williams-je-n-ai-jamais-beaucoup-aime-la-musique-de-film-20250825\" data-fig-type=\"Article\" data-gtm-custom-categorie=\"navigation\" data-gtm-custom-action=\"crossclick\" data-gtm-custom-label=\"Contextuel\" data-gtm-event=\"customEventSPE\" data-fig-domain=\"LEFIGARO\" rel=\"nofollow noopener\" target=\"_blank\">John Williams<\/a>\u00a0retentit. \u00c0 gauche, une impressionnante maquette repr\u00e9sentant l\u2019\u00e9cole de sorcellerie attire les curieux, tandis qu\u2019\u00e0 droite plusieurs mini-jeux sont propos\u00e9s. Petits et grands sont invit\u00e9s \u00e0 manier une baguette magique et \u00e0 reconna\u00eetre des saveurs.<\/p>\n<p class=\"fig-paragraph\">Une fois \u00e0 l\u2019\u00e9tage, il est difficile de ne pas se sentir \u00e0 Poudlard. Les longues tables en bois, les vo\u00fbtes et les dizaines de milliers d\u2019ouvrages de la biblioth\u00e8que rappellent l\u2019\u00e9cole d\u2019Harry Potter. Debout sur une passerelle en bois, un com\u00e9dien joue le r\u00f4le du ma\u00eetre de c\u00e9r\u00e9monie. Coiff\u00e9 d\u2019un chapeau \u00e0 pompon, il accueille les participants\u00a0:\u00ab Entrez, entrez que vous soyez Poufsouffle ou Gryffondor. Mais n\u2019ouvrez pas les dossiers d\u2019examens avant de commencer, lance-t-il, avant de haranguer les joueurs, Y a-t-il des Serdaigle ici\u00a0? Et des fans d\u2019Harry Potter et de l\u2019ordre du Ph\u00e9nix\u00a0?\u00a0\u00bb. \u00c0 chaque question, la salle r\u00e9pond en ch\u0153ur.<\/p>\n<p class=\"fig-paragraph\">Elle explose de joie lorsque le doubleur Div Milsztajn prend la parole. L\u2019artiste, qui est la voix fran\u00e7aise de\u00a0<a href=\"http:\/\/www.lefigaro.fr\/cinema\/harry-potter-tom-felton-reprend-son-role-de-drago-malefoy-a-broadway-20250609\" data-fig-type=\"Article\" data-gtm-custom-categorie=\"navigation\" data-gtm-custom-action=\"crossclick\" data-gtm-custom-label=\"Contextuel\" data-gtm-event=\"customEventSPE\" data-fig-domain=\"LEFIGARO\" rel=\"nofollow noopener\" target=\"_blank\">Drago Malefoy<\/a>\u00a0dans les films, est accueilli comme une star. Il a profit\u00e9 de sa pr\u00e9sence pour partager quelques anecdotes et r\u00e9pondre aux questions des participants. \u00ab\u00a0J\u2019appr\u00e9cie beaucoup le sixi\u00e8me film [Harry Potter et le Prince de Sang-m\u00eal\u00e9], car Drago Malefoy est plus tortur\u00e9 et int\u00e9ressant \u00e0 jouer\u00a0\u00bb, a confess\u00e9 Div Milsztajn.<\/p>\n<p>                                    <a class=\"fig-a11y-skip a11y-hidden\" href=\"#fig-a11y-skip-main-inarticle_mtf\"><br \/>\n        Passer la publicit\u00e9<br \/>\n    <\/a><\/p>\n<p>32 questions pr\u00e9cises<\/p>\n<p class=\"fig-paragraph\">Apr\u00e8s son intervention, l\u2019examen peut enfin commencer. Les joueurs sont autoris\u00e9s \u00e0 \u00e9changer entre eux et \u00e0 consulter les livres de la saga pour tenter de trouver les bonnes r\u00e9ponses. Le questionnaire, compos\u00e9 de 32 questions \u00e0 choix multiples, contient des interrogations tr\u00e8s pr\u00e9cises telles que \u00ab Comment Dumbledore emp\u00eache-t-il les sorciers de moins de 17 ans de mettre leur nom dans la Coupe de Feu\u00a0?\u00a0\u00bb. Des extraits audios sont \u00e9galement diffus\u00e9s dans la salle\u00a0: les joueurs doivent reconna\u00eetre quels sont les mots ou les r\u00e9pliques qui sont retransmis.<\/p>\n<p class=\"fig-paragraph\">Si certains ont termin\u00e9 le questionnaire en une dizaine de minutes, d\u2019autres, comme votre journaliste, ont eu un peu plus de mal et ont accept\u00e9 l\u2019aide des voisins. L\u2019examen s\u2019est achev\u00e9 par une \u00e9preuve de dict\u00e9e. Le texte a \u00e9t\u00e9 prononc\u00e9 par Solange Boulanger, la voix fran\u00e7aise de l\u2019ambitieuse professeure\u00a0<a href=\"https:\/\/www.lefigaro.fr\/livres\/2014\/10\/31\/03005-20141031ARTFIG00269-halloween-une-nouvelle-sur-dolores-ombrage-par-jk-rowling.php\" data-fig-type=\"Article\" data-gtm-custom-categorie=\"navigation\" data-gtm-custom-action=\"crossclick\" data-gtm-custom-label=\"Contextuel\" data-gtm-event=\"customEventSPE\" data-fig-domain=\"LEFIGARO\" rel=\"nofollow noopener\" target=\"_blank\">Dolor\u00e8s Ombrage<\/a>. \u00c0 cette occasion, la doubleuse a repris l\u2019intonation de son personnage. Ce clin d\u2019\u0153il a ravi de nombreux Potterheads qui l\u2019ont applaudie \u00e0 la fin de l\u2019examen.<\/p>\n<p>    Les doubleurs Solange Boulanger et Div Milsztajn ont doubl\u00e9 les personnages de Dolor\u00e8s Ombrage et Drago Malefoy.<br \/>\n                Yann Cuileyrier<\/p>\n<p>Une \u00e9dition pr\u00e9vue en 2026<\/p>\n<p class=\"fig-paragraph\">Si aucun prix n\u2019est remis, l\u2019exp\u00e9rience a amus\u00e9 la plupart des participants\u00a0: \u00ab\u00a0Il y avait quelques questions compliqu\u00e9es mais dans l\u2019ensemble \u00e7a va. On n\u2019a pas r\u00e9vis\u00e9, on y est all\u00e9 au talent\u00a0\u00bb, admet Sabrina, venue avec sa ni\u00e8ce de huit ans, Kirra. M\u00eame son de cloche pour Cynthia et Constance\u00a0: \u00ab\u00a0Certaines questions \u00e9taient simples et d\u2019autres plus sp\u00e9cifiques. C\u2019est pass\u00e9 tr\u00e8s vite et c\u2019\u00e9tait tr\u00e8s immersif. On pense revenir l\u2019ann\u00e9e prochaine\u00a0\u00bb.<\/p>\n<p class=\"fig-paragraph\">L\u2019\u00e9dition 2026 co\u00efncidera avec les 25 ans de la sortie au cin\u00e9ma d\u2019Harry Potter \u00e0 l\u2019\u00e9cole des sorciers. \u00ab C\u2019est certain qu\u2019il y aura une nouvelle \u00e9dition de Retour \u00e0 Poudlard, l\u2019ann\u00e9e prochaine. Pour le moment, il n\u2019y a pas encore de lieu choisi\u00a0\u00bb, annonce la porte-parole de\u00a0<a href=\"http:\/\/www.lefigaro.fr\/flash-eco\/warner-bros-discovery-detache-sa-plateforme-de-streaming-du-reste-du-groupe-20250609\" data-fig-type=\"NewsFlash\" data-gtm-custom-categorie=\"navigation\" data-gtm-custom-action=\"crossclick\" data-gtm-custom-label=\"Contextuel\" data-gtm-event=\"customEventSPE\" data-fig-domain=\"LEFIGARO\" rel=\"nofollow noopener\" target=\"_blank\">Warner Bros. Discovery<\/a>, Nathalie Lawson. En attendant, les fans d\u2019Harry Potter pourront ranger leur baguette et visionner une fois de plus la saga.<\/p>\n","protected":false},"excerpt":{"rendered":"NOUS Y \u00c9TIONS &#8211; Samedi 30 ao\u00fbt, plus de 3\u00a0500 inconditionnels de la saga se sont rassembl\u00e9s \u00e0&hellip;\n","protected":false},"author":2,"featured_media":356036,"comment_status":"","ping_status":"","sticky":false,"template":"","format":"standard","meta":{"footnotes":""},"categories":[1354],"tags":[58,59,2087,1346,1011,27,6610,10659,1360],"class_list":{"0":"post-356035","1":"post","2":"type-post","3":"status-publish","4":"format-standard","5":"has-post-thumbnail","7":"category-films","8":"tag-divertissement","9":"tag-entertainment","10":"tag-evenement","11":"tag-films","12":"tag-fr","13":"tag-france","14":"tag-harry-potter","15":"tag-j-k-rowling","16":"tag-movies"},"share_on_mastodon":{"url":"https:\/\/pubeurope.com\/@fr\/115122174923876214","error":""},"_links":{"self":[{"href":"https:\/\/www.europesays.com\/fr\/wp-json\/wp\/v2\/posts\/356035","targetHints":{"allow":["GET"]}}],"collection":[{"href":"https:\/\/www.europesays.com\/fr\/wp-json\/wp\/v2\/posts"}],"about":[{"href":"https:\/\/www.europesays.com\/fr\/wp-json\/wp\/v2\/types\/post"}],"author":[{"embeddable":true,"href":"https:\/\/www.europesays.com\/fr\/wp-json\/wp\/v2\/users\/2"}],"replies":[{"embeddable":true,"href":"https:\/\/www.europesays.com\/fr\/wp-json\/wp\/v2\/comments?post=356035"}],"version-history":[{"count":0,"href":"https:\/\/www.europesays.com\/fr\/wp-json\/wp\/v2\/posts\/356035\/revisions"}],"wp:featuredmedia":[{"embeddable":true,"href":"https:\/\/www.europesays.com\/fr\/wp-json\/wp\/v2\/media\/356036"}],"wp:attachment":[{"href":"https:\/\/www.europesays.com\/fr\/wp-json\/wp\/v2\/media?parent=356035"}],"wp:term":[{"taxonomy":"category","embeddable":true,"href":"https:\/\/www.europesays.com\/fr\/wp-json\/wp\/v2\/categories?post=356035"},{"taxonomy":"post_tag","embeddable":true,"href":"https:\/\/www.europesays.com\/fr\/wp-json\/wp\/v2\/tags?post=356035"}],"curies":[{"name":"wp","href":"https:\/\/api.w.org\/{rel}","templated":true}]}}