{"id":356037,"date":"2025-08-31T07:22:09","date_gmt":"2025-08-31T07:22:09","guid":{"rendered":"https:\/\/www.europesays.com\/fr\/356037\/"},"modified":"2025-08-31T07:22:09","modified_gmt":"2025-08-31T07:22:09","slug":"et-si-une-prise-de-sang-revelait-vos-troubles-psychiques-une-decouverte-qui-bouleverse-lapproche-medicale","status":"publish","type":"post","link":"https:\/\/www.europesays.com\/fr\/356037\/","title":{"rendered":"Et si une prise de sang r\u00e9v\u00e9lait vos troubles psychiques ? Une d\u00e9couverte qui bouleverse l&rsquo;approche m\u00e9dicale"},"content":{"rendered":"<p>Et s&rsquo;il suffisait d&rsquo;une simple prise de sang pour que nos tourments int\u00e9rieurs soient enfin compris, mis en lumi\u00e8re, reconnus ? Imaginez un instant : anxi\u00e9t\u00e9, humeur en berne, troubles du sommeil ou id\u00e9es noires ne seraient plus des ressentis immat\u00e9riels \u00e0 expliquer, mais des \u00e9quations chimiques inscrites dans notre corps, analys\u00e9es par la m\u00e9decine, offrant des diagnostics plus objectifs. Cette id\u00e9e bouscule tout, interroge notre vision de l&rsquo;esprit\u2026 et suscite une curiosit\u00e9 teint\u00e9e de prudence. Entre r\u00e9alit\u00e9 scientifique et promesse d&rsquo;une r\u00e9volution, explorons les coulisses d&rsquo;une m\u00e9decine o\u00f9 le sang est sur le point de r\u00e9v\u00e9ler nos fragilit\u00e9s psychiques, pour mieux les soigner demain.<\/p>\n<p>La sant\u00e9 mentale : quand le corps parle plus fort que les mots<br \/>\nL&rsquo;explosion des troubles psychiques : une r\u00e9alit\u00e9 difficile \u00e0 cerner<\/p>\n<p>Depuis quelques ann\u00e9es, la sant\u00e9 mentale est devenue un enjeu de sant\u00e9 publique majeur, autant en France qu&rsquo;ailleurs en Europe. <strong>Plus d&rsquo;un Fran\u00e7ais sur cinq<\/strong> souffrirait au moins une fois dans sa vie d&rsquo;un trouble anxieux ou d\u00e9pressif. Pourtant, derri\u00e8re ces chiffres, la r\u00e9alit\u00e9 demeure souvent invisible : les sympt\u00f4mes psychiques sont subtils, pluriels, parfois tus par pudeur ou par crainte du jugement social.<\/p>\n<p>Les limites des diagnostics traditionnels : place au subjectif et \u00e0 l&rsquo;incertitude<\/p>\n<p>La plupart du temps, poser un diagnostic en sant\u00e9 mentale rel\u00e8ve d&rsquo;un entretien, d&rsquo;une \u00e9coute attentive et de questionnaires d&rsquo;auto\u00e9valuation. <strong>Mais les sentiments, les \u00e9motions, sont-ils toujours fiables ?<\/strong> La subjectivit\u00e9, le contexte culturel ou m\u00eame les conditions m\u00e9t\u00e9orologiques influencent la parole du patient. Cette impr\u00e9cision contribue \u00e0 l&rsquo;errance diagnostique et retarde parfois la mise en place d&rsquo;une prise en charge adapt\u00e9e.<\/p>\n<p>Immunopsychiatrie : quand nos globules blancs r\u00e9v\u00e8lent nos fragilit\u00e9s<br \/>\nInflammation, cytokines et mol\u00e9cules du stress : la guerre invisible en nous<\/p>\n<p>Notre sant\u00e9 mentale ne se limite pas au cerveau et aux \u00e9motions, elle s&rsquo;enracine aussi dans notre corps. <strong>L&rsquo;immunopsychiatrie, une science en plein essor<\/strong>, s&rsquo;int\u00e9resse aux liens entre le syst\u00e8me immunitaire, l&rsquo;inflammation chronique et le d\u00e9veloppement de troubles comme la d\u00e9pression. Il appara\u00eet qu&rsquo;en cas de stress intense, des mol\u00e9cules appel\u00e9es cytokines se d\u00e9versent dans le sang, cr\u00e9ant un climat inflammatoire qui, selon certains marqueurs, serait associ\u00e9 aux d\u00e9s\u00e9quilibres psychiques.<\/p>\n<p>Du laboratoire au cabinet : comment ces d\u00e9couvertes bouleversent l&rsquo;approche m\u00e9dicale<\/p>\n<p>Si les scientifiques ont longtemps \u00e9tudi\u00e9 ces ph\u00e9nom\u00e8nes en laboratoire, leurs d\u00e9couvertes investissent progressivement le champ clinique. <strong>Les m\u00e9decins commencent \u00e0 envisager les analyses sanguines comme des alli\u00e9es du diagnostic<\/strong>, capables de compl\u00e9ter l&rsquo;\u00e9coute et d&rsquo;objectiver certains troubles en apportant une dimension mesurable \u00e0 des sympt\u00f4mes auparavant uniquement subjectifs.<\/p>\n<p> Peut-on pr\u00e9dire la d\u00e9pression avec une seringue ?<br \/>\nLes biomarqueurs sous la loupe : CRP, cortisol, interleukines\u2026<\/p>\n<p>Le sang rec\u00e8le des secrets : certaines mol\u00e9cules, comme la prot\u00e9ine C-r\u00e9active (CRP), le cortisol ou certaines interleukines, sont aujourd&rsquo;hui \u00e9tudi\u00e9es de pr\u00e8s. Leur taux anormal pourrait \u00eatre le reflet d&rsquo;un d\u00e9r\u00e8glement biologique li\u00e9 \u00e0 la d\u00e9pression, \u00e0 l&rsquo;anxi\u00e9t\u00e9 ou au stress. \u00c0 travers un pr\u00e9l\u00e8vement sanguin, il devient alors possible de rep\u00e9rer une \u00ab\u00a0signature\u00a0\u00bb biologique d&rsquo;un trouble psychique en cours ou naissant, offrant ainsi une nouvelle perspective diagnostique.<\/p>\n<p>Rendre visible l&rsquo;invisible : ce que dit vraiment le sang sur notre cerveau<\/p>\n<p>M\u00eame si un simple tube de sang n&rsquo;en dira jamais autant que le v\u00e9cu intime d&rsquo;un patient, il peut fournir des indices pr\u00e9cieux sur l&rsquo;\u00e9tat du cerveau. <strong>Le sang, interface entre le corps et l&rsquo;esprit, offre de nouvelles pistes pour comprendre l&rsquo;origine biologique de certains sympt\u00f4mes<\/strong>, faire la distinction entre fatigue \u00ab\u00a0normale\u00a0\u00bb et d\u00e9pression, ou adapter les traitements plus rapidement et avec davantage de pr\u00e9cision.<\/p>\n<p>Les promesses d&rsquo;un diagnostic objectif : fantasme ou r\u00e9volution ?<br \/>\n Des tests fiables pour \u00e9viter l&rsquo;errance diagnostique ?<\/p>\n<p>Face aux incertitudes du diagnostic psychique traditionnel, <strong>l&rsquo;id\u00e9e d&rsquo;un test sanguin fiable s\u00e9duit autant qu&rsquo;elle inqui\u00e8te<\/strong>. Un r\u00e9sultat objectif pourrait \u00e9viter l&rsquo;errance, r\u00e9duire la stigmatisation et permettre d&rsquo;intervenir plus rapidement. En France, certains h\u00f4pitaux exp\u00e9rimentent d\u00e9j\u00e0 ce type d&rsquo;analyses chez les patients hospitalis\u00e9s pour troubles s\u00e9v\u00e8res, avec des r\u00e9sultats prometteurs mais encore pr\u00e9liminaires.<\/p>\n<p>Quand la biologie compl\u00e8te la clinique : des patients mieux accompagn\u00e9s<\/p>\n<p>Loin de remplacer la parole ou l&rsquo;\u00e9coute, le test sanguin pourrait devenir un outil compl\u00e9mentaire pour affiner le diagnostic, suivre l&rsquo;\u00e9volution d&rsquo;un trouble, personnaliser la prise en charge. C&rsquo;est une nouvelle page qui s&rsquo;ouvre pour les soignants, un pas vers une m\u00e9decine personnalis\u00e9e o\u00f9 chaque patient serait accompagn\u00e9 selon sa r\u00e9alit\u00e9 biologique et psychique, combinant ainsi les approches pour une meilleure efficacit\u00e9 th\u00e9rapeutique.<\/p>\n<p> Les limites et emb\u00fbches d&rsquo;un sang \u00ab\u00a0psy\u00a0\u00bb<br \/>\nDes r\u00e9sultats \u00e0 interpr\u00e9ter avec pr\u00e9caution : entre science et science-fiction<\/p>\n<p>Attention cependant \u00e0 ne pas basculer dans l&rsquo;exc\u00e8s de certitude. <strong>Un marqueur inflammatoire \u00e9lev\u00e9 ne signifie pas toujours d\u00e9pression et inversement<\/strong>. D&rsquo;autres maladies, un r\u00e9gime alimentaire d\u00e9s\u00e9quilibr\u00e9, le tabagisme ou l&rsquo;\u00e2ge peuvent \u00e9galement faire varier les taux. La prise de sang n&rsquo;est ni une boule de cristal, ni un d\u00e9tecteur infaillible, mais plut\u00f4t un outil qui n\u00e9cessite une interpr\u00e9tation contextuelle rigoureuse.<\/p>\n<p>Risques d&rsquo;erreurs, stigmatisation, march\u00e9 du bien-\u00eatre\u2026 attention aux d\u00e9rives<\/p>\n<p>Le risque existe de voir fleurir des offres commerciales non encadr\u00e9es, ou des promesses irr\u00e9alistes sur internet. Plus pr\u00e9occupant encore, une simple analyse, mal interpr\u00e9t\u00e9e, pourrait enfermer des personnes dans un diagnostic erron\u00e9 ou renforcer la stigmatisation autour des troubles psychiques, cr\u00e9ant ainsi de nouveaux probl\u00e8mes au lieu de r\u00e9soudre ceux existants.<\/p>\n<p>Demain, un bilan mental sur ordonnance ?<br \/>\n Vers une d\u00e9mocratisation des tests de sang pour la sant\u00e9 mentale<\/p>\n<p>Si la prise de sang \u00ab\u00a0psy\u00a0\u00bb reste aujourd&rsquo;hui r\u00e9serv\u00e9e \u00e0 la recherche ou \u00e0 des cas s\u00e9v\u00e8res, on peut envisager que ces tests se d\u00e9mocratiseront dans les prochaines ann\u00e9es, au m\u00eame titre que les dosages du cholest\u00e9rol ou du diab\u00e8te. <strong>Une avanc\u00e9e majeure pour briser la fronti\u00e8re artificielle entre sant\u00e9 physique et mentale<\/strong>, permettant une approche plus holistique et d\u00e9cloisonn\u00e9e du bien-\u00eatre humain.<\/p>\n<p> Ce que cette avanc\u00e9e change (ou pas) pour les patients et les soignants<\/p>\n<p>Sur ordonnance, une goutte de sang pourrait rassurer le patient, acc\u00e9l\u00e9rer la prise en charge, mais aussi redonner confiance dans le dialogue patient-soignant, trop souvent parasit\u00e9 par le doute ou la subjectivit\u00e9. Pourtant, ce progr\u00e8s n&rsquo;annulera jamais la dimension humaine de la sant\u00e9 mentale : l&rsquo;\u00e9coute, l&#8217;empathie et le r\u00e9cit singulier de chaque histoire demeureront des \u00e9l\u00e9ments fondamentaux de la relation th\u00e9rapeutique.<\/p>\n<p> R\u00e9inventer le dialogue entre science et conscience<\/p>\n<p>En repoussant les fronti\u00e8res entre \u00e9tat psychique et signes biologiques, la science redonne espoir de sortir la sant\u00e9 mentale de l&rsquo;ombre, sans la r\u00e9duire \u00e0 une simple formule sanguine. <strong>L&rsquo;immunopsychiatrie dessine les contours d&rsquo;une m\u00e9decine plus objective et personnalis\u00e9e, mais elle nous rappelle aussi que toutes les r\u00e9ponses ne tiennent pas dans une \u00e9prouvette<\/strong>. Il est probable que demain, savoir interpr\u00e9ter simultan\u00e9ment les r\u00e9sultats sanguins et la parole du patient offrira de nouvelles perspectives th\u00e9rapeutiques, tout en soulevant de nouvelles questions \u00e9thiques face \u00e0 la technicit\u00e9 croissante des soins.<\/p>\n<p>Et vous, seriez-vous pr\u00eat \u00e0 confier votre sant\u00e9 mentale \u00e0 une analyse biologique ? Ou restez-vous convaincu que les maux de l&rsquo;\u00e2me m\u00e9ritent d&rsquo;abord d&rsquo;\u00eatre v\u00e9cus, \u00e9cout\u00e9s et partag\u00e9s, avant d&rsquo;\u00eatre mesur\u00e9s ?<\/p>\n<p>Auteur : Passionn\u00e9 par le bien-\u00eatre, tant physique que mental, j&rsquo;aime amener chacun \u00e0 mieux comprendre son corps, ses besoins et ces gestes simples qui font la diff\u00e9rence au quotidien.<\/p>\n<p>Date de publication : 2025-08-31<\/p>\n<p>Source : INSERM<\/p>\n","protected":false},"excerpt":{"rendered":"Et s&rsquo;il suffisait d&rsquo;une simple prise de sang pour que nos tourments int\u00e9rieurs soient enfin compris, mis en&hellip;\n","protected":false},"author":2,"featured_media":356038,"comment_status":"","ping_status":"","sticky":false,"template":"","format":"standard","meta":{"footnotes":""},"categories":[10],"tags":[1011,27,72,56,71],"class_list":{"0":"post-356037","1":"post","2":"type-post","3":"status-publish","4":"format-standard","5":"has-post-thumbnail","7":"category-sante","8":"tag-fr","9":"tag-france","10":"tag-health","11":"tag-push","12":"tag-sante"},"share_on_mastodon":{"url":"https:\/\/pubeurope.com\/@fr\/115122178893074226","error":""},"_links":{"self":[{"href":"https:\/\/www.europesays.com\/fr\/wp-json\/wp\/v2\/posts\/356037","targetHints":{"allow":["GET"]}}],"collection":[{"href":"https:\/\/www.europesays.com\/fr\/wp-json\/wp\/v2\/posts"}],"about":[{"href":"https:\/\/www.europesays.com\/fr\/wp-json\/wp\/v2\/types\/post"}],"author":[{"embeddable":true,"href":"https:\/\/www.europesays.com\/fr\/wp-json\/wp\/v2\/users\/2"}],"replies":[{"embeddable":true,"href":"https:\/\/www.europesays.com\/fr\/wp-json\/wp\/v2\/comments?post=356037"}],"version-history":[{"count":0,"href":"https:\/\/www.europesays.com\/fr\/wp-json\/wp\/v2\/posts\/356037\/revisions"}],"wp:featuredmedia":[{"embeddable":true,"href":"https:\/\/www.europesays.com\/fr\/wp-json\/wp\/v2\/media\/356038"}],"wp:attachment":[{"href":"https:\/\/www.europesays.com\/fr\/wp-json\/wp\/v2\/media?parent=356037"}],"wp:term":[{"taxonomy":"category","embeddable":true,"href":"https:\/\/www.europesays.com\/fr\/wp-json\/wp\/v2\/categories?post=356037"},{"taxonomy":"post_tag","embeddable":true,"href":"https:\/\/www.europesays.com\/fr\/wp-json\/wp\/v2\/tags?post=356037"}],"curies":[{"name":"wp","href":"https:\/\/api.w.org\/{rel}","templated":true}]}}