{"id":356046,"date":"2025-08-31T07:27:28","date_gmt":"2025-08-31T07:27:28","guid":{"rendered":"https:\/\/www.europesays.com\/fr\/356046\/"},"modified":"2025-08-31T07:27:28","modified_gmt":"2025-08-31T07:27:28","slug":"dix-ans-apres-la-crise-migratoire-lallemagne-fait-le-bilan-du-wir-schaffen-das","status":"publish","type":"post","link":"https:\/\/www.europesays.com\/fr\/356046\/","title":{"rendered":"Dix ans apr\u00e8s la crise migratoire, l\u2019Allemagne fait le bilan du \u00ab\u00a0Wir schaffen das\u00a0\u00bb"},"content":{"rendered":"<p>                         <img loading=\"lazy\" decoding=\"async\" src=\"https:\/\/www.europesays.com\/fr\/wp-content\/uploads\/2025\/08\/e8fb2b2_upload-1-2ukhbr2igigu-787851.jpg\" alt=\"Mustafa Habash, 29\u00a0ans, est arriv\u00e9 en Allemagne en 2015, apr\u00e8s avoir quitt\u00e9 la Syrie en empruntant la \u00ab\u00a0route des Balkans\u00a0\u00bb. Il est d\u00e9sormais employ\u00e9 dans une entreprise textile de Burladingen, dans le Bade-Wurtemberg, qui fournit logement, formation professionnelle et cours d\u2019allemand. Ici, le 16\u00a0juillet 2025. \"   width=\"664\" height=\"443\"\/>    Mustafa Habash, 29\u00a0ans, est arriv\u00e9 en Allemagne en 2015, apr\u00e8s avoir quitt\u00e9 la Syrie en empruntant la \u00ab\u00a0route des Balkans\u00a0\u00bb. Il est d\u00e9sormais employ\u00e9 dans une entreprise textile de Burladingen, dans le Bade-Wurtemberg, qui fournit logement, formation professionnelle et cours d\u2019allemand. Ici, le 16\u00a0juillet 2025.  THOMAS KIENZLE\/AFP                 <\/p>\n<p class=\"article__paragraph  \">Comme souvent, la phrase n\u2019avait pas \u00e9t\u00e9 pens\u00e9e pour devenir un slogan. Lorsque la chanceli\u00e8re Angela Merkel prononce le d\u00e9sormais fameux \u00ab\u00a0Wir schaffen das\u00a0\u00bb (\u00ab\u00a0nous y arriverons\u00a0\u00bb), le 31\u00a0ao\u00fbt\u00a02015, lors d\u2019une conf\u00e9rence de presse, affirmant ainsi sa confiance dans la capacit\u00e9 de l\u2019Allemagne \u00e0 int\u00e9grer les centaines de milliers de r\u00e9fugi\u00e9s qui se pressent \u00e0 ses fronti\u00e8res dans le sillage de la crise en Syrie, elle ne se doute pas que celui-ci va lui \u00ab\u00a0exploser \u00e0 la figure\u00a0\u00bb, comme elle l\u2019\u00e9crit dans ses M\u00e9moires. Encore moins qu\u2019il ferait encore les gros titres, dix ans plus tard.<\/p>\n<p class=\"article__paragraph  \">\u00ab\u00a0Nous n\u2019y arriverons pas\u00a0\u00bb, d\u00e9cr\u00e9tait ainsi, le 20\u00a0janvier, le candidat Friedrich Merz, aujourd\u2019hui chancelier, pendant une campagne pour les \u00e9lections l\u00e9gislatives du 23\u00a0f\u00e9vrier marqu\u00e9e par une succession d\u2019attaques meurtri\u00e8res perp\u00e9tr\u00e9es par des personnes issues de l\u2019immigration. \u00ab\u00a0Nous n\u2019y sommes manifestement pas parvenus\u00a0\u00bb, r\u00e9p\u00e9tait-il encore lors de son interview d\u2019\u00e9t\u00e9 du 13\u00a0juillet, cherchant \u00e0 nouveau \u00e0 se d\u00e9marquer de l\u2019h\u00e9ritage de sa pr\u00e9d\u00e9cesseure, que la droite allemande accuse d\u2019\u00eatre \u00e0 l\u2019origine de la mont\u00e9e de l\u2019extr\u00eame droite depuis dix ans. Entre 2 millions et 3\u00a0millions de r\u00e9fugi\u00e9s sont arriv\u00e9s en Allemagne au cours des dix derni\u00e8res ann\u00e9es, dont 1,1\u00a0million en\u00a02015 et 2016, puis un peu plus de 1\u00a0million d\u2019Ukrainiens apr\u00e8s 2022.<\/p>\n<p class=\"reading-mode-only \"><strong>Il vous reste 82.11% de cet article \u00e0 lire. La suite est r\u00e9serv\u00e9e aux abonn\u00e9s.<\/strong><\/p>\n","protected":false},"excerpt":{"rendered":"Mustafa Habash, 29\u00a0ans, est arriv\u00e9 en Allemagne en 2015, apr\u00e8s avoir quitt\u00e9 la Syrie en empruntant la \u00ab\u00a0route&hellip;\n","protected":false},"author":2,"featured_media":356047,"comment_status":"","ping_status":"","sticky":false,"template":"","format":"standard","meta":{"footnotes":""},"categories":[5],"tags":[11,1011,27,14,12,28],"class_list":{"0":"post-356046","1":"post","2":"type-post","3":"status-publish","4":"format-standard","5":"has-post-thumbnail","7":"category-international","8":"tag-actualites","9":"tag-fr","10":"tag-france","11":"tag-international","12":"tag-news","13":"tag-world"},"share_on_mastodon":{"url":"https:\/\/pubeurope.com\/@fr\/115122198465441031","error":""},"_links":{"self":[{"href":"https:\/\/www.europesays.com\/fr\/wp-json\/wp\/v2\/posts\/356046","targetHints":{"allow":["GET"]}}],"collection":[{"href":"https:\/\/www.europesays.com\/fr\/wp-json\/wp\/v2\/posts"}],"about":[{"href":"https:\/\/www.europesays.com\/fr\/wp-json\/wp\/v2\/types\/post"}],"author":[{"embeddable":true,"href":"https:\/\/www.europesays.com\/fr\/wp-json\/wp\/v2\/users\/2"}],"replies":[{"embeddable":true,"href":"https:\/\/www.europesays.com\/fr\/wp-json\/wp\/v2\/comments?post=356046"}],"version-history":[{"count":0,"href":"https:\/\/www.europesays.com\/fr\/wp-json\/wp\/v2\/posts\/356046\/revisions"}],"wp:featuredmedia":[{"embeddable":true,"href":"https:\/\/www.europesays.com\/fr\/wp-json\/wp\/v2\/media\/356047"}],"wp:attachment":[{"href":"https:\/\/www.europesays.com\/fr\/wp-json\/wp\/v2\/media?parent=356046"}],"wp:term":[{"taxonomy":"category","embeddable":true,"href":"https:\/\/www.europesays.com\/fr\/wp-json\/wp\/v2\/categories?post=356046"},{"taxonomy":"post_tag","embeddable":true,"href":"https:\/\/www.europesays.com\/fr\/wp-json\/wp\/v2\/tags?post=356046"}],"curies":[{"name":"wp","href":"https:\/\/api.w.org\/{rel}","templated":true}]}}