{"id":356048,"date":"2025-08-31T07:30:22","date_gmt":"2025-08-31T07:30:22","guid":{"rendered":"https:\/\/www.europesays.com\/fr\/356048\/"},"modified":"2025-08-31T07:30:22","modified_gmt":"2025-08-31T07:30:22","slug":"un-etat-ne-rembourse-jamais-sa-dette-il-ne-paie-que-la-charge-de-la-dette","status":"publish","type":"post","link":"https:\/\/www.europesays.com\/fr\/356048\/","title":{"rendered":"\u00ab\u00a0Un Etat ne rembourse jamais sa dette, il ne paie que la charge de la dette\u00a0\u00bb"},"content":{"rendered":"\n<p class=\"article__paragraph  \">Le premier ministre, Fran\u00e7ois Bayrou, lors de sa conf\u00e9rence de presse du lundi 25\u00a0ao\u00fbt, a consacr\u00e9 un long d\u00e9veloppement \u00e0 la dette publique. Au-del\u00e0 de la man\u0153uvre politique consistant \u00e0 essayer d\u2019\u00e9vacuer les mesures propos\u00e9es pour le budget 2026, il convient de rappeler quelques \u00e9l\u00e9ments qui vont \u00e0 l\u2019oppos\u00e9 de sa tentative de dramatisation.<\/p>\n<p class=\"article__paragraph  \">Il serait trop long ici de faire une liste exhaustive des discours apocalyptiques sur la dette publique. Citons simplement <a href=\"https:\/\/www.lemonde.fr\/societe\/article\/2007\/09\/22\/les-propos-de-m-fillon-sur-la-situation-de-faillite-de-la-france-suscitent-la-polemique_958517_3224.html\" rel=\"nofollow noopener\" target=\"_blank\">l\u2019affirmation en\u00a02007 de Fran\u00e7ois Fillon, alors premier ministre, affirmant qu\u2019il g\u00e9rait \u00ab\u00a0un Etat en faillite\u00a0\u00bb<\/a>. Du Fran\u00e7ois Bayrou dans le texte. Et d\u2019ailleurs, Fran\u00e7ois Bayrou lui-m\u00eame reconna\u00eet qu\u2019il alerte depuis des d\u00e9cennies sur le danger d\u2019un haut niveau de dette publique\u2026 sans que ce pr\u00e9tendu danger se concr\u00e9tise en aucune mani\u00e8re.<\/p>\n<p>                                   Lire aussi |  Article r\u00e9serv\u00e9 \u00e0 nos abonn\u00e9s  <a href=\"https:\/\/www.lemonde.fr\/les-decodeurs\/article\/2025\/08\/27\/dette-la-situation-est-elle-aussi-preoccupante-que-le-soutient-francois-bayrou_6636484_4355770.html\" class=\"js-article-read-also catcher--favoris__link\" data-premium=\"1\" id=\"article-title-3435463\" rel=\"nofollow noopener\" target=\"_blank\">Dette\u00a0: la situation est-elle aussi pr\u00e9occupante que le soutient Fran\u00e7ois Bayrou\u00a0?<\/a>    <\/p>\n<p>   Lire plus tard  <\/p>\n<p class=\"article__paragraph  \">Venons-en au fond. Rappelons que le niveau actuel de la dette n\u2019est pas le sympt\u00f4me d\u2019un Etat qui vivrait au-dessus de ses moyens, d\u00e9pensant de fa\u00e7on irresponsable et inefficace. Lorsqu\u2019on analyse r\u00e9trospectivement la mont\u00e9e du ratio entre la dette et le PIB depuis 1980 (lorsque ce ratio \u00e9tait \u00e0 20\u00a0%), on s\u2019aper\u00e7oit que la dette est d\u2019abord la cons\u00e9quence de quatre facteurs.<\/p>\n<p>           Pas de quoi dramatiser           <\/p>\n<p class=\"article__paragraph  \">Primo, les taux d\u2019int\u00e9r\u00eat sup\u00e9rieurs au taux de croissance durant les ann\u00e9es 1980 et 1990 (l\u2019effet \u00ab\u00a0boule de neige\u00a0\u00bb)\u00a0; deuzio, la contre-r\u00e9volution fiscale des trente derni\u00e8res ann\u00e9es, qui a vu l\u2019Etat se priver de ressources au profit des m\u00e9nages ais\u00e9s et des entreprises\u00a0; tertio, le co\u00fbt direct et indirect de la crise financi\u00e8re de 2007-2008, qui a vu l\u2019Etat sauver le syst\u00e8me financier priv\u00e9\u00a0; quarto, plus r\u00e9cemment, les mesures de soutien pour lutter contre le Covid-19.<\/p>\n<p class=\"article__paragraph  \">Pour autant, ind\u00e9pendamment de ses origines, le niveau actuel de la dette publique repr\u00e9sente-t-il une menace\u00a0? Il faut comprendre qu\u2019un Etat ne rembourse jamais sa dette. Il ne paie que la charge de la dette. Lorsqu\u2019un titre de la dette publique arrive \u00e0 \u00e9ch\u00e9ance, l\u2019Etat emprunte de nouveau pour le rembourser\u00a0: il fait \u00ab\u00a0rouler\u00a0\u00bb la dette.<\/p>\n<p class=\"reading-mode-only \"><strong>Il vous reste 67.51% de cet article \u00e0 lire. La suite est r\u00e9serv\u00e9e aux abonn\u00e9s.<\/strong><\/p>\n","protected":false},"excerpt":{"rendered":"Le premier ministre, Fran\u00e7ois Bayrou, lors de sa conf\u00e9rence de presse du lundi 25\u00a0ao\u00fbt, a consacr\u00e9 un long&hellip;\n","protected":false},"author":2,"featured_media":356049,"comment_status":"","ping_status":"","sticky":false,"template":"","format":"standard","meta":{"footnotes":""},"categories":[4],"tags":[11,1011,27,12,25],"class_list":{"0":"post-356048","1":"post","2":"type-post","3":"status-publish","4":"format-standard","5":"has-post-thumbnail","7":"category-france","8":"tag-actualites","9":"tag-fr","10":"tag-france","11":"tag-news","12":"tag-republique-francaise"},"share_on_mastodon":{"url":"https:\/\/pubeurope.com\/@fr\/115122210272171573","error":""},"_links":{"self":[{"href":"https:\/\/www.europesays.com\/fr\/wp-json\/wp\/v2\/posts\/356048","targetHints":{"allow":["GET"]}}],"collection":[{"href":"https:\/\/www.europesays.com\/fr\/wp-json\/wp\/v2\/posts"}],"about":[{"href":"https:\/\/www.europesays.com\/fr\/wp-json\/wp\/v2\/types\/post"}],"author":[{"embeddable":true,"href":"https:\/\/www.europesays.com\/fr\/wp-json\/wp\/v2\/users\/2"}],"replies":[{"embeddable":true,"href":"https:\/\/www.europesays.com\/fr\/wp-json\/wp\/v2\/comments?post=356048"}],"version-history":[{"count":0,"href":"https:\/\/www.europesays.com\/fr\/wp-json\/wp\/v2\/posts\/356048\/revisions"}],"wp:featuredmedia":[{"embeddable":true,"href":"https:\/\/www.europesays.com\/fr\/wp-json\/wp\/v2\/media\/356049"}],"wp:attachment":[{"href":"https:\/\/www.europesays.com\/fr\/wp-json\/wp\/v2\/media?parent=356048"}],"wp:term":[{"taxonomy":"category","embeddable":true,"href":"https:\/\/www.europesays.com\/fr\/wp-json\/wp\/v2\/categories?post=356048"},{"taxonomy":"post_tag","embeddable":true,"href":"https:\/\/www.europesays.com\/fr\/wp-json\/wp\/v2\/tags?post=356048"}],"curies":[{"name":"wp","href":"https:\/\/api.w.org\/{rel}","templated":true}]}}