{"id":35605,"date":"2025-04-19T04:23:24","date_gmt":"2025-04-19T04:23:24","guid":{"rendered":"https:\/\/www.europesays.com\/fr\/35605\/"},"modified":"2025-04-19T04:23:24","modified_gmt":"2025-04-19T04:23:24","slug":"pres-de-lyon-la-police-arrete-un-camion-beaucoup-trop-charge-une-prise-exceptionnelle","status":"publish","type":"post","link":"https:\/\/www.europesays.com\/fr\/35605\/","title":{"rendered":"Pr\u00e8s de Lyon. La police arr\u00eate un camion beaucoup trop charg\u00e9, une prise exceptionnelle"},"content":{"rendered":"<p>            Par<br \/>\n        <strong><br \/>\n            <a href=\"https:\/\/actu.fr\/auteur\/anthony-soudani\" title=\"Consulter tous les articles de Anthony Soudani\" rel=\"nofollow noopener\" target=\"_blank\">Anthony Soudani<\/a><br \/>\n        <\/strong><\/p>\n<p>        Publi\u00e9 le<\/p>\n<p>            17 avr. 2025 \u00e0 18h14<br \/>\n        ; mis \u00e0 jour le 18 avr. 2025 \u00e0 18h03    <\/p>\n<p><strong>INFO ACTU LYON.<\/strong> Grosse prise pour l\u2019office anti-stup\u00e9fiants. Les policiers de l\u2019agence de lutte contre le trafic de stup\u00e9fiants ont arr\u00eat\u00e9 un camion \u00e0 V\u00e9nissieux (<a href=\"https:\/\/actu.fr\/auvergne-rhone-alpes\/rhone_69\" rel=\"nofollow noopener\" target=\"_blank\">Rh\u00f4ne<\/a>), au sud de la m\u00e9tropole de <a href=\"https:\/\/actu.fr\/lyon\/\" rel=\"nofollow noopener\" target=\"_blank\">Lyon<\/a>, dans la matin\u00e9e du mercredi 16 avril.<\/p>\n<p>    <a href=\"https:\/\/www.google.com\/maps\/embed?pb=!1m18!1m12!1m3!1d22306.16170910142!2d4.8897563102152235!3d45.66547549045116!2m3!1f0!2f0!3f0!3m2!1i1024!2i768!4f13.1!3m3!1m2!1s0x47f4c31e7f1aede5%3A0x7be28d0e2596c262!2s69960%20Corbas!5e0!3m2!1sfr!2sfr!4v1744900482584!5m2!1sfr!2sfr\" title=\"Ouvrie le lien\" rel=\"nofollow noopener\" target=\"_blank\">Cliquez ici pour visualiser le contenu<\/a><\/p>\n<p>Plusieurs centaines de kilos de drogue dans le camion<\/p>\n<p class=\" wall-content\">Plusieurs centaines de kilogrammes de drogue ont \u00e9t\u00e9 d\u00e9couvertes \u00e0 l\u2019int\u00e9rieur du v\u00e9hicule, d\u2019apr\u00e8s les informations d\u2019actu Lyon.<\/p>\n<p class=\" wall-content\">La saisie r\u00e9alis\u00e9e conjointement avec l\u2019Ofast de Lyon et de Grenoble est exceptionnelle : <strong>718 kg de r\u00e9sine de cannabis<\/strong>, 20 kg d\u2019herbe de cannabis et 46 210 euros en esp\u00e8ces.<\/p>\n<p>Un r\u00e9seau d\u2019importation de cannabis depuis l\u2019Espagne<\/p>\n<p class=\" wall-content\"><strong>Deux personnes ont \u00e9t\u00e9 interpell\u00e9es<\/strong> et plac\u00e9es en garde \u00e0 vue dans le cadre de cette enqu\u00eate diligent\u00e9e sous l\u2019autorit\u00e9 du parquet de Lyon des chefs de trafic de stup\u00e9fiants en bande organis\u00e9e et participation \u00e0 une association de malfaiteurs.<\/p>\n<p class=\" wall-content\">Les investigations sont en cours. Cette prise est le fruit d\u2019une enqu\u00eate sur un r\u00e9seau d\u2019importation de cannabis depuis l\u2019Espagne.<\/p>\n<p class=\" wall-content\">Suivez toute l\u2019actualit\u00e9 de vos villes et m\u00e9dias favoris en vous inscrivant \u00e0 <a href=\"https:\/\/moncompte.actu.fr\" title=\"D\u00e9couvez Mon Actu\" rel=\"nofollow noopener\" data-trk=\"{&quot;cta&quot;:{&quot;action&quot;:&quot;https:\\\/\\\/moncompte.actu.fr&quot;,&quot;category&quot;:&quot;mon compte&quot;,&quot;from&quot;:&quot;article footer&quot;,&quot;name&quot;:&quot;Mon actu&quot;,&quot;type&quot;:&quot;cta&quot;}}\" target=\"_blank\">Mon Actu<\/a>.<\/p>\n","protected":false},"excerpt":{"rendered":"Par Anthony Soudani Publi\u00e9 le 17 avr. 2025 \u00e0 18h14 ; mis \u00e0 jour le 18 avr. 2025&hellip;\n","protected":false},"author":2,"featured_media":35606,"comment_status":"","ping_status":"","sticky":false,"template":"","format":"standard","meta":{"footnotes":""},"categories":[1889],"tags":[1111,11,2430,1052,1777,674,118,1011,27,303,2428,12,1072,25],"class_list":{"0":"post-35605","1":"post","2":"type-post","3":"status-publish","4":"format-standard","5":"has-post-thumbnail","7":"category-lyon","8":"tag-actu","9":"tag-actualites","10":"tag-auvergne-rhone-alpes","11":"tag-drogue","12":"tag-eu","13":"tag-europe","14":"tag-faits-divers","15":"tag-fr","16":"tag-france","17":"tag-justice","18":"tag-lyon","19":"tag-news","20":"tag-police","21":"tag-republique-francaise"},"share_on_mastodon":{"url":"https:\/\/pubeurope.com\/@fr\/114362725493458672","error":""},"_links":{"self":[{"href":"https:\/\/www.europesays.com\/fr\/wp-json\/wp\/v2\/posts\/35605","targetHints":{"allow":["GET"]}}],"collection":[{"href":"https:\/\/www.europesays.com\/fr\/wp-json\/wp\/v2\/posts"}],"about":[{"href":"https:\/\/www.europesays.com\/fr\/wp-json\/wp\/v2\/types\/post"}],"author":[{"embeddable":true,"href":"https:\/\/www.europesays.com\/fr\/wp-json\/wp\/v2\/users\/2"}],"replies":[{"embeddable":true,"href":"https:\/\/www.europesays.com\/fr\/wp-json\/wp\/v2\/comments?post=35605"}],"version-history":[{"count":0,"href":"https:\/\/www.europesays.com\/fr\/wp-json\/wp\/v2\/posts\/35605\/revisions"}],"wp:featuredmedia":[{"embeddable":true,"href":"https:\/\/www.europesays.com\/fr\/wp-json\/wp\/v2\/media\/35606"}],"wp:attachment":[{"href":"https:\/\/www.europesays.com\/fr\/wp-json\/wp\/v2\/media?parent=35605"}],"wp:term":[{"taxonomy":"category","embeddable":true,"href":"https:\/\/www.europesays.com\/fr\/wp-json\/wp\/v2\/categories?post=35605"},{"taxonomy":"post_tag","embeddable":true,"href":"https:\/\/www.europesays.com\/fr\/wp-json\/wp\/v2\/tags?post=35605"}],"curies":[{"name":"wp","href":"https:\/\/api.w.org\/{rel}","templated":true}]}}