{"id":356052,"date":"2025-08-31T07:43:17","date_gmt":"2025-08-31T07:43:17","guid":{"rendered":"https:\/\/www.europesays.com\/fr\/356052\/"},"modified":"2025-08-31T07:43:17","modified_gmt":"2025-08-31T07:43:17","slug":"miraculeux-je-ne-sais-pas-mais-je-suis-content","status":"publish","type":"post","link":"https:\/\/www.europesays.com\/fr\/356052\/","title":{"rendered":"Miraculeux je ne sais pas mais je suis content"},"content":{"rendered":"<p>Franck Rizzetto \u00e9tait un entraineur plut\u00f4t content en conf\u00e9rence de presse d&rsquo;apr\u00e8s-match ce samedi, apr\u00e8s le match nul obtenu par ses joueurs sur la pelouse de Saint-\u00c9tienne (1-1). Le deuxi\u00e8me point de la saison pour le GF38. \u00a0<\/p>\n<p><strong>Franck Rizzetto :<\/strong> \u00ab\u00a0Miraculeux je ne sais pas mais je suis content oui. Revenir au score c\u2019est tr\u00e8s bien, on sait contre qui on jouait ce soir, on n\u2019est pas les seuls \u00e0 avoir subi dans le jeu contre eux. On a la premi\u00e8re grosse situation, on aurait pu mener un but \u00e0 z\u00e9ro. N\u00e9anmoins, on a \u00e9t\u00e9 efficaces devant le but. Tant mieux. Je retiens surtout la discipline, la rigueur et l\u2019envie que mon \u00e9quipe a amen\u00e9 contre cette belle \u00e9quipe de Saint-\u00c9tienne. Je ne m\u2019occupe pas d\u2019eux mais ils ne d\u00e9rogent jamais \u00e0 leurs principes. Je savais que le score n\u2019allait pas influer sur le jeu, qu&rsquo;ils allaient jouer de la m\u00eame fa\u00e7on. <\/p>\n<p>Il fallait rester dans notre plan de jeu. Je savais qu\u2019on allait avoir des situations, s&rsquo;ouvrir \u00e0 cette \u00e9quipe aurait \u00e9t\u00e9 encore plus pr\u00e9judiciable. On a fait front, c\u2019est ce qu&rsquo;on a essay\u00e9 de bien faire (&#8230;)\u00a0Oui tout \u00e0 fait, j&rsquo;ai trouv\u00e9 que mes joueurs ont bien appr\u00e9hend\u00e9 l&rsquo;environnement. On \u00e9tait vraiment concentr\u00e9 sur ce qu\u2019on avait demand\u00e9, on est rest\u00e9 focus sur nous et sur l\u2019\u00e9quipe. Je leur avais dit de prendre du plaisir \u00e0 jouer dans des stades comme \u00e7a, je pense qu&rsquo;ils ont en ont pris. Si on peut en prendre, c&rsquo;est bien. <\/p>\n<p>Moi aussi j&rsquo;en ai pris. En tant que joueur, je me souviens d\u2019un but que j\u2019ai marqu\u00e9 ici, j\u2019ai toujours aim\u00e9 les stades avec les bonnes ambiances, m\u00eame si on est l\u2019adversaire. Je leur avais dit de montrer nos valeurs, de montrer leurs qualit\u00e9s individuelles au service du collectif.\u00a0<\/p>\n<p>Le bilan apr\u00e8s quatre matchs ? Il faut \u00eatre lucide, on n\u2019a pas gagn\u00e9 un match. Pour gagner un match, il faut \u00eatre plus consistant dans ce que l\u2019on fait, m\u00eame si on a eu des faits de jeu dans certains matchs. On doit mieux faire. Dans le r\u00e9alisme, on a toujours marqu\u00e9 un but, on doit mieux faire dans le jeu pour autant.\u00a0\u00bb<\/p>\n<p>                  <a href=\"https:\/\/media.unibet.fr\/redirect.aspx?pid=274690&amp;bid=4442\" rel=\"nofollow noopener\" target=\"_blank\"><img decoding=\"async\" src=\"https:\/\/www.europesays.com\/fr\/wp-content\/uploads\/2025\/06\/EVECT10_560x100_V2.gif\" class=\"img-fluid\" alt=\"Pariez sur l'ASSE avec Unibet\" style=\"max-width: auto !important;margin-left: 0 !important;width: 100%;\"\/><\/a><\/p>\n","protected":false},"excerpt":{"rendered":"Franck Rizzetto \u00e9tait un entraineur plut\u00f4t content en conf\u00e9rence de presse d&rsquo;apr\u00e8s-match ce samedi, apr\u00e8s le match nul&hellip;\n","protected":false},"author":2,"featured_media":356053,"comment_status":"","ping_status":"","sticky":false,"template":"","format":"standard","meta":{"footnotes":""},"categories":[9653],"tags":[1111,11,2430,1777,674,1011,27,12,25,4001],"class_list":{"0":"post-356052","1":"post","2":"type-post","3":"status-publish","4":"format-standard","5":"has-post-thumbnail","7":"category-saint-etienne","8":"tag-actu","9":"tag-actualites","10":"tag-auvergne-rhone-alpes","11":"tag-eu","12":"tag-europe","13":"tag-fr","14":"tag-france","15":"tag-news","16":"tag-republique-francaise","17":"tag-saint-etienne"},"share_on_mastodon":{"url":"https:\/\/pubeurope.com\/@fr\/115122261336135008","error":""},"_links":{"self":[{"href":"https:\/\/www.europesays.com\/fr\/wp-json\/wp\/v2\/posts\/356052","targetHints":{"allow":["GET"]}}],"collection":[{"href":"https:\/\/www.europesays.com\/fr\/wp-json\/wp\/v2\/posts"}],"about":[{"href":"https:\/\/www.europesays.com\/fr\/wp-json\/wp\/v2\/types\/post"}],"author":[{"embeddable":true,"href":"https:\/\/www.europesays.com\/fr\/wp-json\/wp\/v2\/users\/2"}],"replies":[{"embeddable":true,"href":"https:\/\/www.europesays.com\/fr\/wp-json\/wp\/v2\/comments?post=356052"}],"version-history":[{"count":0,"href":"https:\/\/www.europesays.com\/fr\/wp-json\/wp\/v2\/posts\/356052\/revisions"}],"wp:featuredmedia":[{"embeddable":true,"href":"https:\/\/www.europesays.com\/fr\/wp-json\/wp\/v2\/media\/356053"}],"wp:attachment":[{"href":"https:\/\/www.europesays.com\/fr\/wp-json\/wp\/v2\/media?parent=356052"}],"wp:term":[{"taxonomy":"category","embeddable":true,"href":"https:\/\/www.europesays.com\/fr\/wp-json\/wp\/v2\/categories?post=356052"},{"taxonomy":"post_tag","embeddable":true,"href":"https:\/\/www.europesays.com\/fr\/wp-json\/wp\/v2\/tags?post=356052"}],"curies":[{"name":"wp","href":"https:\/\/api.w.org\/{rel}","templated":true}]}}