{"id":356057,"date":"2025-08-31T07:52:48","date_gmt":"2025-08-31T07:52:48","guid":{"rendered":"https:\/\/www.europesays.com\/fr\/356057\/"},"modified":"2025-08-31T07:52:48","modified_gmt":"2025-08-31T07:52:48","slug":"asm-rugby-3","status":"publish","type":"post","link":"https:\/\/www.europesays.com\/fr\/356057\/","title":{"rendered":"ASM Rugby"},"content":{"rendered":"<p>                                Pour le deuxi\u00e8me et dernier match de pr\u00e9paration avant la reprise de la saison, les hommes de Christophe Urios retrouvent les internationaux (Baptiste Jauneau, Killian Tixeront, L\u00e9on Darricarr\u00e8re et Giorgi Akhaladze) qui seront pr\u00e9sents dans un groupe de 29 joueurs. Alivereti Raka, Rob Simmons et Kylan Hamdaoui sont m\u00e9nag\u00e9s apr\u00e8s le d\u00e9placement \u00e0 Brive.<\/p>\n<p>\u00a0<\/p>\n<p>Le d\u00e9placement \u00e0 Brive \u00ab\u00a0a pos\u00e9 de bonnes bases\u00a0\u00bb comme le d\u00e9clarait Christophe Urios vendredi soir dernier apr\u00e8s une prestation convaincante de son \u00e9quipe face aux Corr\u00e9ziens. A une semaine de la reprise, l\u2019intensit\u00e9 devrait encore monter d\u2019un cran avec la r\u00e9ception, \u00e0 Issoire, des hommes de Pierre Mignoni.<\/p>\n<p>Pour ce deuxi\u00e8me galop d\u2019essai, les Auvergnats pourront compter sur les premi\u00e8res sorties des Tricolores (Baptiste Jauneau, L\u00e9on Darricarr\u00e8re et Killian Tixeront) et du gaucher g\u00e9orgien, Giorgi Akhaladze.\u00a0C\u2019est encore un peu t\u00f4t pour Regis Montagne, Pio Muarua, Joris Jurand, S\u00e9bastien B\u00e9zy et Tom Raffy qui ont toutefois repris l\u2019entrainement collectif avec opposition et devraient \u00eatre op\u00e9rationnels pour la reprise du championnat. Ils densifieront le collectif pour la pr\u00e9paration du match de Toulouse en compagnie de Rob Simmons, Alivereti Raka et Kylan Hamdaoui qui sont m\u00e9nag\u00e9s apr\u00e8s des chocs re\u00e7us lors de la rencontre \u00e0 Brive. A noter la pr\u00e9sence dans le groupe du jeune ouvreur argentin Juan Montilla, tr\u00e8s en vue lors de l\u2019\u00e9tape dacquoise du Supersevens.<\/p>\n<p><strong>La rencontre dont le coup d\u2019envoi sera donn\u00e9 \u00e0 Issoire vendredi \u00e0 19 heures sera retransmise en direct sur la chaine Youtube et Twitch de la Montagne.<\/strong><\/p>\n<p>    <img decoding=\"async\" class=\" img-width-100 \" src=\"https:\/\/www.europesays.com\/fr\/wp-content\/uploads\/2025\/08\/9489-groupe-asmrct.png\" alt=\"\"\/><\/p>\n","protected":false},"excerpt":{"rendered":"Pour le deuxi\u00e8me et dernier match de pr\u00e9paration avant la reprise de la saison, les hommes de Christophe&hellip;\n","protected":false},"author":2,"featured_media":356058,"comment_status":"","ping_status":"","sticky":false,"template":"","format":"standard","meta":{"footnotes":""},"categories":[9619],"tags":[1111,11,1777,674,1011,27,12,882,25,2310],"class_list":{"0":"post-356057","1":"post","2":"type-post","3":"status-publish","4":"format-standard","5":"has-post-thumbnail","7":"category-toulon","8":"tag-actu","9":"tag-actualites","10":"tag-eu","11":"tag-europe","12":"tag-fr","13":"tag-france","14":"tag-news","15":"tag-provence-alpes-cote-dazur","16":"tag-republique-francaise","17":"tag-toulon"},"share_on_mastodon":{"url":"https:\/\/pubeurope.com\/@fr\/115122300705953998","error":""},"_links":{"self":[{"href":"https:\/\/www.europesays.com\/fr\/wp-json\/wp\/v2\/posts\/356057","targetHints":{"allow":["GET"]}}],"collection":[{"href":"https:\/\/www.europesays.com\/fr\/wp-json\/wp\/v2\/posts"}],"about":[{"href":"https:\/\/www.europesays.com\/fr\/wp-json\/wp\/v2\/types\/post"}],"author":[{"embeddable":true,"href":"https:\/\/www.europesays.com\/fr\/wp-json\/wp\/v2\/users\/2"}],"replies":[{"embeddable":true,"href":"https:\/\/www.europesays.com\/fr\/wp-json\/wp\/v2\/comments?post=356057"}],"version-history":[{"count":0,"href":"https:\/\/www.europesays.com\/fr\/wp-json\/wp\/v2\/posts\/356057\/revisions"}],"wp:featuredmedia":[{"embeddable":true,"href":"https:\/\/www.europesays.com\/fr\/wp-json\/wp\/v2\/media\/356058"}],"wp:attachment":[{"href":"https:\/\/www.europesays.com\/fr\/wp-json\/wp\/v2\/media?parent=356057"}],"wp:term":[{"taxonomy":"category","embeddable":true,"href":"https:\/\/www.europesays.com\/fr\/wp-json\/wp\/v2\/categories?post=356057"},{"taxonomy":"post_tag","embeddable":true,"href":"https:\/\/www.europesays.com\/fr\/wp-json\/wp\/v2\/tags?post=356057"}],"curies":[{"name":"wp","href":"https:\/\/api.w.org\/{rel}","templated":true}]}}