{"id":356059,"date":"2025-08-31T07:53:10","date_gmt":"2025-08-31T07:53:10","guid":{"rendered":"https:\/\/www.europesays.com\/fr\/356059\/"},"modified":"2025-08-31T07:53:10","modified_gmt":"2025-08-31T07:53:10","slug":"je-ne-vais-pas-faire-la-lecon-aux-gens-le-maire-de-montpellier-satisfait-de-louverture-prochaine-de-lenseigne-de-fast-fashion-primark","status":"publish","type":"post","link":"https:\/\/www.europesays.com\/fr\/356059\/","title":{"rendered":"\u00ab\u00a0Je ne vais pas faire la le\u00e7on aux gens\u00a0\u00bb\u00a0: le maire de Montpellier satisfait de l&rsquo;ouverture prochaine de l\u2019enseigne de fast fashion Primark"},"content":{"rendered":"<p>\n                                                                Avec 200 emplois cr\u00e9\u00e9s, le maire met en avant l\u2019impact positif de l\u2019arriv\u00e9e de l\u2019enseigne irlandaise sur l\u2019emploi des jeunes \u00e0 Montpellier.\n                            <\/p>\n<p>Pour le maire de Montpellier, l\u2019arriv\u00e9e de Primark \u00e0 Odysseum est une bonne nouvelle, notamment sur le plan de l\u2019emploi.\u00a0\u00bbSur les 200 personnes recrut\u00e9es, 97\u00a0% sont des jeunes de Montpellier. Et moi, je veux me battre mordicus pour l\u2019emploi\u00a0\u00bb, souligne Micha\u00ebl Delafosse, qui devrait assister \u00e0 l\u2019inauguration du magasin.<\/p>\n<p>Inter<\/p>\n<p>Interrog\u00e9 sur le mod\u00e8le de la fast fashion auquel appartient l\u2019enseigne irlandaise, l\u2019\u00e9lu temp\u00e8re\u00a0: \u00ab\u00a0On ne va pas \u00eatre hypocrite, on a tous parfois des comportements\u2026 \u00e0 aller l\u00e0 o\u00f9 c\u2019est bon march\u00e9.\u00a0\u00bb Avant d\u2019ajouter\u00a0: \u00ab\u00a0Je ne vais pas faire la le\u00e7on aux gens. C\u2019est l\u00e0 qu\u2019on ab\u00eeme l\u2019\u00e9cologie\u00a0: en culpabilisant des familles qui, en difficult\u00e9, essayent simplement d\u2019habiller leurs enfants correctement.\u00a0\u00bb<\/p>\n<p>Le maire distingue toutefois Primark d\u2019autres acteurs du secteur. \u00ab\u00a0Avec Shein ou Temu, on est face \u00e0 un autre probl\u00e8me. Les lois, notamment sur les achats en ligne, doivent \u00e9voluer.\u00a0\u00bb<\/p>\n","protected":false},"excerpt":{"rendered":"Avec 200 emplois cr\u00e9\u00e9s, le maire met en avant l\u2019impact positif de l\u2019arriv\u00e9e de l\u2019enseigne irlandaise sur l\u2019emploi&hellip;\n","protected":false},"author":2,"featured_media":356060,"comment_status":"","ping_status":"","sticky":false,"template":"","format":"standard","meta":{"footnotes":""},"categories":[9599],"tags":[1111,11,1777,674,1011,27,2208,12,2680,25],"class_list":{"0":"post-356059","1":"post","2":"type-post","3":"status-publish","4":"format-standard","5":"has-post-thumbnail","7":"category-montpellier","8":"tag-actu","9":"tag-actualites","10":"tag-eu","11":"tag-europe","12":"tag-fr","13":"tag-france","14":"tag-montpellier","15":"tag-news","16":"tag-occitanie","17":"tag-republique-francaise"},"share_on_mastodon":{"url":"https:\/\/pubeurope.com\/@fr\/115122300762277195","error":""},"_links":{"self":[{"href":"https:\/\/www.europesays.com\/fr\/wp-json\/wp\/v2\/posts\/356059","targetHints":{"allow":["GET"]}}],"collection":[{"href":"https:\/\/www.europesays.com\/fr\/wp-json\/wp\/v2\/posts"}],"about":[{"href":"https:\/\/www.europesays.com\/fr\/wp-json\/wp\/v2\/types\/post"}],"author":[{"embeddable":true,"href":"https:\/\/www.europesays.com\/fr\/wp-json\/wp\/v2\/users\/2"}],"replies":[{"embeddable":true,"href":"https:\/\/www.europesays.com\/fr\/wp-json\/wp\/v2\/comments?post=356059"}],"version-history":[{"count":0,"href":"https:\/\/www.europesays.com\/fr\/wp-json\/wp\/v2\/posts\/356059\/revisions"}],"wp:featuredmedia":[{"embeddable":true,"href":"https:\/\/www.europesays.com\/fr\/wp-json\/wp\/v2\/media\/356060"}],"wp:attachment":[{"href":"https:\/\/www.europesays.com\/fr\/wp-json\/wp\/v2\/media?parent=356059"}],"wp:term":[{"taxonomy":"category","embeddable":true,"href":"https:\/\/www.europesays.com\/fr\/wp-json\/wp\/v2\/categories?post=356059"},{"taxonomy":"post_tag","embeddable":true,"href":"https:\/\/www.europesays.com\/fr\/wp-json\/wp\/v2\/tags?post=356059"}],"curies":[{"name":"wp","href":"https:\/\/api.w.org\/{rel}","templated":true}]}}