{"id":356061,"date":"2025-08-31T07:59:31","date_gmt":"2025-08-31T07:59:31","guid":{"rendered":"https:\/\/www.europesays.com\/fr\/356061\/"},"modified":"2025-08-31T07:59:31","modified_gmt":"2025-08-31T07:59:31","slug":"ca-pete-tu-as-vu-cest-le-14-juillet-a-montpellier-un-homme-de-19-ans-condamne-a-deux-ans-de-prison-pour-avoir-incendie-dix-voitures","status":"publish","type":"post","link":"https:\/\/www.europesays.com\/fr\/356061\/","title":{"rendered":"\u00ab\u00a0\u00c7a p\u00e8te, tu as vu, c\u2019est le 14\u00a0juillet\u00a0! \u00a0\u00bb\u00a0: \u00e0 Montpellier un homme de 19 ans condamn\u00e9 \u00e0 deux ans de prison pour avoir incendi\u00e9 dix voitures"},"content":{"rendered":"<p>\n                                                                Ce lundi\u00a011 ao\u00fbt, un jeune homme de 19 ans comparaissait devant le tribunal de Montpellier pour avoir br\u00fbl\u00e9 volontairement 10 voitures, un local \u00e0 poubelle et des cl\u00f4tures de maisons \u00e0 Saint-Jean-de-V\u00e9das.\n                            <\/p>\n<p>Dans la nuit du 24\u00a0juin, entre 4\u00a0h et 5\u00a0h du matin, les forces de l\u2019ordre et les pompiers sont alert\u00e9s pour plusieurs d\u00e9parts d\u2019incendies \u00e0 Saint-Jean-de-V\u00e9das, dans une zone \u00e0 forte densit\u00e9 d\u2019habitations. L\u2019inqui\u00e9tude est imm\u00e9diate. Les flammes, parties de plusieurs v\u00e9hicules en feu se propagent bien vite \u00e0 un local \u00e0 poubelles et l\u00e8chent les fa\u00e7ades de maisons voisines. Au total\u00a0: dix voitures carbonis\u00e9es et six d\u00e9parts de feu recens\u00e9s.<\/p>\n<p>Rapidement un individu \u00e0 proximit\u00e9 des pompiers et en \u00e9tat d\u2019\u00e9bri\u00e9t\u00e9 est identifi\u00e9 comme suspect. \u00c2g\u00e9 de 19 ans, Noah pr\u00e9sente sur lui des traces de suie et sent les hydrocarbures. Il est directement plac\u00e9 en garde \u00e0 vue et apr\u00e8s examen, son taux d\u2019alcool est \u00e9valu\u00e9 \u00e0 1,8\u00a0g\/L. Entendu quatre fois, ce dernier livre des versions diff\u00e9rentes des faits, admettant \u00ab\u00a0m\u00e9langer ses histoires\u00a0\u00bb. Il nie pourtant avoir commis les faits qui lui sont reproch\u00e9s affirmant se souvenir de \u00ab\u00a0flashs\u00a0\u00bb\u00a0de sa soir\u00e9e. \u00ab\u00a0Ce n\u2019est pas moi, \u00e7a ne correspond pas \u00e0 mon \u00e9ducation, je n\u2019ai jamais fait une connerie\u00a0\u00bb, d\u00e9clare-t-il \u00e0 la pr\u00e9sidente.<\/p>\n<p>\u00ab\u00a0Tu as fait prendre feu les voitures petit con\u00a0?\u00a0\u00bb<\/p>\n<p>Toutefois beaucoup d\u2019\u00e9l\u00e9ments vont \u00e0 l\u2019encontre de ses d\u00e9clarations jug\u00e9es \u00ab\u00a0ent\u00eat\u00e9es, illogiques et peu cr\u00e9dibles\u00a0\u00bb\u00a0selon le procureur. Plusieurs t\u00e9moins disent avoir aper\u00e7u un jeune homme sur la route ce matin-l\u00e0 et donnent une description claire\u00a0: un jeune homme mince, pantalon blanc et t-shirt marine avec une \u00ab\u00a0grosse touffe de cheveux\u00a0\u00bb\u00a0et un serre-t\u00eate les plaquant en arri\u00e8re, sentant l\u2019essence. L\u2019un d\u2019eux rapporte avoir vu le gar\u00e7on fig\u00e9 au milieu de la route pour observer le feu dans un \u00e9tat second qui lui aurait lanc\u00e9\u00a0: \u00ab\u00a0\u00c7a p\u00e8te, tu as vu, c\u2019est le 14\u00a0juillet\u00a0\u00bb\u00a0pour ensuite lui demander de le conduire \u00e0 Palavas. Anthony, une connaissance de Noah, rapporte l\u2019avoir crois\u00e9 sur les lieux pr\u00e8s des pompiers alors qu\u2019il se rendait \u00e0 son travail. Noah l\u2019aurait interpell\u00e9 pour lui demander de le ramener. Lors de la garde \u00e0 vue, un message d\u2019Anthony sera retrouv\u00e9 dans le t\u00e9l\u00e9phone du pr\u00e9venu\u00a0: \u00ab\u00a0c\u2019est toi, tu as fait prendre feu les voitures petit con\u00a0?\u00a0\u00bb<\/p>\n<p>Les cam\u00e9ras de surveillances attestent leurs dires, montrant un individu avec la m\u00eame tenue s\u2019approchant et p\u00e9n\u00e9trant dans une voiture, jouant avec un briquet, puis provoquant un d\u00e9part de feu.<\/p>\n<p>\u00ab\u00a0On se met en danger pour des choses futiles\u00a0\u00bb<\/p>\n<p>Le procureur a soulign\u00e9 la gravit\u00e9 des faits et les avocats des parties civiles ont d\u00e9crit la peur persistante des habitants\u00a0: une septuag\u00e9naire traumatis\u00e9e, une riveraine craignant une r\u00e9cidive, une autre voyant sa fa\u00e7ade l\u00e9ch\u00e9e par les flammes. Certaines victimes n\u2019\u00e9taient pas assur\u00e9es contre l\u2019incendie. Un pompier, pr\u00e9sent \u00e0 l\u2019audience, raconte s\u2019\u00eatre br\u00fbl\u00e9 \u00e0 la cuisse en intervenant le jour des faits. Il a subi 30 jours d\u2019arr\u00eat de travail et garde une cicatrice \u00e0 vie\u00a0: \u00ab\u00a0On se met en danger pour des choses futiles\u00a0\u00bb, a-t-il d\u00e9plor\u00e9, en col\u00e8re.<\/p>\n<p>Malgr\u00e9 le fait que l\u2019avocat du pr\u00e9venu ait plaid\u00e9 l\u2019insuffisance des preuves mat\u00e9rielles et une enqu\u00eate lacunaire, l\u2019absence d\u2019examen de ses v\u00eatements ainsi que le doute sur son identification sur les vid\u00e9os, le tribunal a jug\u00e9 Noah coupable. Il est condamn\u00e9 \u00e0 deux ans d\u2019emprisonnement dont douze mois fermes am\u00e9nageables sous bracelet \u00e9lectronique, assortis d\u2019un an de sursis probatoire pendant deux ans. Le jeune homme, devra \u00e9galement suivre des soins en addictologie et indemniser les victimes.<\/p>\n","protected":false},"excerpt":{"rendered":"Ce lundi\u00a011 ao\u00fbt, un jeune homme de 19 ans comparaissait devant le tribunal de Montpellier pour avoir br\u00fbl\u00e9&hellip;\n","protected":false},"author":2,"featured_media":356062,"comment_status":"","ping_status":"","sticky":false,"template":"","format":"standard","meta":{"footnotes":""},"categories":[9599],"tags":[1111,11,1777,674,1011,27,2208,12,2680,25],"class_list":{"0":"post-356061","1":"post","2":"type-post","3":"status-publish","4":"format-standard","5":"has-post-thumbnail","7":"category-montpellier","8":"tag-actu","9":"tag-actualites","10":"tag-eu","11":"tag-europe","12":"tag-fr","13":"tag-france","14":"tag-montpellier","15":"tag-news","16":"tag-occitanie","17":"tag-republique-francaise"},"share_on_mastodon":{"url":"https:\/\/pubeurope.com\/@fr\/115122324527671286","error":""},"_links":{"self":[{"href":"https:\/\/www.europesays.com\/fr\/wp-json\/wp\/v2\/posts\/356061","targetHints":{"allow":["GET"]}}],"collection":[{"href":"https:\/\/www.europesays.com\/fr\/wp-json\/wp\/v2\/posts"}],"about":[{"href":"https:\/\/www.europesays.com\/fr\/wp-json\/wp\/v2\/types\/post"}],"author":[{"embeddable":true,"href":"https:\/\/www.europesays.com\/fr\/wp-json\/wp\/v2\/users\/2"}],"replies":[{"embeddable":true,"href":"https:\/\/www.europesays.com\/fr\/wp-json\/wp\/v2\/comments?post=356061"}],"version-history":[{"count":0,"href":"https:\/\/www.europesays.com\/fr\/wp-json\/wp\/v2\/posts\/356061\/revisions"}],"wp:featuredmedia":[{"embeddable":true,"href":"https:\/\/www.europesays.com\/fr\/wp-json\/wp\/v2\/media\/356062"}],"wp:attachment":[{"href":"https:\/\/www.europesays.com\/fr\/wp-json\/wp\/v2\/media?parent=356061"}],"wp:term":[{"taxonomy":"category","embeddable":true,"href":"https:\/\/www.europesays.com\/fr\/wp-json\/wp\/v2\/categories?post=356061"},{"taxonomy":"post_tag","embeddable":true,"href":"https:\/\/www.europesays.com\/fr\/wp-json\/wp\/v2\/tags?post=356061"}],"curies":[{"name":"wp","href":"https:\/\/api.w.org\/{rel}","templated":true}]}}