{"id":356063,"date":"2025-08-31T08:00:19","date_gmt":"2025-08-31T08:00:19","guid":{"rendered":"https:\/\/www.europesays.com\/fr\/356063\/"},"modified":"2025-08-31T08:00:19","modified_gmt":"2025-08-31T08:00:19","slug":"attention-des-interdictions-sont-en-cours-sur-ces-plages-de-seine-maritime","status":"publish","type":"post","link":"https:\/\/www.europesays.com\/fr\/356063\/","title":{"rendered":"attention, des interdictions sont en cours sur ces plages de Seine-Maritime"},"content":{"rendered":"<p>            Par<br \/>\n        <strong><br \/>\n            <a href=\"https:\/\/actu.fr\/auteur\/vanessa-leroy\" title=\"Consulter tous les articles de Vanessa Leroy\" target=\"_blank\" rel=\"noopener\">Vanessa Leroy<\/a><br \/>\n        <\/strong><\/p>\n<p>        Publi\u00e9 le<\/p>\n<p>            31 ao\u00fbt 2025 \u00e0 9h18        <\/p>\n<p><strong>La baignade est toujours interdite<\/strong> et les activit\u00e9s nautiques suspendues au <a href=\"https:\/\/actu.fr\/normandie\/cany-barville_76159\/seine-maritime-la-baignade-est-interdite-dans-ce-lac-jusqu-a-nouvel-ordre-voici-pourquoi_63067173.html\" target=\"_blank\" rel=\"noopener\">lac de Caniel<\/a>, et ce depuis le 22 ao\u00fbt 2025, date des pr\u00e9l\u00e8vements qui ont r\u00e9v\u00e9l\u00e9 la pr\u00e9sence de cyanobact\u00e9ries.<\/p>\n<p class=\" wall-content\">Deux nouvelles plages de <a href=\"https:\/\/actu.fr\/76actu\/\" target=\"_blank\" rel=\"noopener\">Seine-Maritime<\/a> sont \u00e9galement frapp\u00e9es d\u2019une interdiction \u00e0 la baignade. Si vous comptiez y piquer une t\u00eate malgr\u00e9 la m\u00e9t\u00e9o peu cl\u00e9mente, il s\u2019agit de celles du <strong>Tr\u00e9port<\/strong> et de <strong>Saint-Jouin-Bruneval<\/strong>.<\/p>\n<p>\u00ab\u00a0Une interdiction pr\u00e9ventive\u00a0\u00bb \u00e0 Saint-Jouin-Bruneval<\/p>\n<p class=\" wall-content\">Des analyses effectu\u00e9es le 27 ao\u00fbt 2025 ont mis au jour une <strong>pollution aux ent\u00e9rocoques<\/strong> \u00e0 la plage du <strong>Tr\u00e9port<\/strong>. Un nouveau contr\u00f4le doit avoir lieu lundi 1er septembre 2025.<\/p>\n<p class=\" wall-content\">La plage de <strong>Saint-Jouin-Bruneval<\/strong> fait, quant \u00e0 elle, l\u2019objet d\u2019une \u00ab\u00a0<strong>interdictive pr\u00e9ventive<\/strong> compte tenu des fortes pr\u00e9cipitations\u00a0\u00bb, indique l\u2019<a href=\"https:\/\/www.normandie.ars.sante.fr\/les-interdictions-de-baignade-en-cours\" target=\"_blank\" rel=\"noopener\">agence r\u00e9gionale de sant\u00e9<\/a> de Normandie sur son site Internet. Une interdiction qui court \u00ab\u00a0jusqu\u2019\u00e0 un retour \u00e0 la normale\u00a0\u00bb.<\/p>\n<p class=\" wall-content\">\u00ab\u00a0Pour les zones connues comme vuln\u00e9rables ou sur la base des conclusions du profil, des interdictions pr\u00e9ventives de la baignade peuvent\u00a0 \u00eatre prononc\u00e9es \u2013 m\u00eame sans analyse \u2013 pour <strong>anticiper les risques de contamination<\/strong> li\u00e9s \u00e0 une pollution \u00e0 court terme pr\u00e9visible ou autre \u00e9v\u00e8nement particulier (pluviom\u00e9trie importante, dysfonctionnement du syst\u00e8me d\u2019assainissement\u2026)\u00a0 et ainsi pr\u00e9venir le risque d\u2019exposition des baigneurs \u00e0 l\u2019\u00e9ventuelle contamination\u00a0\u00bb, pr\u00e9cise l\u2019ARS.<\/p>\n<p class=\" wall-content\">En revanche, les interdictions mises en place le 21 ao\u00fbt 2025 ont \u00e9t\u00e9 lev\u00e9es pour les plages de <a href=\"https:\/\/actu.fr\/planete\/en-seine-maritime-ces-plages-sont-interdites-a-la-baignade-jusqu-a-au-moins-mardi_63070199.html\" target=\"_blank\" rel=\"noopener\">Saint-Pierre-en-Port<\/a>, des Petites Dalles (Saint-Martin aux Buneaux) et des Grandes Dalles (Sassetot-le-Mauconduit).<\/p>\n<p>La p\u00eache \u00e0 pied toujours proscrite sur une partie du littoral<\/p>\n<p class=\" wall-content\">S\u2019agissant de la <strong>p\u00eache \u00e0 pied<\/strong>, sa pratique est proscrite depuis la fin du mois de juin <strong>du Cap d\u2019Antifer \u00e0 Veulettes-sur-Mer<\/strong>, mais aussi <strong>\u00e0 Criel-sur-Mer<\/strong>, au lieu dit \u00ab\u00a0Mesnil-Val\u00a0\u00bb, \u00e0 cause de la prolif\u00e9ration de dinophysis, qui peut \u00eatre source de contamination des coquillages.<\/p>\n<p>Suivez l\u2019actualit\u00e9 du Havre <a href=\"https:\/\/www.whatsapp.com\/channel\/0029VaFqJYE8aKvLBwVrEe0o\" target=\"_blank\" rel=\"noopener\">sur notre cha\u00eene WhatsApp<\/a> et <a href=\"https:\/\/www.tiktok.com\/@76actu.fr?lang=fr\" target=\"_blank\" rel=\"noopener\">sur notre compte TikTok<\/a><\/p>\n<p class=\" wall-content\">Personnalisez votre actualit\u00e9 en ajoutant vos villes et m\u00e9dias en favori avec <a href=\"https:\/\/moncompte.actu.fr\" title=\"D\u00e9couvez Mon Actu\" rel=\"nofollow noopener\" data-trk=\"{&quot;cta&quot;:{&quot;action&quot;:&quot;https:\\\/\\\/moncompte.actu.fr&quot;,&quot;category&quot;:&quot;mon compte&quot;,&quot;from&quot;:&quot;article footer&quot;,&quot;name&quot;:&quot;Mon actu&quot;,&quot;type&quot;:&quot;cta&quot;}}\" target=\"_blank\">Mon Actu<\/a>.<\/p>\n<p>                    <script async src=\"\/\/www.tiktok.com\/embed.js\"><\/script><\/p>\n","protected":false},"excerpt":{"rendered":"Par Vanessa Leroy Publi\u00e9 le 31 ao\u00fbt 2025 \u00e0 9h18 La baignade est toujours interdite et les activit\u00e9s&hellip;\n","protected":false},"author":2,"featured_media":356064,"comment_status":"","ping_status":"","sticky":false,"template":"","format":"standard","meta":{"footnotes":""},"categories":[9587],"tags":[1111,11,1777,674,1011,27,12,5161,49212,8302,52,1800,25,9590],"class_list":{"0":"post-356063","1":"post","2":"type-post","3":"status-publish","4":"format-standard","5":"has-post-thumbnail","7":"category-rouen","8":"tag-actu","9":"tag-actualites","10":"tag-eu","11":"tag-europe","12":"tag-fr","13":"tag-france","14":"tag-news","15":"tag-normandie","16":"tag-peche-a-pied","17":"tag-plages","18":"tag-planete","19":"tag-pollution","20":"tag-republique-francaise","21":"tag-rouen"},"share_on_mastodon":{"url":"https:\/\/pubeurope.com\/@fr\/115122328224989618","error":""},"_links":{"self":[{"href":"https:\/\/www.europesays.com\/fr\/wp-json\/wp\/v2\/posts\/356063","targetHints":{"allow":["GET"]}}],"collection":[{"href":"https:\/\/www.europesays.com\/fr\/wp-json\/wp\/v2\/posts"}],"about":[{"href":"https:\/\/www.europesays.com\/fr\/wp-json\/wp\/v2\/types\/post"}],"author":[{"embeddable":true,"href":"https:\/\/www.europesays.com\/fr\/wp-json\/wp\/v2\/users\/2"}],"replies":[{"embeddable":true,"href":"https:\/\/www.europesays.com\/fr\/wp-json\/wp\/v2\/comments?post=356063"}],"version-history":[{"count":0,"href":"https:\/\/www.europesays.com\/fr\/wp-json\/wp\/v2\/posts\/356063\/revisions"}],"wp:featuredmedia":[{"embeddable":true,"href":"https:\/\/www.europesays.com\/fr\/wp-json\/wp\/v2\/media\/356064"}],"wp:attachment":[{"href":"https:\/\/www.europesays.com\/fr\/wp-json\/wp\/v2\/media?parent=356063"}],"wp:term":[{"taxonomy":"category","embeddable":true,"href":"https:\/\/www.europesays.com\/fr\/wp-json\/wp\/v2\/categories?post=356063"},{"taxonomy":"post_tag","embeddable":true,"href":"https:\/\/www.europesays.com\/fr\/wp-json\/wp\/v2\/tags?post=356063"}],"curies":[{"name":"wp","href":"https:\/\/api.w.org\/{rel}","templated":true}]}}