{"id":356065,"date":"2025-08-31T08:01:11","date_gmt":"2025-08-31T08:01:11","guid":{"rendered":"https:\/\/www.europesays.com\/fr\/356065\/"},"modified":"2025-08-31T08:01:11","modified_gmt":"2025-08-31T08:01:11","slug":"la-solitaire-du-figaro-paprec-2025-le-village-de-rouen-a-ouvert-ses-portes-dans-la-ferveur","status":"publish","type":"post","link":"https:\/\/www.europesays.com\/fr\/356065\/","title":{"rendered":"La Solitaire du Figaro Paprec 2025 : le village de Rouen a ouvert ses portes dans la ferveur"},"content":{"rendered":"<p>La journ\u00e9e d\u2019ouverture s\u2019est conclue par l\u2019un des moments les plus attendus : l\u2019arriv\u00e9e des 35 Figaro BENETEAU 3 engag\u00e9s et des 8 duos du D\u00e9fi Paprec. Leur remont\u00e9e de la Seine, suivie d\u2019un accostage face au Village vers 20h45, a offert un spectacle unique qui a rassembl\u00e9 de nombreux spectateurs.<\/p>\n<p>L\u2019inauguration officielle devait se tenir ce dimanche 31 ao\u00fbt \u00e0 14h30, en pr\u00e9sence d\u2019\u00e9lus et de partenaires, avant un cours de cuisine original anim\u00e9 par le parrain du village, le chef \u00e9toil\u00e9 Denny Imbroisi, accompagn\u00e9 de plusieurs skippers.<\/p>\n<p>Tout au long de la semaine, un riche programme d\u2019animations a \u00e9t\u00e9 annonc\u00e9 : le Journal de La Solitaire avec les marins, s\u00e9ances de d\u00e9dicaces, visites de Figaro BENETEAU 3, bapt\u00eames de voile, ateliers p\u00e9dagogiques, concerts et conf\u00e9rences. De quoi faire de Rouen un v\u00e9ritable terrain de jeu maritime avant le grand d\u00e9part.<\/p>\n<p>Les partenaires ont tenu \u00e0 rappeler l\u2019importance de ce rendez-vous. S\u00e9bastien Petithuguenin, Directeur G\u00e9n\u00e9ral du groupe Paprec, avait soulign\u00e9 :<br \/>\u00ab Rouen c\u00e9l\u00e8bre le patrimoine maritime au travers de l\u2019Armada et des grands voiliers historiques. Le village d\u00e9part de La Solitaire du Figaro Paprec promet d\u2019\u00eatre ludique, p\u00e9dagogique et festif, pour faire d\u00e9couvrir aussi \u00e0 toutes et tous cette aventure moderne qu\u2019est la course au large. Nous esp\u00e9rons ainsi susciter des vocations. Donner l\u2019envie et permettre au plus grand nombre d\u2019acc\u00e9der \u00e0 la course au large est en effet la raison d\u2019\u00eatre de l\u2019implication de Paprec sur le circuit Figaro, avec la Solitaire et la Transat Paprec. Avec mes \u00e9quipes, nous sommes \u00e9galement tr\u00e8s heureux de ce d\u00e9part en terres normandes, une r\u00e9gion o\u00f9 nous sommes tr\u00e8s impliqu\u00e9s sur l\u2019ensemble de nos m\u00e9tiers de la gestion des d\u00e9chets avec plus de 15 agences et usines et pr\u00e8s de 800 personnes. Une r\u00e9gion dans laquelle nous investissons r\u00e9guli\u00e8rement pour proposer \u00e0 nos clients industriels et collectivit\u00e9s les technologies de pointe les plus adapt\u00e9es pour donner de la valeur \u00e0 leurs d\u00e9chets et les transformer en nouvelles mati\u00e8res premi\u00e8res ou \u00e9nergies vertes. Les Rouennais ont ainsi pu croiser nos bennes de collecte des ordures m\u00e9nag\u00e8res d\u00e9carbon\u00e9es, circulant au gaz. Le d\u00e9part sur la Seine promet \u00e9galement d\u2019\u00eatre spectaculaire et de rappeler le r\u00f4le de l\u2019axe Paris-Rouen-Le Havre dans la d\u00e9carbonation des transports, r\u00f4le dans lequel nous sommes fiers de jouer un r\u00f4le. \u00c0 tous les navigateurs et navigatrices de cette 56e \u00e9dition de La Solitaire du Figaro sous la banni\u00e8re Paprec, je souhaite une aventure extraordinaire ! \u00bb<\/p>\n<p>Florent Schindler, Directeur de l&rsquo;information Figaro Nautisme \/ METEO CONSULT &#8211; La Cha\u00eene M\u00e9t\u00e9o, avait insist\u00e9 sur l\u2019h\u00e9ritage de l\u2019\u00e9preuve :<br \/>\u00ab Rendez-vous mythique de la course au large, La Solitaire du Figaro Paprec incarne depuis 55 ans l\u2019exigence, le courage et la magie de la voile en solitaire. Cette ann\u00e9e encore, 35 marins s\u2019\u00e9lanceront pour affronter les pi\u00e8ges des c\u00f4tes normandes, bretonnes et espagnoles, en passant par des caps entr\u00e9s dans la l\u00e9gende comme le Fastnet ou Finisterre. M\u00e9t\u00e9o Consult, partenaire m\u00e9t\u00e9o officiel depuis 2009, assurera un suivi pr\u00e9cis et rigoureux pour accompagner cette aventure. Mais une fois en mer, tout se joue sur l\u2019audace, l\u2019instinct et le g\u00e9nie marin des skippers. Le Figaro est fier d\u2019\u00e9crire, aux c\u00f4t\u00e9s de ces h\u00e9ros du large, une nouvelle page d\u2019une histoire qui ne ressemble \u00e0 aucune autre. \u00bb<\/p>\n<p>De son c\u00f4t\u00e9, Julie Coutts, Directrice G\u00e9n\u00e9rale OC Sport Pen Duick, avait salu\u00e9 l\u2019accueil r\u00e9serv\u00e9 \u00e0 l\u2019\u00e9v\u00e9nement :<br \/>\u00ab Nous sommes heureux de retrouver Rouen, v\u00e9ritable embl\u00e8me maritime et nautique, pour ce Grand D\u00e9part de La Solitaire du Figaro Paprec. Ce Grand D\u00e9part s\u2019annonce comme un temps fort pour les Rouennais et les visiteurs, que nous sommes heureux d\u2019accueillir en grand nombre sur les quais. Tout au long de la semaine, un large programme d\u2019animations, \u00e0 terre comme sur l\u2019eau, offrira \u00e0 chacun l\u2019occasion de d\u00e9couvrir l\u2019univers de la course au large et de vivre une v\u00e9ritable immersion dans le monde de la voile. Nous tenons \u00e0 remercier chaleureusement les \u00e9lus et les collectivit\u00e9s qui rendent ce rendez-vous possible. \u00bb<\/p>\n<p><strong>Une semaine de f\u00eate avant le grand d\u00e9part<\/strong><\/p>\n<p>Avec ce lancement r\u00e9ussi, Rouen s\u2019est pleinement inscrit dans la dynamique de cette 56e \u00e9dition. Jusqu\u2019au 5 septembre, le public est attendu nombreux pour profiter des animations et partager l\u2019aventure des marins. Les bateaux quitteront ensuite la capitale normande pour descendre la Seine vers Le Havre, avant le grand d\u00e9part le dimanche 7 septembre, qui marquera le d\u00e9but d\u2019une nouvelle page de la l\u00e9gende de la Solitaire du Figaro Paprec.<\/p>\n","protected":false},"excerpt":{"rendered":"La journ\u00e9e d\u2019ouverture s\u2019est conclue par l\u2019un des moments les plus attendus : l\u2019arriv\u00e9e des 35 Figaro BENETEAU&hellip;\n","protected":false},"author":2,"featured_media":356066,"comment_status":"","ping_status":"","sticky":false,"template":"","format":"standard","meta":{"footnotes":""},"categories":[9587],"tags":[1111,11,1777,674,1011,27,12,5161,25,9590],"class_list":{"0":"post-356065","1":"post","2":"type-post","3":"status-publish","4":"format-standard","5":"has-post-thumbnail","7":"category-rouen","8":"tag-actu","9":"tag-actualites","10":"tag-eu","11":"tag-europe","12":"tag-fr","13":"tag-france","14":"tag-news","15":"tag-normandie","16":"tag-republique-francaise","17":"tag-rouen"},"share_on_mastodon":{"url":"https:\/\/pubeurope.com\/@fr\/115122332171135570","error":""},"_links":{"self":[{"href":"https:\/\/www.europesays.com\/fr\/wp-json\/wp\/v2\/posts\/356065","targetHints":{"allow":["GET"]}}],"collection":[{"href":"https:\/\/www.europesays.com\/fr\/wp-json\/wp\/v2\/posts"}],"about":[{"href":"https:\/\/www.europesays.com\/fr\/wp-json\/wp\/v2\/types\/post"}],"author":[{"embeddable":true,"href":"https:\/\/www.europesays.com\/fr\/wp-json\/wp\/v2\/users\/2"}],"replies":[{"embeddable":true,"href":"https:\/\/www.europesays.com\/fr\/wp-json\/wp\/v2\/comments?post=356065"}],"version-history":[{"count":0,"href":"https:\/\/www.europesays.com\/fr\/wp-json\/wp\/v2\/posts\/356065\/revisions"}],"wp:featuredmedia":[{"embeddable":true,"href":"https:\/\/www.europesays.com\/fr\/wp-json\/wp\/v2\/media\/356066"}],"wp:attachment":[{"href":"https:\/\/www.europesays.com\/fr\/wp-json\/wp\/v2\/media?parent=356065"}],"wp:term":[{"taxonomy":"category","embeddable":true,"href":"https:\/\/www.europesays.com\/fr\/wp-json\/wp\/v2\/categories?post=356065"},{"taxonomy":"post_tag","embeddable":true,"href":"https:\/\/www.europesays.com\/fr\/wp-json\/wp\/v2\/tags?post=356065"}],"curies":[{"name":"wp","href":"https:\/\/api.w.org\/{rel}","templated":true}]}}