{"id":356067,"date":"2025-08-31T08:02:11","date_gmt":"2025-08-31T08:02:11","guid":{"rendered":"https:\/\/www.europesays.com\/fr\/356067\/"},"modified":"2025-08-31T08:02:11","modified_gmt":"2025-08-31T08:02:11","slug":"en-images-lasse-et-ses-35-700-supporters-frustres-par-des-grenoblois-plus-realistes","status":"publish","type":"post","link":"https:\/\/www.europesays.com\/fr\/356067\/","title":{"rendered":"En images. L&rsquo;ASSE et ses 35 700 supporters frustr\u00e9s par des Grenoblois plus r\u00e9alistes"},"content":{"rendered":"<p>Malgr\u00e9 un nouveau match domin\u00e9 de la t\u00eate et des \u00e9paules (79 % de possession, vingt frappes), les Verts ont \u00e9t\u00e9 accroch\u00e9s par Grenoble, dans un Chaudron une nouvelle fois plein \u00e0 craquer. Les St\u00e9phanois pensaient avoir fait le plus dur apr\u00e8s un but de Nad\u00e9 mais n&rsquo;ont pas su se mettre \u00e0 l&rsquo;abri et Diaby a offert un point aux siens, sur une des rares occasions du GF38.<\/p>\n","protected":false},"excerpt":{"rendered":"Malgr\u00e9 un nouveau match domin\u00e9 de la t\u00eate et des \u00e9paules (79 % de possession, vingt frappes), les&hellip;\n","protected":false},"author":2,"featured_media":356068,"comment_status":"","ping_status":"","sticky":false,"template":"","format":"standard","meta":{"footnotes":""},"categories":[9566],"tags":[1111,11,4000,2430,7539,1777,674,107,63,1011,27,5325,2798,2731,4002,3367,12,25,4001,273,517],"class_list":{"0":"post-356067","1":"post","2":"type-post","3":"status-publish","4":"format-standard","5":"has-post-thumbnail","7":"category-grenoble","8":"tag-actu","9":"tag-actualites","10":"tag-asse-as-saint-etienne-football","11":"tag-auvergne-rhone-alpes","12":"tag-edition-loire-sud","13":"tag-eu","14":"tag-europe","15":"tag-fil-info","16":"tag-football","17":"tag-fr","18":"tag-france","19":"tag-galerie-media","20":"tag-galerie-photo","21":"tag-grenoble","22":"tag-haute-loire","23":"tag-loire","24":"tag-news","25":"tag-republique-francaise","26":"tag-saint-etienne","27":"tag-selection-de-la-redaction","28":"tag-sport"},"share_on_mastodon":{"url":"https:\/\/pubeurope.com\/@fr\/115122336098526045","error":""},"_links":{"self":[{"href":"https:\/\/www.europesays.com\/fr\/wp-json\/wp\/v2\/posts\/356067","targetHints":{"allow":["GET"]}}],"collection":[{"href":"https:\/\/www.europesays.com\/fr\/wp-json\/wp\/v2\/posts"}],"about":[{"href":"https:\/\/www.europesays.com\/fr\/wp-json\/wp\/v2\/types\/post"}],"author":[{"embeddable":true,"href":"https:\/\/www.europesays.com\/fr\/wp-json\/wp\/v2\/users\/2"}],"replies":[{"embeddable":true,"href":"https:\/\/www.europesays.com\/fr\/wp-json\/wp\/v2\/comments?post=356067"}],"version-history":[{"count":0,"href":"https:\/\/www.europesays.com\/fr\/wp-json\/wp\/v2\/posts\/356067\/revisions"}],"wp:featuredmedia":[{"embeddable":true,"href":"https:\/\/www.europesays.com\/fr\/wp-json\/wp\/v2\/media\/356068"}],"wp:attachment":[{"href":"https:\/\/www.europesays.com\/fr\/wp-json\/wp\/v2\/media?parent=356067"}],"wp:term":[{"taxonomy":"category","embeddable":true,"href":"https:\/\/www.europesays.com\/fr\/wp-json\/wp\/v2\/categories?post=356067"},{"taxonomy":"post_tag","embeddable":true,"href":"https:\/\/www.europesays.com\/fr\/wp-json\/wp\/v2\/tags?post=356067"}],"curies":[{"name":"wp","href":"https:\/\/api.w.org\/{rel}","templated":true}]}}