{"id":356069,"date":"2025-08-31T08:03:16","date_gmt":"2025-08-31T08:03:16","guid":{"rendered":"https:\/\/www.europesays.com\/fr\/356069\/"},"modified":"2025-08-31T08:03:16","modified_gmt":"2025-08-31T08:03:16","slug":"le-fc-grenoble-simpose-sur-le-gong-a-oyonnax","status":"publish","type":"post","link":"https:\/\/www.europesays.com\/fr\/356069\/","title":{"rendered":"Le FC Grenoble s\u2019impose sur le gong \u00e0 Oyonnax"},"content":{"rendered":"<p align=\"JUSTIFY\"><strong>Pour la premi\u00e8re journ\u00e9e de Pro D2, les Grenoblois se d\u00e9pla\u00e7aient dans l\u2019Ain ce vendredi soir. Au terme d\u2019un match disput\u00e9 dans lequel les \u00e9quipes se sont rendues coup pour coup, le FCG est parvenu \u00e0 trouver les ressources n\u00e9cessaires pour s\u2019imposer apr\u00e8s que la sir\u00e8ne n\u2019ait retenti (30-28).<\/strong><\/p>\n<p align=\"JUSTIFY\">Voil\u00e0 un match qui va permettre aux Is\u00e9rois de faire le plein de confiance pour la suite du championnat\u00a0! Face \u00e0 une valeureuse \u00e9quipe d\u2019Oyonnax qui a men\u00e9 au score pendant plus de 50 minutes, les hommes du trio P\u00e9zery-Nadau-Hueber ont d\u00fb faire preuve de r\u00e9silience pour d\u00e9crocher un pr\u00e9cieux succ\u00e8s.<\/p>\n<p align=\"JUSTIFY\">Pourtant, la rencontre avait d\u00e9marr\u00e9 sur les chapeaux de roue pour les Alpins qui inscrivaient le premier essai de la rencontre par l\u2019interm\u00e9diaire d\u2019Aur\u00e9lien Callandret (5-0, 4e). La seule recrue titularis\u00e9e au coup d\u2019envoi voyait Romain Trouilloud transformer son essai et permettre ainsi \u00e0 ses co\u00e9quipiers de faire la course en t\u00eate (7-0). Mais le souffl\u00e9 est vite retomb\u00e9\u00a0! Les Hauts-Bugistes multipliaient les temps de possession et les assauts offensifs face \u00e0 une d\u00e9fense qui craquait \u00e0 deux reprises. Pierre Samuel Pacheco (13e) puis Jonathan Ruru (36e) permettaient \u00e0 Oyonnax de dominer cette premi\u00e8re affiche de Pro D2 au tableau d\u2019affichage (18-10). Seule \u00e9claircie dans la grisaille du stade Charles-Mathon, la p\u00e9nalit\u00e9 de Romain Trouilloud en toute fin de premi\u00e8re p\u00e9riode (18-13, 40e).<\/p>\n<p align=\"JUSTIFY\">Au retour des vestiaires, les Aindinois frappaient en premier par l\u2019interm\u00e9diaire de Gabin Stark qui inscrivait son premier essai de la saison (23-13, 46e). Transform\u00e9 par Justin Bouraux, auteur de 13 points, cet essai permettait \u00e0 Oyonnax de prendre une avance confortable \u00e0 une demi-heure du terme de cette rencontre (25-13, 47e). Pour autant, les Grenoblois n\u2019abdiquaient pas et sonnaient la r\u00e9volte\u00a0! Port\u00e9s par un banc de touche d\u00e9cisif \u00e0 l\u2019image de Giorji Javakhia (25-18, 56e) et Gerswin Mouton (28-25, 69e) qui inscrivaient un essai seulement quelques minutes apr\u00e8s leur entr\u00e9e en jeu, les Is\u00e9rois revenaient dans la partie. Et c\u2019est en fin de match que le sort de la rencontre allait basculer en faveur des visiteurs. A l\u2019issue d\u2019une s\u00e9quence durant laquelle les m\u00eal\u00e9es se sont enchain\u00e9es, M. Barbot offrait une p\u00e9nalit\u00e9 aux partenaires de Romain Trouilloud. Ce dernier ne tremblait et voyait son ballon passer entre les poteaux pour offrir la premi\u00e8re victoire de la saison aux Is\u00e9rois (30-28).<\/p>\n<p align=\"JUSTIFY\">Au terme d\u2019une formidable remont\u00e9e, le FCG a engrang\u00e9 de la confiance avant de d\u00e9fier le Stade Aurillacois au Stade des Alpes. Apr\u00e8s leur d\u00e9faite en pr\u00e9paration, les Grenoblois auront soif de revanche face \u00e0 une formation qui a domin\u00e9 Carcassonne hier soir (41-10).<\/p>\n<p align=\"JUSTIFY\"><b>Bastien Soury (talonneur du FCG) au micro du <\/b><b>Dauphin\u00e9 Lib\u00e9r\u00e9<\/b>\u00a0: \u00ab\u00a0Commencer une saison \u00e0 Oyonnax par une victoire, c\u2019est hyper positif. Apr\u00e8s, on ne s\u2019\u00e9tait pas forc\u00e9ment donn\u00e9 comme objectif la victoire, mais on voulait r\u00e9pondre pr\u00e9sent dans l\u2019intensit\u00e9, dans le combat. C\u2019est ce qu\u2019on a fait. On savait que si on restait dans le match, \u00e7a allait peut-\u00eatre se d\u00e9canter pour nous. Les occasions sont pass\u00e9es par l\u00e0, tant mieux. Apr\u00e8s, il y a beaucoup de choses qu\u2019il faut am\u00e9liorer, on est en d\u00e9but de saison. Il faut qu\u2019on bosse physiquement, il y a des points \u00e0 am\u00e9liorer, la m\u00eal\u00e9e notamment, o\u00f9 on a \u00e9t\u00e9 \u00e9norm\u00e9ment sanctionn\u00e9 ce soir. Mais c\u2019est un tr\u00e8s bon d\u00e9but de championnat. La derni\u00e8re p\u00e9nalit\u00e9\u00a0? Je ne pensais pas que l\u2019arbitre allait nous la donner. Apr\u00e8s, on sait que \u201cTrouille\u201d est un tr\u00e8s bon buteur. On avait confiance sur la longueur de son jeu au pied.\u00a0\u00bb<\/p>\n<p>\n\tArticles similaires<\/p>\n","protected":false},"excerpt":{"rendered":"Pour la premi\u00e8re journ\u00e9e de Pro D2, les Grenoblois se d\u00e9pla\u00e7aient dans l\u2019Ain ce vendredi soir. Au terme&hellip;\n","protected":false},"author":2,"featured_media":208192,"comment_status":"","ping_status":"","sticky":false,"template":"","format":"standard","meta":{"footnotes":""},"categories":[9566],"tags":[1111,11,2430,1777,674,1011,27,2731,12,25],"class_list":{"0":"post-356069","1":"post","2":"type-post","3":"status-publish","4":"format-standard","5":"has-post-thumbnail","7":"category-grenoble","8":"tag-actu","9":"tag-actualites","10":"tag-auvergne-rhone-alpes","11":"tag-eu","12":"tag-europe","13":"tag-fr","14":"tag-france","15":"tag-grenoble","16":"tag-news","17":"tag-republique-francaise"},"share_on_mastodon":{"url":"https:\/\/pubeurope.com\/@fr\/115122340822404190","error":""},"_links":{"self":[{"href":"https:\/\/www.europesays.com\/fr\/wp-json\/wp\/v2\/posts\/356069","targetHints":{"allow":["GET"]}}],"collection":[{"href":"https:\/\/www.europesays.com\/fr\/wp-json\/wp\/v2\/posts"}],"about":[{"href":"https:\/\/www.europesays.com\/fr\/wp-json\/wp\/v2\/types\/post"}],"author":[{"embeddable":true,"href":"https:\/\/www.europesays.com\/fr\/wp-json\/wp\/v2\/users\/2"}],"replies":[{"embeddable":true,"href":"https:\/\/www.europesays.com\/fr\/wp-json\/wp\/v2\/comments?post=356069"}],"version-history":[{"count":0,"href":"https:\/\/www.europesays.com\/fr\/wp-json\/wp\/v2\/posts\/356069\/revisions"}],"wp:featuredmedia":[{"embeddable":true,"href":"https:\/\/www.europesays.com\/fr\/wp-json\/wp\/v2\/media\/208192"}],"wp:attachment":[{"href":"https:\/\/www.europesays.com\/fr\/wp-json\/wp\/v2\/media?parent=356069"}],"wp:term":[{"taxonomy":"category","embeddable":true,"href":"https:\/\/www.europesays.com\/fr\/wp-json\/wp\/v2\/categories?post=356069"},{"taxonomy":"post_tag","embeddable":true,"href":"https:\/\/www.europesays.com\/fr\/wp-json\/wp\/v2\/tags?post=356069"}],"curies":[{"name":"wp","href":"https:\/\/api.w.org\/{rel}","templated":true}]}}