{"id":356070,"date":"2025-08-31T08:04:18","date_gmt":"2025-08-31T08:04:18","guid":{"rendered":"https:\/\/www.europesays.com\/fr\/356070\/"},"modified":"2025-08-31T08:04:18","modified_gmt":"2025-08-31T08:04:18","slug":"altergenda-de-septembre-2025-alter1fo","status":"publish","type":"post","link":"https:\/\/www.europesays.com\/fr\/356070\/","title":{"rendered":"altergenda de septembre 2025 \u2013 Alter1fo"},"content":{"rendered":"<p style=\"text-align: justify;\"><strong>Reprise en (relative) douceur pour les sc\u00e8nes rennaises en ce mois de septembre. Vous devriez tout de m\u00eame trouver de quoi occuper quelques soir\u00e9es et il y a plein de belles choses aussi \u00e0 aller voir au cin\u00e9ma. De plus, les mois suivants s\u2019annoncent hautement g\u00e9n\u00e9reux et on subodore fortement que des dates viendront bient\u00f4t s\u2019ajouter. Soyez vigilant.e.s et guettez les mises \u00e0 jour.<\/strong><\/p>\n<p style=\"text-align: center;\"><img fetchpriority=\"high\" decoding=\"async\" class=\"aligncenter size-large wp-image-148710\" src=\"https:\/\/www.europesays.com\/fr\/wp-content\/uploads\/2025\/08\/collage-agenda-sept-25-500x500.jpg\" alt=\"\" width=\"500\" height=\"500\"  \/><\/p>\n<p>Du mardi 2 septembre au 02 novembre 2025<\/p>\n<p><img loading=\"lazy\" decoding=\"async\" class=\"wp-image-148686 size-thumbnail alignnone\" src=\"https:\/\/www.europesays.com\/fr\/wp-content\/uploads\/2025\/08\/visuel_expo-Boutzer_web-1024x751-1-320x200.jpg\" alt=\"\" width=\"320\" height=\"200\"\/><\/p>\n<ul>\n<li>exposition dessin \u00ab <strong>Faune<\/strong> \u00bb de <strong>Boutzer<\/strong> @ <strong>Jardin Moderne<\/strong><br \/><a href=\"https:\/\/www.jardinmoderne.org\/agenda\/faune-de-boutzer\/\" rel=\"nofollow noopener\" target=\"_blank\">Plus d\u2019<strong>1fos<\/strong><\/a><\/li>\n<\/ul>\n<p>Jeudi 4 septembre<\/p>\n<ul>\n<li><strong>Les Trans<\/strong> pr\u00e9sentent de la programmation de la rentr\u00e9e 2025 \u00e0 <strong>l\u2019Ubu<\/strong><br \/><a href=\"https:\/\/www.lestrans.com\/agenda-ubu\/presentation-de-la-programmation-2025-2026\/\" rel=\"nofollow noopener\" target=\"_blank\">Plus d\u2019<strong>1fos<\/strong><\/a><\/li>\n<\/ul>\n<p>Vendredi 5 septembre<\/p>\n<ul>\n<li><strong>Le Roi et l\u2019Oiseau, cin\u00e9-concert<\/strong> par <strong>Chapelier Fou<\/strong> @ <strong>Antipode<\/strong><br \/><a href=\"https:\/\/antipode-rennes.fr\/agenda\/le-roi-et-l-oiseau-cine-concert-par-chapelier-fou\" rel=\"nofollow noopener\" target=\"_blank\">Plus d\u2019<strong>1fos<\/strong><\/a><\/li>\n<\/ul>\n<p><img loading=\"lazy\" decoding=\"async\" class=\"size-medium wp-image-148681 alignnone\" src=\"https:\/\/www.europesays.com\/fr\/wp-content\/uploads\/2025\/08\/4356_1753771919-500x232.jpg\" alt=\"\" width=\"500\" height=\"232\"  \/><\/p>\n<ul>\n<li><strong>Avant-Premi\u00e8re<\/strong> : <strong>I am the Future<\/strong> de <strong>Rachel Cisinski,<\/strong> en sa pr\u00e9sence @ cin\u00e9ma <strong>Arvor<\/strong><br \/><a href=\"https:\/\/www.cinema-arvor.fr\/evenement\/2187605-avant-premiere-i-am-the-future-de-rachel-cisinski-en-sa-presence\" rel=\"nofollow noopener\" target=\"_blank\">Plus d\u2019<strong>1fos<\/strong><\/a><\/li>\n<\/ul>\n<p>Samedi 6 septembre<\/p>\n<p><img loading=\"lazy\" decoding=\"async\" class=\"size-medium wp-image-148704 alignnone\" src=\"https:\/\/www.europesays.com\/fr\/wp-content\/uploads\/2025\/08\/VISUEL_SITE-2_light-500x281.jpg\" alt=\"\" width=\"500\" height=\"281\"  \/><\/p>\n<p>Dimanche 7 septembre<\/p>\n<p><img loading=\"lazy\" decoding=\"async\" class=\"size-medium wp-image-148684 alignnone\" src=\"https:\/\/www.europesays.com\/fr\/wp-content\/uploads\/2025\/08\/4356_1756477631-500x232.jpg\" alt=\"\" width=\"500\" height=\"232\"  \/><\/p>\n<ul>\n<li>\u00a0<strong>Rembobinez !<\/strong> : <strong>Les Dents de la mer<\/strong> de <strong>Steven Spielberg<\/strong> @ cin\u00e9ma <strong>Arvor<\/strong><br \/><a href=\"https:\/\/www.cinema-arvor.fr\/evenement\/2188980-rembobinez-les-dents-de-la-mer-de-steven-spielberg\" rel=\"nofollow noopener\" target=\"_blank\">Plus d\u2019<strong>1fos<\/strong><\/a><\/li>\n<\/ul>\n<p><img loading=\"lazy\" decoding=\"async\" class=\"size-medium wp-image-148680 alignnone\" src=\"https:\/\/www.europesays.com\/fr\/wp-content\/uploads\/2025\/08\/4356_1753337898-500x232.jpg\" alt=\"\" width=\"500\" height=\"232\"  \/><\/p>\n<ul>\n<li><strong>Rembobinez !<\/strong> : <strong>Palombella Rossa<\/strong> de <strong>Nanni Moretti<\/strong> @ cin\u00e9ma <strong>Arvor<\/strong><br \/><a href=\"https:\/\/www.cinema-arvor.fr\/evenement\/2187391-rembobinez-palombella-rossa-de-nanni-moretti\" rel=\"nofollow noopener\" target=\"_blank\">Plus d\u2019<strong>1fos<\/strong><\/a><\/li>\n<\/ul>\n<p>Du dimanche 7 au samedi 13 septembre : festival I\u2019m From Rennes<\/p>\n<p><img loading=\"lazy\" decoding=\"async\" class=\"size-medium wp-image-148685 alignnone\" src=\"https:\/\/www.europesays.com\/fr\/wp-content\/uploads\/2025\/08\/IMFR-2025-title-dates-500x137.png\" alt=\"\" width=\"500\" height=\"137\"  \/><br \/>Toute <a href=\"https:\/\/imfromrennes.com\/concerts\/edition\/2025\/\" rel=\"nofollow noopener\" target=\"_blank\">la programmation par l\u00e0<\/a> et nos <strong>coups de c\u0153ur<\/strong> dans l\u2019agenda<\/p>\n<p>Mercredi 10 septembre<\/p>\n<p><img loading=\"lazy\" decoding=\"async\" class=\"size-medium wp-image-148683 alignnone\" src=\"https:\/\/www.europesays.com\/fr\/wp-content\/uploads\/2025\/08\/4356_1756387723-500x232.jpg\" alt=\"\" width=\"500\" height=\"232\"  \/><\/p>\n<ul>\n<li>\u00a0Cin\u00e9-Rencontre : <strong>Shimla<\/strong>, une fugue des temps modernes de <strong>Victoria Guillomon<\/strong> et <strong>Johan Reboul,<\/strong> en leur pr\u00e9sence @ cin\u00e9ma <strong>Arvor<\/strong><br \/><a href=\"https:\/\/www.cinema-arvor.fr\/evenement\/2188917-cine-rencontre-shimla-une-fugue-des-temps-modernes-de-victoria-guillomon-et-johan-reboul-en-leur-presence\" rel=\"nofollow noopener\" target=\"_blank\"><strong>Plus d\u20191fos<\/strong><\/a><\/li>\n<\/ul>\n<p>Jeudi 11 septembre<\/p>\n<p><img loading=\"lazy\" decoding=\"async\" class=\"size-medium wp-image-148679 alignnone\" src=\"https:\/\/www.europesays.com\/fr\/wp-content\/uploads\/2025\/08\/4356_1753165497-500x232.jpg\" alt=\"\" width=\"500\" height=\"232\"  \/><\/p>\n<ul>\n<li><strong>\u00a0MONUMENTAL<\/strong> : <strong>Chronique des ann\u00e9es de braise<\/strong> de <strong>Mohamed Lakhdar Hamina<\/strong> @ cin\u00e9ma <strong>Arvor<\/strong><br \/><a href=\"https:\/\/www.cinema-arvor.fr\/evenement\/2187306-monumental-chronique-des-annees-de-braise-de-mohamed-lakhdar-hamina\" rel=\"nofollow noopener\" target=\"_blank\">Plus d\u2019<strong>1fos<\/strong><\/a><\/li>\n<\/ul>\n<p>Vendredi 12 septembre<\/p>\n<p>Samedi 13 septembre<\/p>\n<p>Dimanche 14 septembre<\/p>\n<p><img loading=\"lazy\" decoding=\"async\" class=\"size-medium wp-image-148678 alignnone\" src=\"https:\/\/www.europesays.com\/fr\/wp-content\/uploads\/2025\/08\/4356_1752560254-500x232.jpg\" alt=\"\" width=\"500\" height=\"232\"  \/><\/p>\n<ul>\n<li>\u00a0<strong>Cin\u00e9vorax<\/strong> : <strong>Les Aventuriers de l\u2019Arche perdue<\/strong> de <strong>Steven Spielberg<\/strong> @ <strong>Arvor<\/strong><br \/><a href=\"https:\/\/www.cinema-arvor.fr\/evenement\/2187065-cinevorax-les-aventuriers-de-l-arche-perdue-de-steven-spielberg\" rel=\"nofollow noopener\" target=\"_blank\">Plus d\u2019<strong>1fos<\/strong><\/a><\/li>\n<\/ul>\n<p><img loading=\"lazy\" decoding=\"async\" class=\"size-medium wp-image-148677 alignnone\" src=\"https:\/\/www.europesays.com\/fr\/wp-content\/uploads\/2025\/08\/4356_1752153505-500x232.jpg\" alt=\"\" width=\"500\" height=\"232\"  \/><\/p>\n<ul>\n<li><strong>Le Film du Dimanche Soir<\/strong> : <strong>Indiana Jones et la Derni\u00e8re Croisade<\/strong> de <strong>Steven Spielberg<\/strong> @ cin\u00e9ma <strong>Arvor<\/strong><br \/><a href=\"https:\/\/www.cinema-arvor.fr\/evenement\/2186970-le-film-du-dimanche-soir-indiana-jones-et-la-derniere-croisade-de-steven-spielberg\" rel=\"nofollow noopener\" target=\"_blank\">Plus d\u2019<strong>1fos<\/strong><\/a><\/li>\n<\/ul>\n<p>Mercredi 17 septembre<\/p>\n<p>Jeudi 18 septembre<\/p>\n<p><img loading=\"lazy\" decoding=\"async\" class=\"size-medium wp-image-148682 alignnone\" src=\"https:\/\/www.europesays.com\/fr\/wp-content\/uploads\/2025\/08\/4356_1754465102-500x232.jpg\" alt=\"\" width=\"500\" height=\"232\"  \/><\/p>\n<ul>\n<li>\u00a0<strong>De l\u2019\u00e9cran \u00e0 la page<\/strong> : <strong>Mad Max 2<\/strong> par <strong>Melvin Zed<\/strong> @ Librairie <strong>Le Failler<\/strong> et cin\u00e9ma <strong>Arvor<\/strong><br \/><a href=\"https:\/\/www.cinema-arvor.fr\/evenement\/2187978-de-l-ecran-a-la-page-mad-max-2-par-melvin-zed\" rel=\"nofollow noopener\" target=\"_blank\">Plus d\u2019<strong>1fos<\/strong><\/a><\/li>\n<\/ul>\n<p>Du 19 septembre au 30 octobre<\/p>\n<p><img loading=\"lazy\" decoding=\"async\" class=\"size-medium wp-image-148708 alignnone\" src=\"https:\/\/www.europesays.com\/fr\/wp-content\/uploads\/2025\/08\/les_aventures_fictives_-_v5_infos_couleurs30-500x281.jpg\" alt=\"\" width=\"500\" height=\"281\"  \/><\/p>\n<ul>\n<li>\u00a0 <strong> Femme, autrice-dessinatrice, 28 ans, cherche aventures \u00e0 vivre<\/strong>, une exposition de <strong>L\u00e9a MKL<\/strong><br \/>Dans le cadre du festival <strong>Dangereuses Lectrices<br \/><\/strong><a href=\"https:\/\/antipode-rennes.fr\/agenda\/expo-leamkl\" rel=\"nofollow noopener\" target=\"_blank\">Plus d\u2019<strong>1fos<\/strong><\/a><\/li>\n<\/ul>\n<p>Samedi 20 septembre 2025<\/p>\n<ul>\n<li><strong>Les Trans<\/strong>, en partenariat avec l<strong>a Compagnie Dounia<\/strong> pr\u00e9sentent <strong>Habibi Club #2 : Sofiane Saidi,<\/strong> <strong>Bab\u2019el Da\u00f1s<\/strong> et <strong>La Louuve<\/strong> (DJ-set) @ <strong>L\u2019Ubu<\/strong><br \/><a href=\"https:\/\/www.lestrans.com\/agenda-ubu\/habibi-club-sofiane-saidi-babel-dans-la-louuve-dj-set\/\" rel=\"nofollow noopener\" target=\"_blank\">Plus d\u2019<strong>1fos<\/strong><\/a><\/li>\n<li><strong>Mass Prod<\/strong> et <strong>Breizh Disorder<\/strong> pr\u00e9sentent <strong>Mass Attack #6 <\/strong>@ <strong>Jardin Moderne<\/strong>avec <a href=\"https:\/\/www.instagram.com\/devotosoficial\/\" rel=\"nofollow noopener\" target=\"_blank\"><strong>Devotos<\/strong><\/a> (Br\u00e9sil, Punk Reggae),\u00a0<strong>Swimmin\u2019 Poor<\/strong> (Paris, punk noise\/hardcore), <a href=\"https:\/\/www.facebook.com\/RIPost66\/\" rel=\"nofollow noopener\" target=\"_blank\"><strong>Ripost 66<\/strong><\/a> (Bordeaux, punk-Oi!) et <a href=\"https:\/\/www.instagram.com\/butterbeansbrest\/?hl=fr\" rel=\"nofollow noopener\" target=\"_blank\"><strong>Butter Beans<\/strong><\/a> (Brest, ska punk)<br \/><a href=\"https:\/\/www.jardinmoderne.org\/agenda\/mass-attack-6\/\" rel=\"nofollow noopener\" target=\"_blank\">Plus d\u2019<strong>1fos<\/strong><\/a><\/li>\n<li><strong>Festival Le son d\u2019Gaston, 3\u00e8me \u00e9dition <\/strong>au<strong> Rheu<br \/><\/strong><strong>Miaou Miaou<\/strong>, <strong>Shantel<\/strong>,\u00a0<strong>Madam<\/strong>,\u00a0<strong>Benjamin EPS<\/strong>\u00a0et\u00a0DJ Set <strong>la vilaine radio<\/strong><br \/><a href=\"https:\/\/lesondgaston.fr\/\" rel=\"nofollow noopener\" target=\"_blank\">Toute la programmation<\/a><\/li>\n<\/ul>\n<p>Jeudi 25 septembre<\/p>\n<ul>\n<li><strong>Les Trans<\/strong> pr\u00e9sentent <strong>L\u00e9onie Pernet et Fallen Alien (Chanson \u00e9lectro)<\/strong> (pop) @ <strong>Antipode<\/strong><br \/><a href=\"https:\/\/antipode-rennes.fr\/agenda\/2025-09-25\" rel=\"nofollow noopener\" target=\"_blank\">Plus d\u2019<strong>1fos<\/strong><\/a><\/li>\n<\/ul>\n<p>Samedi 27 septembre<\/p>\n<p><script async src=\"\/\/www.instagram.com\/embed.js\"><\/script><\/p>\n","protected":false},"excerpt":{"rendered":"Reprise en (relative) douceur pour les sc\u00e8nes rennaises en ce mois de septembre. Vous devriez tout de m\u00eame&hellip;\n","protected":false},"author":2,"featured_media":356071,"comment_status":"","ping_status":"","sticky":false,"template":"","format":"standard","meta":{"footnotes":""},"categories":[2821],"tags":[1111,11,829,1777,674,1011,27,12,584,25],"class_list":{"0":"post-356070","1":"post","2":"type-post","3":"status-publish","4":"format-standard","5":"has-post-thumbnail","7":"category-rennes","8":"tag-actu","9":"tag-actualites","10":"tag-bretagne","11":"tag-eu","12":"tag-europe","13":"tag-fr","14":"tag-france","15":"tag-news","16":"tag-rennes","17":"tag-republique-francaise"},"share_on_mastodon":{"url":"https:\/\/pubeurope.com\/@fr\/115122344332901555","error":""},"_links":{"self":[{"href":"https:\/\/www.europesays.com\/fr\/wp-json\/wp\/v2\/posts\/356070","targetHints":{"allow":["GET"]}}],"collection":[{"href":"https:\/\/www.europesays.com\/fr\/wp-json\/wp\/v2\/posts"}],"about":[{"href":"https:\/\/www.europesays.com\/fr\/wp-json\/wp\/v2\/types\/post"}],"author":[{"embeddable":true,"href":"https:\/\/www.europesays.com\/fr\/wp-json\/wp\/v2\/users\/2"}],"replies":[{"embeddable":true,"href":"https:\/\/www.europesays.com\/fr\/wp-json\/wp\/v2\/comments?post=356070"}],"version-history":[{"count":0,"href":"https:\/\/www.europesays.com\/fr\/wp-json\/wp\/v2\/posts\/356070\/revisions"}],"wp:featuredmedia":[{"embeddable":true,"href":"https:\/\/www.europesays.com\/fr\/wp-json\/wp\/v2\/media\/356071"}],"wp:attachment":[{"href":"https:\/\/www.europesays.com\/fr\/wp-json\/wp\/v2\/media?parent=356070"}],"wp:term":[{"taxonomy":"category","embeddable":true,"href":"https:\/\/www.europesays.com\/fr\/wp-json\/wp\/v2\/categories?post=356070"},{"taxonomy":"post_tag","embeddable":true,"href":"https:\/\/www.europesays.com\/fr\/wp-json\/wp\/v2\/tags?post=356070"}],"curies":[{"name":"wp","href":"https:\/\/api.w.org\/{rel}","templated":true}]}}