{"id":356074,"date":"2025-08-31T08:06:19","date_gmt":"2025-08-31T08:06:19","guid":{"rendered":"https:\/\/www.europesays.com\/fr\/356074\/"},"modified":"2025-08-31T08:06:19","modified_gmt":"2025-08-31T08:06:19","slug":"obernai-du-pret-a-porter-a-la-place-des-macarons-delisabeth-biscarrat","status":"publish","type":"post","link":"https:\/\/www.europesays.com\/fr\/356074\/","title":{"rendered":"Obernai. Du pr\u00eat-\u00e0-porter \u00e0 la place des macarons d\u2019\u00c9lisabeth Biscarrat"},"content":{"rendered":"<p>Un an et demi apr\u00e8s avoir ouvert une boutique en plein centre d\u2019Obernai, dans la partie la plus touristique de la rue Gouraud, \u00c9lisabeth Biscarrat, gagnante de Masterchef 2011 et g\u00e9rante de Macarons et inspirations, l\u2019a ferm\u00e9e d\u00e9but ao\u00fbt. Ses <a href=\"https:\/\/www.dna.fr\/economie\/2023\/12\/21\/elisabeth-biscarrat-gagnante-de-masterchef-2011-ouvre-une-boutique-au-centre-ville\" target=\"_blank\" rel=\"noopener\">autres enseignes restent ouvertes<\/a>.<\/p>\n<p>Le samedi 16\u00a0ao\u00fbt, \u00e0 la place de la boutique obernoise, c\u2019est un magasin de pr\u00eat-\u00e0-porter pour homme qui a ouvert.<\/p>\n<p>  Originaires de Moselle<\/p>\n<p>Les g\u00e9rants, Pascal et Lucas Boulard, p\u00e8re et fils sont originaires de Saint-Avold (Moselle) o\u00f9 ils g\u00e9raient une boutique. Ils ont souhait\u00e9 s\u2019implanter \u00e0 Obernai pour son attractivit\u00e9 et son dynamisme. Ils font pour l\u2019heure la route quotidiennement.<\/p>\n<p>\u00ab\u00a0On conna\u00eet bien Obernai, on y vient souvent et on a eu l\u2019opportunit\u00e9 de s\u2019installer en plein centre-ville\u00a0\u00bb, compl\u00e8te Pascal Boulard.<\/p>\n<p>Le magasin propose des chemises, des vestes, des doudounes, des jeans ainsi que des chaussures, de la maroquinerie et des accessoires.<\/p>\n<p>La gamme est compos\u00e9e de produits pr\u00e9sent\u00e9s comme qualitatifs avec des marques italiennes et allemandes et s\u2019adresse \u00e0 une client\u00e8le allant du jeune adulte au senior.<\/p>\n","protected":false},"excerpt":{"rendered":"Un an et demi apr\u00e8s avoir ouvert une boutique en plein centre d\u2019Obernai, dans la partie la plus&hellip;\n","protected":false},"author":2,"featured_media":356075,"comment_status":"","ping_status":"","sticky":false,"template":"","format":"standard","meta":{"footnotes":""},"categories":[2820],"tags":[1111,11,4406,130,33,24625,1777,674,1011,27,775,12,30980,25862,25,640],"class_list":{"0":"post-356074","1":"post","2":"type-post","3":"status-publish","4":"format-standard","5":"has-post-thumbnail","7":"category-strasbourg","8":"tag-actu","9":"tag-actualites","10":"tag-commerce-et-services","11":"tag-consommation","12":"tag-economie","13":"tag-edition-molsheim-obernai","14":"tag-eu","15":"tag-europe","16":"tag-fr","17":"tag-france","18":"tag-grand-est","19":"tag-news","20":"tag-obernai","21":"tag-obernai-rosheim","22":"tag-republique-francaise","23":"tag-strasbourg"},"share_on_mastodon":{"url":"https:\/\/pubeurope.com\/@fr\/115122352248686978","error":""},"_links":{"self":[{"href":"https:\/\/www.europesays.com\/fr\/wp-json\/wp\/v2\/posts\/356074","targetHints":{"allow":["GET"]}}],"collection":[{"href":"https:\/\/www.europesays.com\/fr\/wp-json\/wp\/v2\/posts"}],"about":[{"href":"https:\/\/www.europesays.com\/fr\/wp-json\/wp\/v2\/types\/post"}],"author":[{"embeddable":true,"href":"https:\/\/www.europesays.com\/fr\/wp-json\/wp\/v2\/users\/2"}],"replies":[{"embeddable":true,"href":"https:\/\/www.europesays.com\/fr\/wp-json\/wp\/v2\/comments?post=356074"}],"version-history":[{"count":0,"href":"https:\/\/www.europesays.com\/fr\/wp-json\/wp\/v2\/posts\/356074\/revisions"}],"wp:featuredmedia":[{"embeddable":true,"href":"https:\/\/www.europesays.com\/fr\/wp-json\/wp\/v2\/media\/356075"}],"wp:attachment":[{"href":"https:\/\/www.europesays.com\/fr\/wp-json\/wp\/v2\/media?parent=356074"}],"wp:term":[{"taxonomy":"category","embeddable":true,"href":"https:\/\/www.europesays.com\/fr\/wp-json\/wp\/v2\/categories?post=356074"},{"taxonomy":"post_tag","embeddable":true,"href":"https:\/\/www.europesays.com\/fr\/wp-json\/wp\/v2\/tags?post=356074"}],"curies":[{"name":"wp","href":"https:\/\/api.w.org\/{rel}","templated":true}]}}