{"id":356078,"date":"2025-08-31T08:08:14","date_gmt":"2025-08-31T08:08:14","guid":{"rendered":"https:\/\/www.europesays.com\/fr\/356078\/"},"modified":"2025-08-31T08:08:14","modified_gmt":"2025-08-31T08:08:14","slug":"nice-mais-a-quoi-servent-ces-petites-cabines-bleues-en-plein-centre-ville","status":"publish","type":"post","link":"https:\/\/www.europesays.com\/fr\/356078\/","title":{"rendered":"Nice. Mais \u00e0 quoi servent ces petites cabines bleues en plein centre-ville\u00a0?"},"content":{"rendered":"<p>            Par<br \/>\n        <strong><br \/>\n            <a href=\"https:\/\/actu.fr\/auteur\/manon-reinhardt\" title=\"Consulter tous les articles de Manon Reinhardt\" rel=\"nofollow noopener\" target=\"_blank\">Manon Reinhardt<\/a><br \/>\n        <\/strong><\/p>\n<p>        Publi\u00e9 le<\/p>\n<p>            31 ao\u00fbt 2025 \u00e0 9h24        <\/p>\n<p>Depuis fin juillet, ils ont investi deux lieux embl\u00e9matiques de <a href=\"https:\/\/actu.fr\/provence-alpes-cote-d-azur\/nice_06088\" rel=\"nofollow noopener\" target=\"_blank\">Nice<\/a> (<a href=\"https:\/\/actu.fr\/provence-alpes-cote-d-azur\/alpes-maritimes_06\" rel=\"nofollow noopener\" target=\"_blank\">Alpes-Maritimes<\/a>)\u2009: les places Mass\u00e9na et Garibaldi. <strong>Des kiosques bleus<\/strong> ont \u00e9t\u00e9 install\u00e9s en plein centre-ville et sont ouverts au public. Mais \u00e0 quoi servent-ils exactement\u2009?<\/p>\n<p class=\" wall-content\">On vous explique.<\/p>\n<p>Des \u00e9changes plus faciles avec la police<\/p>\n<p class=\" wall-content\">Les Ni\u00e7ois, comme les visiteurs, les ont sans doute remarqu\u00e9s. Des petites cabines bleues ont fait leur apparition dans le centre-ville de la capitale azur\u00e9enne depuis fin juillet. \u00c0 premi\u00e8re vue, il s\u2019agit d\u2019un simple \u00ab\u2009point info\u2009\u00bb o\u00f9 les passants peuvent demander des renseignements. Oui, mais que pas.<\/p>\n<p class=\" wall-content\">En effet, la mairie a annonc\u00e9 vouloir renforcer la disponibilit\u00e9 et la proximit\u00e9 avec <strong>la police municipale<\/strong>. Ainsi, avec ces kiosques, elle exp\u00e9rimente une nouvelle mani\u00e8re de faire de la p\u00e9dagogie aupr\u00e8s de la population.\u00a0Objectif\u2009: \u00ab\u2009Favoriser les \u00e9changes et la visibilit\u00e9 des agents\u2009\u00bb et faire baisser la d\u00e9linquance.<\/p>\n<p>    <a href=\"https:\/\/www.facebook.com\/plugins\/post.php?href=https%3A%2F%2Fwww.facebook.com%2Festrosi.christian%2Fposts%2Fpfbid05i6qAsiqi8kYmcPfp1h6frJGi88EPfkoHTnVM6tZnVDPkWkkjzHeE3bo4517xk3vl&amp;show_text=true&amp;width=350\" title=\"Ouvrie le lien\" rel=\"nofollow noopener\" target=\"_blank\">Cliquez ici pour visualiser le contenu<\/a><\/p>\n<p>Jusqu\u2019au 30\u00a0septembre<\/p>\n<p class=\" wall-content\">Ils abritent \u00e9galement une autre mission\u2009: des agents d\u2019accueil multiservice et des employ\u00e9s de l\u2019office de tourisme qui r\u00e9pondent \u00e0 vos questions. Le dispositif est pr\u00e9vu jusqu\u2019au 30\u00a0septembre 2025, pr\u00e9cise la mairie de Nice. S\u2019il s\u2019av\u00e8re concluant, <strong>l\u2019outil pourrait bien \u00eatre g\u00e9n\u00e9ralis\u00e9<\/strong> et s\u2019\u00e9tendre \u00e0 d\u2019autres lieux tr\u00e8s fr\u00e9quent\u00e9s du centre-ville.<\/p>\n<p class=\" wall-content\">Personnalisez votre actualit\u00e9 en ajoutant vos villes et m\u00e9dias en favori avec <a href=\"https:\/\/moncompte.actu.fr\" title=\"D\u00e9couvez Mon Actu\" rel=\"nofollow noopener\" data-trk=\"{&quot;cta&quot;:{&quot;action&quot;:&quot;https:\\\/\\\/moncompte.actu.fr&quot;,&quot;category&quot;:&quot;mon compte&quot;,&quot;from&quot;:&quot;article footer&quot;,&quot;name&quot;:&quot;Mon actu&quot;,&quot;type&quot;:&quot;cta&quot;}}\" target=\"_blank\">Mon Actu<\/a>.<\/p>\n","protected":false},"excerpt":{"rendered":"Par Manon Reinhardt Publi\u00e9 le 31 ao\u00fbt 2025 \u00e0 9h24 Depuis fin juillet, ils ont investi deux lieux&hellip;\n","protected":false},"author":2,"featured_media":356079,"comment_status":"","ping_status":"","sticky":false,"template":"","format":"standard","meta":{"footnotes":""},"categories":[2819],"tags":[1111,11,1777,674,1011,27,12,2401,1072,882,25,104],"class_list":{"0":"post-356078","1":"post","2":"type-post","3":"status-publish","4":"format-standard","5":"has-post-thumbnail","7":"category-nice","8":"tag-actu","9":"tag-actualites","10":"tag-eu","11":"tag-europe","12":"tag-fr","13":"tag-france","14":"tag-news","15":"tag-nice","16":"tag-police","17":"tag-provence-alpes-cote-dazur","18":"tag-republique-francaise","19":"tag-societe"},"share_on_mastodon":{"url":"https:\/\/pubeurope.com\/@fr\/115122359684220434","error":""},"_links":{"self":[{"href":"https:\/\/www.europesays.com\/fr\/wp-json\/wp\/v2\/posts\/356078","targetHints":{"allow":["GET"]}}],"collection":[{"href":"https:\/\/www.europesays.com\/fr\/wp-json\/wp\/v2\/posts"}],"about":[{"href":"https:\/\/www.europesays.com\/fr\/wp-json\/wp\/v2\/types\/post"}],"author":[{"embeddable":true,"href":"https:\/\/www.europesays.com\/fr\/wp-json\/wp\/v2\/users\/2"}],"replies":[{"embeddable":true,"href":"https:\/\/www.europesays.com\/fr\/wp-json\/wp\/v2\/comments?post=356078"}],"version-history":[{"count":0,"href":"https:\/\/www.europesays.com\/fr\/wp-json\/wp\/v2\/posts\/356078\/revisions"}],"wp:featuredmedia":[{"embeddable":true,"href":"https:\/\/www.europesays.com\/fr\/wp-json\/wp\/v2\/media\/356079"}],"wp:attachment":[{"href":"https:\/\/www.europesays.com\/fr\/wp-json\/wp\/v2\/media?parent=356078"}],"wp:term":[{"taxonomy":"category","embeddable":true,"href":"https:\/\/www.europesays.com\/fr\/wp-json\/wp\/v2\/categories?post=356078"},{"taxonomy":"post_tag","embeddable":true,"href":"https:\/\/www.europesays.com\/fr\/wp-json\/wp\/v2\/tags?post=356078"}],"curies":[{"name":"wp","href":"https:\/\/api.w.org\/{rel}","templated":true}]}}