{"id":356080,"date":"2025-08-31T08:09:12","date_gmt":"2025-08-31T08:09:12","guid":{"rendered":"https:\/\/www.europesays.com\/fr\/356080\/"},"modified":"2025-08-31T08:09:12","modified_gmt":"2025-08-31T08:09:12","slug":"le-havre-ogc-nice-sans-dante-ni-bouanani","status":"publish","type":"post","link":"https:\/\/www.europesays.com\/fr\/356080\/","title":{"rendered":"Le Havre &#8211; OGC Nice\u00a0: sans Dante ni Bouanani"},"content":{"rendered":"<p>Pressenti pour r\u00e9int\u00e9grer l&rsquo;effectif au Havre ce dimanche, le capitaine Dante ne figure pas dans le groupe d\u00e9voil\u00e9 par le club pour ce d\u00e9placement au stade Oc\u00e9ane (17h15). Bouanani, en instance de d\u00e9part, n&rsquo;est pas non plus de la partie. Sanson et Clauss seront bien l\u00e0.<\/p>\n<p>M\u00eame s&rsquo;il a repris l&rsquo;entrainement mercredi avec le groupe, Dante n&rsquo;est semble-t-il pas suffisamment r\u00e9tabli de sa blessure au genou pour pouvoir retrouver du temps de jeu au Havre ce dimanche. Bless\u00e9 depuis le match aller perdu contre Benfica, le Br\u00e9silien va profiter de la tr\u00eave internationale ensuite pour \u00eatre totalement remis avant de rejouer. Morgan Sanson, \u00e9galement bless\u00e9 face au Portugais le 6 ao\u00fbt aux ischios, fait quant \u00e0 lui son retour dans le groupe. Comme Jonathan Clauss, absent face \u00e0 Auxerre alors qu&rsquo;il \u00e9tait courtis\u00e9 par Leverkusen. Le lat\u00e9ral ni\u00e7ois devrait retrouver sa place de titulaire alors que Tom Louchet, convaincant \u00e0 sa place face aux Bourguignons, a demand\u00e9 \u00e0 sa direction de jouer au milieu.<\/p>\n<p>Autre absence, celle de Badredine Bouanani. Le jeune milieu offensif ni\u00e7ois est sur le d\u00e9part et il n&rsquo;effectuera pas une derni\u00e8re apparition en rouge et noir. Toujours pas de Tiago Gouveia non plus. Lui qui est cens\u00e9 renforcer le c\u00f4t\u00e9 droit du Gym n&rsquo;a pas encore sign\u00e9. Ce qui laisse encore de la place pour quelques jeunes comme Koutoune, Coulibaly ou Nguene. Le Havre &#8211; OGC Nice est \u00e0 vivre en int\u00e9gralit\u00e9 sur ici Azur. Avant-match d\u00e8s 16h30.<\/p>\n","protected":false},"excerpt":{"rendered":"Pressenti pour r\u00e9int\u00e9grer l&rsquo;effectif au Havre ce dimanche, le capitaine Dante ne figure pas dans le groupe d\u00e9voil\u00e9&hellip;\n","protected":false},"author":2,"featured_media":356081,"comment_status":"","ping_status":"","sticky":false,"template":"","format":"standard","meta":{"footnotes":""},"categories":[2819],"tags":[1111,11,1777,674,1011,27,12,2401,882,25],"class_list":{"0":"post-356080","1":"post","2":"type-post","3":"status-publish","4":"format-standard","5":"has-post-thumbnail","7":"category-nice","8":"tag-actu","9":"tag-actualites","10":"tag-eu","11":"tag-europe","12":"tag-fr","13":"tag-france","14":"tag-news","15":"tag-nice","16":"tag-provence-alpes-cote-dazur","17":"tag-republique-francaise"},"share_on_mastodon":{"url":"https:\/\/pubeurope.com\/@fr\/115122363605099949","error":""},"_links":{"self":[{"href":"https:\/\/www.europesays.com\/fr\/wp-json\/wp\/v2\/posts\/356080","targetHints":{"allow":["GET"]}}],"collection":[{"href":"https:\/\/www.europesays.com\/fr\/wp-json\/wp\/v2\/posts"}],"about":[{"href":"https:\/\/www.europesays.com\/fr\/wp-json\/wp\/v2\/types\/post"}],"author":[{"embeddable":true,"href":"https:\/\/www.europesays.com\/fr\/wp-json\/wp\/v2\/users\/2"}],"replies":[{"embeddable":true,"href":"https:\/\/www.europesays.com\/fr\/wp-json\/wp\/v2\/comments?post=356080"}],"version-history":[{"count":0,"href":"https:\/\/www.europesays.com\/fr\/wp-json\/wp\/v2\/posts\/356080\/revisions"}],"wp:featuredmedia":[{"embeddable":true,"href":"https:\/\/www.europesays.com\/fr\/wp-json\/wp\/v2\/media\/356081"}],"wp:attachment":[{"href":"https:\/\/www.europesays.com\/fr\/wp-json\/wp\/v2\/media?parent=356080"}],"wp:term":[{"taxonomy":"category","embeddable":true,"href":"https:\/\/www.europesays.com\/fr\/wp-json\/wp\/v2\/categories?post=356080"},{"taxonomy":"post_tag","embeddable":true,"href":"https:\/\/www.europesays.com\/fr\/wp-json\/wp\/v2\/tags?post=356080"}],"curies":[{"name":"wp","href":"https:\/\/api.w.org\/{rel}","templated":true}]}}