{"id":356084,"date":"2025-08-31T08:17:17","date_gmt":"2025-08-31T08:17:17","guid":{"rendered":"https:\/\/www.europesays.com\/fr\/356084\/"},"modified":"2025-08-31T08:17:17","modified_gmt":"2025-08-31T08:17:17","slug":"les-previsions-meteo-du-dimanche-31-aout-a-bordeaux","status":"publish","type":"post","link":"https:\/\/www.europesays.com\/fr\/356084\/","title":{"rendered":"Les pr\u00e9visions m\u00e9t\u00e9o du dimanche 31 ao\u00fbt \u00e0 Bordeaux"},"content":{"rendered":"<p>Aujourd\u2019hui \u00e0 Bordeaux, pr\u00e9pare-toi \u00e0 une journ\u00e9e instable et humide. Le ciel restera couvert, souvent brumeux, et les averses rythmeront tes d\u00e9placements. Les temp\u00e9ratures, elles, \u00e9volueront entre <strong>18 et 20\u00b0C<\/strong>, donc plut\u00f4t douces malgr\u00e9 l\u2019ambiance orageuse.<\/p>\n<p style=\"font-size:16px\"><strong>Ce matin<\/strong>, tu te r\u00e9veilleras sous un ciel bas et brumeux, limitant parfois la visibilit\u00e9. Il fera <strong>18\u00b0C<\/strong> (ressenti <strong>17\u00b0C<\/strong>) et le vent sera quasi nul. Mais ne te fie pas \u00e0 ce calme : quelques averses viendront d\u00e9j\u00e0 perturber la matin\u00e9e, avec un risque de pluie \u00e9valu\u00e9 \u00e0 <strong>60 %<\/strong>.<\/p>\n<p><img fetchpriority=\"high\" decoding=\"async\" width=\"1024\" height=\"580\" src=\"https:\/\/www.bougerabordeaux.com\/wp-content\/uploads\/2025\/08\/Maxppp-1024x580.webp\" alt=\"\" class=\"wp-image-82779\" style=\"width:688px;height:auto\"  \/>Une derni\u00e8re journ\u00e9e d\u2019ao\u00fbt pluvieuse pour Bordeaux. <\/p>\n<p style=\"font-size:16px\"><strong>Cet apr\u00e8s-midi<\/strong>, l\u2019instabilit\u00e9 s\u2019accentuera. Le thermom\u00e8tre grimpera \u00e0 <strong>20\u00b0C<\/strong>, mais l\u2019atmosph\u00e8re restera lourde et couverte. Des foyers orageux pourraient se d\u00e9velopper, accompagn\u00e9s d\u2019averses parfois soutenues. Le risque de pluie atteint <strong>90 %<\/strong> : difficile d\u2019y \u00e9chapper. Le vent de nord-ouest soufflera l\u00e9g\u00e8rement, avec des rafales jusqu\u2019\u00e0 <strong>25 km\/h<\/strong>.<\/p>\n<p style=\"font-size:16px\"><strong>En soir\u00e9e<\/strong>, la situation restera orageuse : <strong>17\u00b0C<\/strong> ressentis <strong>15\u00b0C<\/strong>, toujours sous un ciel couvert. Les averses persisteront avec un risque de pluie de <strong>75 %<\/strong>.<\/p>\n<p style=\"font-size:16px\"><strong>La nuit<\/strong>, les conditions ne s\u2019am\u00e9lioreront pas vraiment. Attends-toi \u00e0 un ciel couvert, parfois brumeux, avec <strong>15\u00b0C<\/strong> ressentis <strong>13\u00b0C<\/strong>. Quelques brouillards se formeront, et de nouvelles averses pourraient se produire (<strong>45 % de risque<\/strong>).<\/p>\n<p style=\"font-size:16px\">En r\u00e9sum\u00e9 : dimanche sera un vrai d\u00e9fi pour garder les pieds au sec. Pr\u00e9vois ton parapluie\u2026 et un peu de patience.<\/p>\n<p style=\"font-size:16px\">\u00c0 lire aussi : <a href=\"https:\/\/www.bougerabordeaux.com\/actu\/news\/rives-darcins-fete-ses-30-ans-avec-10-000-e-de-cadeaux-a-gagner\/\" target=\"_blank\" rel=\"noreferrer noopener nofollow\">Rives d\u2019Arcins f\u00eate ses 30 ans avec 10 000 \u20ac de cadeaux \u00e0 gagner !<\/a><\/p>\n","protected":false},"excerpt":{"rendered":"Aujourd\u2019hui \u00e0 Bordeaux, pr\u00e9pare-toi \u00e0 une journ\u00e9e instable et humide. Le ciel restera couvert, souvent brumeux, et les&hellip;\n","protected":false},"author":2,"featured_media":351469,"comment_status":"","ping_status":"","sticky":false,"template":"","format":"standard","meta":{"footnotes":""},"categories":[2817],"tags":[1111,11,1997,1777,674,1011,27,12,2219,25],"class_list":{"0":"post-356084","1":"post","2":"type-post","3":"status-publish","4":"format-standard","5":"has-post-thumbnail","7":"category-bordeaux","8":"tag-actu","9":"tag-actualites","10":"tag-bordeaux","11":"tag-eu","12":"tag-europe","13":"tag-fr","14":"tag-france","15":"tag-news","16":"tag-nouvelle-aquitaine","17":"tag-republique-francaise"},"share_on_mastodon":{"url":"https:\/\/pubeurope.com\/@fr\/115122395488336236","error":""},"_links":{"self":[{"href":"https:\/\/www.europesays.com\/fr\/wp-json\/wp\/v2\/posts\/356084","targetHints":{"allow":["GET"]}}],"collection":[{"href":"https:\/\/www.europesays.com\/fr\/wp-json\/wp\/v2\/posts"}],"about":[{"href":"https:\/\/www.europesays.com\/fr\/wp-json\/wp\/v2\/types\/post"}],"author":[{"embeddable":true,"href":"https:\/\/www.europesays.com\/fr\/wp-json\/wp\/v2\/users\/2"}],"replies":[{"embeddable":true,"href":"https:\/\/www.europesays.com\/fr\/wp-json\/wp\/v2\/comments?post=356084"}],"version-history":[{"count":0,"href":"https:\/\/www.europesays.com\/fr\/wp-json\/wp\/v2\/posts\/356084\/revisions"}],"wp:featuredmedia":[{"embeddable":true,"href":"https:\/\/www.europesays.com\/fr\/wp-json\/wp\/v2\/media\/351469"}],"wp:attachment":[{"href":"https:\/\/www.europesays.com\/fr\/wp-json\/wp\/v2\/media?parent=356084"}],"wp:term":[{"taxonomy":"category","embeddable":true,"href":"https:\/\/www.europesays.com\/fr\/wp-json\/wp\/v2\/categories?post=356084"},{"taxonomy":"post_tag","embeddable":true,"href":"https:\/\/www.europesays.com\/fr\/wp-json\/wp\/v2\/tags?post=356084"}],"curies":[{"name":"wp","href":"https:\/\/api.w.org\/{rel}","templated":true}]}}