{"id":356093,"date":"2025-08-31T08:22:12","date_gmt":"2025-08-31T08:22:12","guid":{"rendered":"https:\/\/www.europesays.com\/fr\/356093\/"},"modified":"2025-08-31T08:22:12","modified_gmt":"2025-08-31T08:22:12","slug":"un-echantillon-hyper-prometteur-acherchour-bluffe-par-la-rentree-digamane","status":"publish","type":"post","link":"https:\/\/www.europesays.com\/fr\/356093\/","title":{"rendered":"\u00ab\u00a0Un \u00e9chantillon hyper prometteur\u00a0\u00bb, Acherchour bluff\u00e9 par la rentr\u00e9e d&rsquo;Igamane"},"content":{"rendered":"<p><img decoding=\"async\" fetchpriority=\"high\" src=\"https:\/\/www.europesays.com\/fr\/wp-content\/uploads\/2025\/04\/1744486932_935_placeholder_lcp_video.05bf4656ae0a2da173edc7ce90e1a7d8.webp\" width=\"800\" height=\"450\" alt=\"placeholder video\"\/><\/p>\n<p>A peine d\u00e9barqu\u00e9 dans le Nord, Igamane a largement particip\u00e9 au large succ\u00e8s des Dogues samedi face \u00e0 Lorient (7-1). Une entr\u00e9e \u00e0 la 45e minutes qui a bluff\u00e9 Walid Acherchour : \u00ab\u00a0Il a montr\u00e9 un \u00e9chantillon tr\u00e8s prometteur. Un m\u00e9lange de d\u00e9termination, de finesse technique et de s\u00e9r\u00e9nit\u00e9 dans la finition. J&rsquo;ai h\u00e2te de le revoir avec Lille.\u00a0\u00bb <\/p>\n<p>Aujourd&rsquo;hui \u00e0 09h16 | Dur\u00e9e : 1:02<\/p>\n","protected":false},"excerpt":{"rendered":"A peine d\u00e9barqu\u00e9 dans le Nord, Igamane a largement particip\u00e9 au large succ\u00e8s des Dogues samedi face \u00e0&hellip;\n","protected":false},"author":2,"featured_media":356094,"comment_status":"","ping_status":"","sticky":false,"template":"","format":"standard","meta":{"footnotes":""},"categories":[2815],"tags":[1111,11,1777,674,1011,27,811,1307,12,25],"class_list":{"0":"post-356093","1":"post","2":"type-post","3":"status-publish","4":"format-standard","5":"has-post-thumbnail","7":"category-lille","8":"tag-actu","9":"tag-actualites","10":"tag-eu","11":"tag-europe","12":"tag-fr","13":"tag-france","14":"tag-hauts-de-france","15":"tag-lille","16":"tag-news","17":"tag-republique-francaise"},"share_on_mastodon":{"url":"https:\/\/pubeurope.com\/@fr\/115122414817194115","error":""},"_links":{"self":[{"href":"https:\/\/www.europesays.com\/fr\/wp-json\/wp\/v2\/posts\/356093","targetHints":{"allow":["GET"]}}],"collection":[{"href":"https:\/\/www.europesays.com\/fr\/wp-json\/wp\/v2\/posts"}],"about":[{"href":"https:\/\/www.europesays.com\/fr\/wp-json\/wp\/v2\/types\/post"}],"author":[{"embeddable":true,"href":"https:\/\/www.europesays.com\/fr\/wp-json\/wp\/v2\/users\/2"}],"replies":[{"embeddable":true,"href":"https:\/\/www.europesays.com\/fr\/wp-json\/wp\/v2\/comments?post=356093"}],"version-history":[{"count":0,"href":"https:\/\/www.europesays.com\/fr\/wp-json\/wp\/v2\/posts\/356093\/revisions"}],"wp:featuredmedia":[{"embeddable":true,"href":"https:\/\/www.europesays.com\/fr\/wp-json\/wp\/v2\/media\/356094"}],"wp:attachment":[{"href":"https:\/\/www.europesays.com\/fr\/wp-json\/wp\/v2\/media?parent=356093"}],"wp:term":[{"taxonomy":"category","embeddable":true,"href":"https:\/\/www.europesays.com\/fr\/wp-json\/wp\/v2\/categories?post=356093"},{"taxonomy":"post_tag","embeddable":true,"href":"https:\/\/www.europesays.com\/fr\/wp-json\/wp\/v2\/tags?post=356093"}],"curies":[{"name":"wp","href":"https:\/\/api.w.org\/{rel}","templated":true}]}}