{"id":356095,"date":"2025-08-31T08:23:08","date_gmt":"2025-08-31T08:23:08","guid":{"rendered":"https:\/\/www.europesays.com\/fr\/356095\/"},"modified":"2025-08-31T08:23:08","modified_gmt":"2025-08-31T08:23:08","slug":"je-ne-voulais-pas-faire-de-cinema-elma-urriaga-du-ring-de-mma-a-netflix-une-energie-marseillaise","status":"publish","type":"post","link":"https:\/\/www.europesays.com\/fr\/356095\/","title":{"rendered":"\u00ab\u00a0Je ne voulais pas faire de cin\u00e9ma\u00a0!\u00a0\u00bb : Elma Urriaga, du ring de MMA \u00e0 Netflix, une \u00e9nergie marseillaise"},"content":{"rendered":"<p class=\"paragraph text_align_left lp-f-body-02\">Le soleil se couche sur la cour du mus\u00e9e d\u2019Histoire de Marseille <a href=\"https:\/\/www.leparisien.fr\/bouches-du-rhone-13\/\" target=\"_self\" rel=\"noopener\">(Bouches-du-Rh\u00f4ne)<\/a>. Devant son camion vintage aux couleurs de l\u2019OM, Elma sert des panisses \u00e0 une famille venue pour la soir\u00e9e p\u00e9tanque. Elle rit, les cheveux attach\u00e9s en h\u00e2te, avant de poser la barquette br\u00fblante sur le comptoir. Quelques minutes plus tard, la jeune femme s\u2019\u00e9chappe derri\u00e8re le camion pour raconter son histoire, cash, sans d\u00e9tour.<\/p>\n<p class=\"paragraph text_align_left lp-f-body-02\">\u00ab Je viens d\u2019une famille de voyageurs qui s\u2019est s\u00e9dentaris\u00e9e \u00e0 la Cayolle \u00bb, raconte-t-elle, \u00ab C\u2019\u00e9tait l\u2019\u00e9poque o\u00f9 l\u2019on vivait dans les bidonvilles. J\u2019ai pass\u00e9 mon enfance entre l\u00e0-bas, F\u00e9lix-Pyat et les plages du Prado, o\u00f9 je faisais du skate. \u00bb<\/p>\n","protected":false},"excerpt":{"rendered":"Le soleil se couche sur la cour du mus\u00e9e d\u2019Histoire de Marseille (Bouches-du-Rh\u00f4ne). Devant son camion vintage aux&hellip;\n","protected":false},"author":2,"featured_media":356096,"comment_status":"","ping_status":"","sticky":false,"template":"","format":"standard","meta":{"footnotes":""},"categories":[2814],"tags":[1111,917,11,11004,872,459,1777,674,1011,27,884,12,882,25],"class_list":{"0":"post-356095","1":"post","2":"type-post","3":"status-publish","4":"format-standard","5":"has-post-thumbnail","7":"category-marseille","8":"tag-actu","9":"tag-actu-locale","10":"tag-actualites","11":"tag-bouches-du-rhone-13","12":"tag-culture-et-loisirs","13":"tag-departements-horsidfo","14":"tag-eu","15":"tag-europe","16":"tag-fr","17":"tag-france","18":"tag-marseille","19":"tag-news","20":"tag-provence-alpes-cote-dazur","21":"tag-republique-francaise"},"share_on_mastodon":{"url":"https:\/\/pubeurope.com\/@fr\/115122418707899947","error":""},"_links":{"self":[{"href":"https:\/\/www.europesays.com\/fr\/wp-json\/wp\/v2\/posts\/356095","targetHints":{"allow":["GET"]}}],"collection":[{"href":"https:\/\/www.europesays.com\/fr\/wp-json\/wp\/v2\/posts"}],"about":[{"href":"https:\/\/www.europesays.com\/fr\/wp-json\/wp\/v2\/types\/post"}],"author":[{"embeddable":true,"href":"https:\/\/www.europesays.com\/fr\/wp-json\/wp\/v2\/users\/2"}],"replies":[{"embeddable":true,"href":"https:\/\/www.europesays.com\/fr\/wp-json\/wp\/v2\/comments?post=356095"}],"version-history":[{"count":0,"href":"https:\/\/www.europesays.com\/fr\/wp-json\/wp\/v2\/posts\/356095\/revisions"}],"wp:featuredmedia":[{"embeddable":true,"href":"https:\/\/www.europesays.com\/fr\/wp-json\/wp\/v2\/media\/356096"}],"wp:attachment":[{"href":"https:\/\/www.europesays.com\/fr\/wp-json\/wp\/v2\/media?parent=356095"}],"wp:term":[{"taxonomy":"category","embeddable":true,"href":"https:\/\/www.europesays.com\/fr\/wp-json\/wp\/v2\/categories?post=356095"},{"taxonomy":"post_tag","embeddable":true,"href":"https:\/\/www.europesays.com\/fr\/wp-json\/wp\/v2\/tags?post=356095"}],"curies":[{"name":"wp","href":"https:\/\/api.w.org\/{rel}","templated":true}]}}