{"id":356099,"date":"2025-08-31T08:25:12","date_gmt":"2025-08-31T08:25:12","guid":{"rendered":"https:\/\/www.europesays.com\/fr\/356099\/"},"modified":"2025-08-31T08:25:12","modified_gmt":"2025-08-31T08:25:12","slug":"rhone-danse-expos-festivals-salons-les-rendez-vous-de-votre-rentree-de-septembre-a-lyon-en-7-points","status":"publish","type":"post","link":"https:\/\/www.europesays.com\/fr\/356099\/","title":{"rendered":"Rh\u00f4ne. Danse, expos, festivals, salons\u2026 Les rendez-vous de votre rentr\u00e9e de septembre \u00e0 Lyon en 7 points"},"content":{"rendered":"<p>Finis les festivals, le cin\u00e9ma en ext\u00e9rieur ou encore les open-air\u00a0? Pas totalement, certains jouant les prolongations. Sans compter les expos et manifestations qui sont \u00e0 inscrire sur vos agendas d\u2019un mois de septembre bien rempli et durant lequel chacun devrait trouver quelques activit\u00e9s correspondant \u00e0 ses go\u00fbts.<\/p>\n<p>1- On entre dans la danse<\/p>\n<p>Pr\u00e9vue du 6 au 28\u00a0septembre dans de nombreux lieux de la M\u00e9tropole de Lyon, la <strong>Biennale de la danse<\/strong> mettra \u00e0 l\u2019affiche <a href=\"https:\/\/www.leprogres.fr\/culture-loisirs\/2025\/05\/13\/biennale-de-la-danse-en-septembre-a-lyon-une-edition-creative-participative-et-bresilienne\" target=\"_blank\" rel=\"noopener\">quarante spectacles, dont vingt-quatre cr\u00e9ations<\/a>, un focus sur la sc\u00e8ne br\u00e9silienne ou encore le traditionnel d\u00e9fil\u00e9 peupl\u00e9 de milliers de danseurs amateurs qui \u00e9gaiera les rues le 7\u00a0septembre. Parmi les chor\u00e9graphes qui peuplent la programmation, les grands noms (Anne Teresa de Keersmaeker, William Forsythe, Philippe Decoufl\u00e9) c\u00f4toient les jeunes artistes \u00e0 suivre de pr\u00e8s comme Leila Ka.<\/p>\n<p class=\"note\">Infos et r\u00e9servations\u00a0: <a href=\"https:\/\/www.labiennaledelyon.com\/\" target=\"_blank\" rel=\"noopener\">https:\/\/www.labiennaledelyon.com\/<\/a><\/p>\n<p>2- Des expos pour tous les go\u00fbts<\/p>\n<p>Autre rendez-vous culturel important\u00a0: les deux nouvelles <strong>e&#8230;<\/strong><\/p>\n","protected":false},"excerpt":{"rendered":"Finis les festivals, le cin\u00e9ma en ext\u00e9rieur ou encore les open-air\u00a0? Pas totalement, certains jouant les prolongations. Sans&hellip;\n","protected":false},"author":2,"featured_media":356100,"comment_status":"","ping_status":"","sticky":false,"template":"","format":"standard","meta":{"footnotes":""},"categories":[1889],"tags":[1111,11,2430,650,1687,3152,2757,3153,3154,3155,3156,1777,674,2271,1685,1011,27,2428,2756,873,12,25,2429,3140],"class_list":{"0":"post-356099","1":"post","2":"type-post","3":"status-publish","4":"format-standard","5":"has-post-thumbnail","7":"category-lyon","8":"tag-actu","9":"tag-actualites","10":"tag-auvergne-rhone-alpes","11":"tag-cinema","12":"tag-culture-loisirs","13":"tag-edition-est-lyonnais","14":"tag-edition-lyon-villeurbanne","15":"tag-edition-ouest-lyonnais","16":"tag-edition-sud-lyonnais","17":"tag-edition-tarare","18":"tag-edition-villefranche","19":"tag-eu","20":"tag-europe","21":"tag-exposition-arts-plastiques","22":"tag-foire-et-salon","23":"tag-fr","24":"tag-france","25":"tag-lyon","26":"tag-lyon-bassin","27":"tag-musique","28":"tag-news","29":"tag-republique-francaise","30":"tag-rhone","31":"tag-spectacle"},"share_on_mastodon":{"url":"https:\/\/pubeurope.com\/@fr\/115122426560197173","error":""},"_links":{"self":[{"href":"https:\/\/www.europesays.com\/fr\/wp-json\/wp\/v2\/posts\/356099","targetHints":{"allow":["GET"]}}],"collection":[{"href":"https:\/\/www.europesays.com\/fr\/wp-json\/wp\/v2\/posts"}],"about":[{"href":"https:\/\/www.europesays.com\/fr\/wp-json\/wp\/v2\/types\/post"}],"author":[{"embeddable":true,"href":"https:\/\/www.europesays.com\/fr\/wp-json\/wp\/v2\/users\/2"}],"replies":[{"embeddable":true,"href":"https:\/\/www.europesays.com\/fr\/wp-json\/wp\/v2\/comments?post=356099"}],"version-history":[{"count":0,"href":"https:\/\/www.europesays.com\/fr\/wp-json\/wp\/v2\/posts\/356099\/revisions"}],"wp:featuredmedia":[{"embeddable":true,"href":"https:\/\/www.europesays.com\/fr\/wp-json\/wp\/v2\/media\/356100"}],"wp:attachment":[{"href":"https:\/\/www.europesays.com\/fr\/wp-json\/wp\/v2\/media?parent=356099"}],"wp:term":[{"taxonomy":"category","embeddable":true,"href":"https:\/\/www.europesays.com\/fr\/wp-json\/wp\/v2\/categories?post=356099"},{"taxonomy":"post_tag","embeddable":true,"href":"https:\/\/www.europesays.com\/fr\/wp-json\/wp\/v2\/tags?post=356099"}],"curies":[{"name":"wp","href":"https:\/\/api.w.org\/{rel}","templated":true}]}}