{"id":356101,"date":"2025-08-31T08:26:15","date_gmt":"2025-08-31T08:26:15","guid":{"rendered":"https:\/\/www.europesays.com\/fr\/356101\/"},"modified":"2025-08-31T08:26:15","modified_gmt":"2025-08-31T08:26:15","slug":"un-acte-intolerable-un-tag-free-gaza-sur-un-memorial-de-la-shoah-a-lyon","status":"publish","type":"post","link":"https:\/\/www.europesays.com\/fr\/356101\/","title":{"rendered":"\u00ab\u00a0Un acte intol\u00e9rable\u00a0\u00bb\u00a0: un tag \u00ab\u00a0Free Gaza\u00a0\u00bb sur un m\u00e9morial de la Shoah \u00e0 Lyon"},"content":{"rendered":"<p class=\"paragraph text_align_left lp-f-body-02\">Une inscription \u00ab\u00a0Free Gaza\u00a0\u00bb a \u00e9t\u00e9 d\u00e9couverte samedi sur un m\u00e9morial d\u00e9di\u00e9 \u00e0 la Shoah au centre de Lyon, a annonc\u00e9 \u00e0 l\u2019AFP la ville, dont le maire, Gr\u00e9gory Doucet, a aussit\u00f4t d\u00e9nonc\u00e9 un \u00ab\u00a0acte intol\u00e9rable\u00a0\u00bb.<\/p>\n<p class=\"paragraph text_align_left lp-f-body-02\">La mairie a fourni \u00e0 l\u2019AFP une photo de l\u2019inscription, grav\u00e9e manifestement avec un objet pointu dans le marbre noir d\u2019une plaque de pr\u00e9sentation du monument.<\/p>\n<p class=\"paragraph text_align_left lp-f-body-02\">\u00ab\u00a0La d\u00e9gradation du M\u00e9morial de la Shoah \u00e0 Lyon est un acte intol\u00e9rable. Je le condamne et exprime toute ma solidarit\u00e9 aux associations de m\u00e9moire, aux rescap\u00e9s et \u00e0 leurs descendants\u00a0\u00bb, \u00e9crit Gr\u00e9gory Doucet sur ses r\u00e9seaux sociaux.<\/p>\n<p class=\"paragraph text_align_left lp-f-body-02\">\u00ab\u00a0Les auteurs seront recherch\u00e9s et poursuivis. Lyon reste debout face \u00e0 la haine, \u00e0 l\u2019antis\u00e9mitisme et au racisme\u00a0\u00bb, poursuit le maire.<\/p>\n<p class=\"lp-card-podcast-highlighting__title  lp-f-subtitle-05\">[4\/4] C\u00e9cile Vallin, les secrets d\u2019une disparition<\/p>\n<p class=\"lp-card-podcast-highlighting__description lp-f-ui-05\">Crime story raconte chaque semaine les grandes affaires criminelles.<\/p>\n<p><a class=\"lp-card-podcast-highlighting__call-to-action\" data-page-type=\"HP\" data-block-name=\"podcast-highlight\">\u00c9couter<\/a><\/p>\n<p class=\"paragraph text_align_left lp-f-body-02\">\u00c0 proximit\u00e9 de la gare de Lyon-Perrache en centre-ville, le monument, nomm\u00e9 Les Rails de la m\u00e9moire, a \u00e9t\u00e9 inaugur\u00e9 en janvier\u00a02025 pour les 80\u00a0ans de la lib\u00e9ration du camp d\u2019Auschwitz-Birkenau.<\/p>\n<p class=\"paragraph text_align_left lp-f-body-02\">Cet empilement de rails entrecrois\u00e9s sur 3\u00a0m de haut symbolise le point de d\u00e9part des convois de d\u00e9port\u00e9s et arbore en lettres dor\u00e9es l\u2019inscription suivante\u00a0: \u00ab\u00a0En m\u00e9moire des six millions de Juifs victimes de la Shoah dont un million et demi d\u2019enfants &#8211; 1941-1945 &#8211; 6 100 venaient de notre r\u00e9gion\u00a0\u00bb.<\/p>\n<p class=\"paragraph text_align_left lp-f-body-02\">\u00ab\u00a0Le fait que cette inscription ait \u00e9t\u00e9 faite sur un m\u00e9morial \u00e0 la Shoah rel\u00e8ve \u00e9videmment d\u2019un acte antis\u00e9mite\u00a0\u00bb, a comment\u00e9 aupr\u00e8s de l\u2019AFP un responsable du cabinet de la mairie. La municipalit\u00e9 a rapidement fait effacer l\u2019inscription et \u00ab\u00a0restaurera la semaine prochaine l\u2019int\u00e9grit\u00e9 de la plaque\u00a0\u00bb.<\/p>\n<p>Hausse des actes antis\u00e9mites depuis le 7\u00a0octobre 2023<\/p>\n<p class=\"paragraph text_align_left lp-f-body-02\">Le pr\u00e9sident de l\u2019association du M\u00e9morial de la Shoah, Jean-Olivier Viout, a d\u00e9pos\u00e9 une plainte, selon la mairie.<\/p>\n<p class=\"paragraph text_align_left lp-f-body-02\">Les actes antis\u00e9mites ont connu une nette progression en France apr\u00e8s le 7\u00a0octobre 2023, date des attaques sans pr\u00e9c\u00e9dent du mouvement islamiste palestinien Hamas contre Isra\u00ebl et du d\u00e9clenchement de la guerre \u00e0 Gaza.<\/p>\n<p class=\"paragraph text_align_left lp-f-body-02\">Sur les six premiers mois de l\u2019ann\u00e9e 2025, <a href=\"https:\/\/www.leparisien.fr\/societe\/antisemitisme-646-actes-recenses-en-france-de-janvier-a-juin-25-08-2025-LDJVJ5GR3JA5LERYFDOSFBAYBA.php\" target=\"_blank\" rel=\"noreferrer nofollow noopener\">646 actes antis\u00e9mites<\/a> ont \u00e9t\u00e9 recens\u00e9s dans le pays, selon le minist\u00e8re de l\u2019Int\u00e9rieur. Soit une diminution de 27,5\u00a0% comparativement au premier semestre de 2024, mais un bond de 112,5\u00a0% par rapport \u00e0 la m\u00eame p\u00e9riode de 2023.<\/p>\n","protected":false},"excerpt":{"rendered":"Une inscription \u00ab\u00a0Free Gaza\u00a0\u00bb a \u00e9t\u00e9 d\u00e9couverte samedi sur un m\u00e9morial d\u00e9di\u00e9 \u00e0 la Shoah au centre de&hellip;\n","protected":false},"author":2,"featured_media":356102,"comment_status":"","ping_status":"","sticky":false,"template":"","format":"standard","meta":{"footnotes":""},"categories":[1889],"tags":[1111,11,2430,459,1777,674,118,1011,27,2428,12,25],"class_list":{"0":"post-356101","1":"post","2":"type-post","3":"status-publish","4":"format-standard","5":"has-post-thumbnail","7":"category-lyon","8":"tag-actu","9":"tag-actualites","10":"tag-auvergne-rhone-alpes","11":"tag-departements-horsidfo","12":"tag-eu","13":"tag-europe","14":"tag-faits-divers","15":"tag-fr","16":"tag-france","17":"tag-lyon","18":"tag-news","19":"tag-republique-francaise"},"share_on_mastodon":{"url":"https:\/\/pubeurope.com\/@fr\/115122430754687402","error":""},"_links":{"self":[{"href":"https:\/\/www.europesays.com\/fr\/wp-json\/wp\/v2\/posts\/356101","targetHints":{"allow":["GET"]}}],"collection":[{"href":"https:\/\/www.europesays.com\/fr\/wp-json\/wp\/v2\/posts"}],"about":[{"href":"https:\/\/www.europesays.com\/fr\/wp-json\/wp\/v2\/types\/post"}],"author":[{"embeddable":true,"href":"https:\/\/www.europesays.com\/fr\/wp-json\/wp\/v2\/users\/2"}],"replies":[{"embeddable":true,"href":"https:\/\/www.europesays.com\/fr\/wp-json\/wp\/v2\/comments?post=356101"}],"version-history":[{"count":0,"href":"https:\/\/www.europesays.com\/fr\/wp-json\/wp\/v2\/posts\/356101\/revisions"}],"wp:featuredmedia":[{"embeddable":true,"href":"https:\/\/www.europesays.com\/fr\/wp-json\/wp\/v2\/media\/356102"}],"wp:attachment":[{"href":"https:\/\/www.europesays.com\/fr\/wp-json\/wp\/v2\/media?parent=356101"}],"wp:term":[{"taxonomy":"category","embeddable":true,"href":"https:\/\/www.europesays.com\/fr\/wp-json\/wp\/v2\/categories?post=356101"},{"taxonomy":"post_tag","embeddable":true,"href":"https:\/\/www.europesays.com\/fr\/wp-json\/wp\/v2\/tags?post=356101"}],"curies":[{"name":"wp","href":"https:\/\/api.w.org\/{rel}","templated":true}]}}