{"id":356105,"date":"2025-08-31T08:28:27","date_gmt":"2025-08-31T08:28:27","guid":{"rendered":"https:\/\/www.europesays.com\/fr\/356105\/"},"modified":"2025-08-31T08:28:27","modified_gmt":"2025-08-31T08:28:27","slug":"pass-navigo-nouveautes-hausse-des-tarifs-et-campagnes-de-remboursement-en-ile-de-france","status":"publish","type":"post","link":"https:\/\/www.europesays.com\/fr\/356105\/","title":{"rendered":"Pass Navigo : nouveaut\u00e9s, hausse des tarifs et campagnes de remboursement en \u00cele-de-France"},"content":{"rendered":"<p>\nEn r\u00e9gion <strong>\u00cele-de-France<\/strong>, le <strong>pass Navigo<\/strong> occupe une place centrale dans la vie quotidienne des usagers du m\u00e9tro, du RER et des bus. Ce <strong>forfait<\/strong> reste l\u2019abonnement de r\u00e9f\u00e9rence pour circuler facilement dans Paris et sa banlieue, mais il conna\u00eet r\u00e9guli\u00e8rement des \u00e9volutions notables. Entre les <strong>renouvellements annuels<\/strong> \u00e0 ne pas manquer, l\u2019<strong>augmentation r\u00e9cente des tarifs<\/strong> et les mesures de <strong>remboursement<\/strong> cibl\u00e9es, de nombreux changements rythment l\u2019actualit\u00e9 du Navigo en 2025.\n<\/p>\n<p>Les diff\u00e9rents types de pass Navigo et leurs b\u00e9n\u00e9ficiaires<\/p>\n<p>\nLe syst\u00e8me <strong>Navigo<\/strong> propose plusieurs formules afin de r\u00e9pondre aux besoins vari\u00e9s des Franciliens. Le <strong>pass classique<\/strong> concerne principalement les actifs et \u00e9tudiants, tandis que la version <strong>Imagine R<\/strong> destine son offre aux jeunes de moins de 26 ans poursuivant \u00e9tudes ou formation. Chaque formule donne acc\u00e8s \u00e0 l\u2019ensemble des <strong>r\u00e9seaux de transport d\u2019\u00cele-de-France<\/strong>, simplifiant ainsi le quotidien des voyageurs r\u00e9guliers.\n<\/p>\n<p>\n\u00c0 c\u00f4t\u00e9, des d\u00e9clinaisons sp\u00e9cifiques existent pour les <strong>seniors<\/strong>, les personnes en situation de handicap et certains b\u00e9n\u00e9ficiaires de l\u2019<strong>aide sociale<\/strong>. Les familles franciliennes disposent donc d\u2019une large palette d\u2019options, modul\u00e9es selon l\u2019\u00e2ge et les situations particuli\u00e8res. Cette vari\u00e9t\u00e9 permet une adaptation continue du dispositif \u00e0 la d\u00e9mographie de la r\u00e9gion.\n<\/p>\n<p>Hausses de tarifs pr\u00e9vues pour l\u2019ann\u00e9e scolaire 2025-2026<\/p>\n<p>\nDepuis plusieurs ann\u00e9es, les utilisateurs du <strong>pass Navigo<\/strong> subissent des <strong>ajustements tarifaires<\/strong> successifs. \u00c0 partir du 1er septembre 2025, la <strong>formule Imagine R<\/strong> destin\u00e9e aux jeunes fait face \u00e0 une nouvelle hausse, touchant directement les \u00e9l\u00e8ves, \u00e9tudiants et apprentis d\u2019\u00cele-de-France. Ces augmentations marquent la poursuite d\u2019une <strong>politique tarifaire<\/strong> qui s\u2019\u00e9tait d\u00e9j\u00e0 traduite par un rel\u00e8vement du prix du pass mensuel en janvier 2025.\n<\/p>\n<ul>\n<li>Le <strong>forfait Imagine R<\/strong> est concern\u00e9 par cette hausse d\u00e8s la rentr\u00e9e 2025.<\/li>\n<li>Toutes les options <strong>jeunes, scolaires et \u00e9tudiants<\/strong> subissent \u00e9galement cet ajustement.<\/li>\n<li>Les familles doivent int\u00e9grer ces <strong>changements tarifaires<\/strong> dans leur budget transports pour la rentr\u00e9e.<\/li>\n<\/ul>\n<p>\nFace \u00e0 cette \u00e9volution, l\u2019impact sur le <strong>pouvoir d\u2019achat<\/strong> se fait ressentir, m\u00eame si des dispositifs d\u2019<strong>accompagnement<\/strong> sont propos\u00e9s pour les publics les plus vuln\u00e9rables.\n<\/p>\n<p>Proc\u00e9dure de renouvellement du pass Navigo avant la rentr\u00e9e<\/p>\n<p>\nL\u2019\u00e9t\u00e9 constitue une p\u00e9riode cl\u00e9 pour les d\u00e9tenteurs d\u2019un <strong>pass Navigo<\/strong>, car le <strong>renouvellement de l\u2019abonnement<\/strong> doit \u00eatre finalis\u00e9 avant la rentr\u00e9e scolaire. N\u00e9gliger cette \u00e9tape expose les voyageurs \u00e0 devoir acheter des <strong>tickets individuels<\/strong> au tarif plein, qui peut atteindre 2,50 euros par trajet en m\u00e9tro, RER ou train.\n<\/p>\n<p>\nLa <strong>campagne de renouvellement<\/strong> cible particuli\u00e8rement les <strong>abonnements annuels<\/strong>, notamment ceux des jeunes et des travailleurs utilisant chaque jour les <strong>transports en commun<\/strong>. Divers canaux de souscription sont mis \u00e0 disposition :\n<\/p>\n<ul>\n<li><strong>Espace personnel en ligne<\/strong> avec validation s\u00e9curis\u00e9e<\/li>\n<li><strong>Boutiques physiques<\/strong> situ\u00e9es dans les principales gares<\/li>\n<li><strong>Bornes automatiques<\/strong> disponibles dans de nombreuses stations<\/li>\n<\/ul>\n<p>\nAfin d\u2019assurer la continuit\u00e9 du service sans interruption, les op\u00e9rateurs informent largement sur les \u00e9ch\u00e9ances \u00e0 respecter. Cette organisation vise \u00e0 \u00e9viter toute d\u00e9sorganisation \u00e0 la rentr\u00e9e et \u00e0 garantir l\u2019acc\u00e8s fluide aux r\u00e9seaux de transports.\n<\/p>\n<p>Campagnes de remboursement et populations \u00e9ligibles<\/p>\n<p>\nFace \u00e0 la <strong>hausse des prix<\/strong>, et pour all\u00e9ger le co\u00fbt du transport, plusieurs initiatives de <strong>remboursement<\/strong> voient r\u00e9guli\u00e8rement le jour. Certaines collectivit\u00e9s, telles que la Ville de Paris, mettent en place des prises en charge totales du <strong>forfait Imagine R<\/strong> pour les jeunes Parisiens. Pour b\u00e9n\u00e9ficier de ce <strong>remboursement int\u00e9gral<\/strong>, les familles doivent remplir des conditions pr\u00e9cises (comme la domiciliation \u00e0 Paris) et d\u00e9poser une demande lors des p\u00e9riodes sp\u00e9cifi\u00e9es \u2013 souvent juste apr\u00e8s la rentr\u00e9e de septembre.\n<\/p>\n<p>\nOutre les offres pour les jeunes, des <strong>programmes de compensation<\/strong> peuvent s\u2019appliquer \u00e0 d\u2019autres usagers, suite \u00e0 des perturbations majeures ou pour soutenir le pouvoir d\u2019achat. En 2025, une campagne permet \u00e0 certains abonn\u00e9s Navigo de percevoir jusqu\u2019\u00e0 <strong>382,40 euros de remboursement<\/strong>. L\u2019\u00e9ligibilit\u00e9 d\u00e9pend g\u00e9n\u00e9ralement de crit\u00e8res comme le lieu d\u2019habitation ou la r\u00e9gularit\u00e9 de l\u2019utilisation du forfait.\n<\/p>\n<p>\nPour acc\u00e9der aux dispositifs de <strong>remboursement<\/strong>, les usagers doivent rassembler divers justificatifs : attestation d\u2019abonnement en cours, preuve de paiement, et parfois pi\u00e8ces attestant de la scolarisation ou du statut social. La transmission des dossiers s\u2019effectue le plus souvent via des <strong>plateformes en ligne d\u00e9di\u00e9es<\/strong>, assurant un traitement rapide des demandes.\n<\/p>\n<p>\nChaque campagne est limit\u00e9e dans le temps. Il convient donc de surveiller attentivement les p\u00e9riodes d\u2019ouverture pour maximiser ses chances d\u2019obtenir une prise en charge. Par ailleurs, la communication officielle pr\u00e9cise syst\u00e9matiquement toutes les informations n\u00e9cessaires pour proc\u00e9der sans erreur.\n<\/p>\n<tr>\nB\u00e9n\u00e9ficiaire<br \/>\nType de pass<br \/>\nNiveau de remboursement<br \/>\nP\u00e9riode de demande<br \/>\n<\/tr>\n<tr>\n<td>Jeunes Parisiens<\/td>\n<td>Imagine R \/ V\u00e9lib\u2019<\/td>\n<td>100%<\/td>\n<td>4 septembre 2025 \u2013 fin octobre 2025<\/td>\n<\/tr>\n<tr>\n<td>Certains abonn\u00e9s Navigo<\/td>\n<td>Navigo classique<\/td>\n<td>Jusqu\u2019\u00e0 382,40 \u20ac<\/td>\n<td>Selon campagne sp\u00e9cifique<\/td>\n<\/tr>\n<p>\nCe tableau aide \u00e0 mieux s\u2019y retrouver entre les multiples possibilit\u00e9s, sachant que chaque mesure cible une population bien d\u00e9finie.\n<\/p>\n<p>Perspectives et enjeux autour du pass Navigo en \u00cele-de-France<\/p>\n<p>\nL\u2019\u00e9volution des <strong>tarifs<\/strong> et les m\u00e9canismes d\u2019<strong>accompagnement<\/strong> li\u00e9s au <strong>pass Navigo<\/strong> soul\u00e8vent des questions r\u00e9currentes parmi les usagers. Si l\u2019objectif principal reste de maintenir l\u2019\u00e9quilibre financier des <strong>r\u00e9seaux de transports<\/strong> tout en garantissant l\u2019accessibilit\u00e9, les arbitrages demeurent fr\u00e9quents entre soutien social et ma\u00eetrise budg\u00e9taire.\n<\/p>\n<p>\nSuivre l\u2019actualit\u00e9 des <strong>abonnements Navigo<\/strong> et rester inform\u00e9 sur les dates cl\u00e9s s\u2019impose donc comme une n\u00e9cessit\u00e9 pour b\u00e9n\u00e9ficier pleinement du pass Navigo et optimiser son usage au fil des \u00e9volutions r\u00e9glementaires ou tarifaires. Cette veille active garantit la meilleure utilisation pour tous les profils de voyageurs de la m\u00e9tropole parisienne.\n<\/p>\n<p>Sources<\/p>\n<ul>\n<li>https:\/\/www.paris.fr\/pages\/remboursement-des-transports-pour-les-jeunes-parisiens-7064<\/li>\n<li>https:\/\/www.sortiraparis.com\/actualites\/a-paris\/articles\/268282-augmentation-du-prix-du-pass-navigo-et-imagine-r-en-septembre-2025-ce-qu-il-faut-savoir<\/li>\n<li>https:\/\/www.rtl.fr\/actu\/economie-consommation\/passe-navigo-ne-ratez-pas-le-renouvellement-de-l-abonnement-avant-la-rentree-7900533300<\/li>\n<li>https:\/\/ulysse.com\/news\/vous-payez-votre-pass-navigo-decouvrez-si-vous-etes-eligible-pour-un-remboursement-de-38240-e<\/li>\n<\/ul>\n<p>                         <a href=\"https:\/\/www.mobilicites.com\/author\/mathias\" class=\"url\" title=\"Mathias\" rel=\"nofollow noopener\" target=\"_blank\"> <img decoding=\"async\" src=\"data:image\/svg+xml,%3Csvg%20xmlns=\" http:=\"\" class=\"photo webpexpress-processed\" width=\"250\" alt=\"Mathias\" data-lazy-src=\"https:\/\/www.europesays.com\/fr\/wp-content\/uploads\/2025\/07\/mathias.jpg\"\/><\/a> <\/p>\n<p>R\u00e9dacteur pour Mobilicit\u00e9s, je couvre les avanc\u00e9es technologiques dans le secteur de la mobilit\u00e9 et du transport. Mes articles se concentrent sur les solutions innovantes et les transformations digitales qui fa\u00e7onnent les infrastructures et les services de transport.<\/p>\n<p> <a href=\"https:\/\/www.mobilicites.com\/author\/mathias\" class=\"url\" title=\"Mathias\" rel=\"nofollow noopener\" target=\"_blank\"><img decoding=\"async\" src=\"data:image\/svg+xml,%3Csvg%20xmlns=\" http:=\"\" class=\"photo webpexpress-processed\" width=\"250\" alt=\"Mathias\" data-lazy-src=\"https:\/\/www.europesays.com\/fr\/wp-content\/uploads\/2025\/07\/mathias.jpg\"\/><\/a>Les derniers articles par Mathias (<a href=\"https:\/\/www.mobilicites.com\/author\/mathias\" rel=\"nofollow noopener\" target=\"_blank\">tout voir<\/a>)  <\/p>\n","protected":false},"excerpt":{"rendered":"En r\u00e9gion \u00cele-de-France, le pass Navigo occupe une place centrale dans la vie quotidienne des usagers du m\u00e9tro,&hellip;\n","protected":false},"author":2,"featured_media":356106,"comment_status":"","ping_status":"","sticky":false,"template":"","format":"standard","meta":{"footnotes":""},"categories":[1592],"tags":[1111,11,1777,674,1011,27,662,12,626,25],"class_list":{"0":"post-356105","1":"post","2":"type-post","3":"status-publish","4":"format-standard","5":"has-post-thumbnail","7":"category-ile-de-france","8":"tag-actu","9":"tag-actualites","10":"tag-eu","11":"tag-europe","12":"tag-fr","13":"tag-france","14":"tag-ile-de-france","15":"tag-news","16":"tag-paris","17":"tag-republique-francaise"},"share_on_mastodon":{"url":"https:\/\/pubeurope.com\/@fr\/115122438487828684","error":""},"_links":{"self":[{"href":"https:\/\/www.europesays.com\/fr\/wp-json\/wp\/v2\/posts\/356105","targetHints":{"allow":["GET"]}}],"collection":[{"href":"https:\/\/www.europesays.com\/fr\/wp-json\/wp\/v2\/posts"}],"about":[{"href":"https:\/\/www.europesays.com\/fr\/wp-json\/wp\/v2\/types\/post"}],"author":[{"embeddable":true,"href":"https:\/\/www.europesays.com\/fr\/wp-json\/wp\/v2\/users\/2"}],"replies":[{"embeddable":true,"href":"https:\/\/www.europesays.com\/fr\/wp-json\/wp\/v2\/comments?post=356105"}],"version-history":[{"count":0,"href":"https:\/\/www.europesays.com\/fr\/wp-json\/wp\/v2\/posts\/356105\/revisions"}],"wp:featuredmedia":[{"embeddable":true,"href":"https:\/\/www.europesays.com\/fr\/wp-json\/wp\/v2\/media\/356106"}],"wp:attachment":[{"href":"https:\/\/www.europesays.com\/fr\/wp-json\/wp\/v2\/media?parent=356105"}],"wp:term":[{"taxonomy":"category","embeddable":true,"href":"https:\/\/www.europesays.com\/fr\/wp-json\/wp\/v2\/categories?post=356105"},{"taxonomy":"post_tag","embeddable":true,"href":"https:\/\/www.europesays.com\/fr\/wp-json\/wp\/v2\/tags?post=356105"}],"curies":[{"name":"wp","href":"https:\/\/api.w.org\/{rel}","templated":true}]}}