{"id":356107,"date":"2025-08-31T08:29:21","date_gmt":"2025-08-31T08:29:21","guid":{"rendered":"https:\/\/www.europesays.com\/fr\/356107\/"},"modified":"2025-08-31T08:29:21","modified_gmt":"2025-08-31T08:29:21","slug":"les-derniers-millions-injectes-par-anne-hidalgo-pour-la-renovation-du-patrimoine-a-paris","status":"publish","type":"post","link":"https:\/\/www.europesays.com\/fr\/356107\/","title":{"rendered":"Les derniers millions inject\u00e9s par Anne Hidalgo pour la r\u00e9novation du patrimoine \u00e0 Paris"},"content":{"rendered":"<p>            Par<br \/>\n        <strong><br \/>\n            <a href=\"https:\/\/actu.fr\/auteur\/hugo-hancewicz\" title=\"Consulter tous les articles de Hugo Hancewicz\" target=\"_blank\" rel=\"noopener\">Hugo Hancewicz<\/a><br \/>\n        <\/strong><\/p>\n<p>        Publi\u00e9 le<\/p>\n<p>            31 ao\u00fbt 2025 \u00e0 8h54        <\/p>\n<p>C\u2019est devenu la rengaine de fin d\u2019\u00e9t\u00e9. Pendant que les cahiers \u00e0 spirales et les baskets toutes neuves s\u2019alignent dans les rayons, les marteaux-piqueurs et les \u00e9chafaudages font eux aussi leur rentr\u00e9e. Fid\u00e8le au rendez-vous, la <a href=\"https:\/\/actu.fr\/tag\/mairie-de-paris\" target=\"_blank\" rel=\"noopener\">Ville de Paris<\/a> a lev\u00e9 le voile ce vendredi 29\u00a0ao\u00fbt 2025 sur<strong> la nouvelle salve de chantiers<\/strong> qui vont \u00e9gayer les trottoirs dans les mois \u00e0 venir. Karen Ta\u00efeb, adjointe d\u2019<a href=\"https:\/\/actu.fr\/tag\/anne-hidalgo\" target=\"_blank\" rel=\"noopener\">Anne Hidalgo<\/a> charg\u00e9e du patrimoine, a d\u00e9voil\u00e9 la liste des op\u00e9rations pr\u00e9vues avant la fin du mandat de la maire. Et plusieurs projets viennent s\u2019ajouter \u00e0 <a href=\"https:\/\/actu.fr\/ile-de-france\/paris_75056\/fontaine-saint-michel-lion-de-belfort-des-emblemes-de-paris-bientot-en-chantier_61615168.html\" target=\"_blank\" rel=\"noopener\">d\u2019autres grands chantiers en cours<\/a>.<\/p>\n<p>De gros chantiers \u00e0 venir<\/p>\n<p class=\" wall-content\">Ferm\u00e9e depuis plus de vingt-cinq ans, <strong>la chapelle de la Sorbonne va enfin retrouver des couleurs<\/strong>. Au programme, une restauration des d\u00e9cors peints alors que la porte monumentale a \u00e9t\u00e9 enti\u00e8rement restaur\u00e9e ces derniers mois. L\u2019addition s\u2019\u00e9l\u00e8ve \u00e0 630\u2009000\u00a0euros et le chantier doit d\u00e9marrer en novembre prochain. Pour cette op\u00e9ration, <strong>une ONG am\u00e9ricaine<\/strong> <a href=\"https:\/\/actu.fr\/ile-de-france\/paris_75056\/paris-la-restauration-de-la-chapelle-de-la-sorbonne-va-beneficier-du-financement-d-une-ong-americaine_62130614.html\" target=\"_blank\" rel=\"noopener\">a enti\u00e8rement financ\u00e9 les travaux<\/a>.<\/p>\n<p class=\" wall-content\">Autre gros morceau, la Madeleine. Apr\u00e8s avoir <a href=\"https:\/\/actu.fr\/ile-de-france\/paris_75056\/la-restauration-de-la-facade-principale-de-la-vraie-cathedrale-de-paris-est-achevee_60899589.html\" target=\"_blank\" rel=\"noopener\">soign\u00e9 sa fa\u00e7ade sud<\/a> l\u2019an dernier, <strong>c\u2019est d\u00e9sormais la face nord<\/strong> qui passe entre les mains des restaurateurs. Objectif, faire dispara\u00eetre la noirceur accumul\u00e9e par les si\u00e8cles et lui rendre son \u00e9clat originel. Le budget, cons\u00e9quent, <strong>grimpe \u00e0 8\u00a0millions d\u2019euros<\/strong>. Les travaux, eux, devraient \u00eatre rapides pour ne pas priver trop longtemps les Parisiens et les visiteurs de ce d\u00e9cor monumental.<\/p>\n<p class=\" wall-content\">L\u2019argent, justement, coule plus facilement qu\u2019avant <strong>gr\u00e2ce au m\u00e9c\u00e9nat<\/strong>. Depuis 2020, pas moins de 8,5\u00a0millions d\u2019euros ont d\u00e9j\u00e0 \u00e9t\u00e9 r\u00e9colt\u00e9s, soit autant que sur l\u2019ensemble de la pr\u00e9c\u00e9dente mandature. De quoi donner un coup de pouce bienvenu aux grands \u00e9difices parisiens, <strong>qu\u2019il s\u2019agisse de d\u00e9cors de chapelle<\/strong>, de peintures d\u2019\u00e9glise ou encore de la restauration d\u2019orgues.<\/p>\n<p>Focus sur les \u00e9difices religieux<\/p>\n<p class=\" wall-content\">Et la liste des chantiers ne s\u2019arr\u00eate pas l\u00e0. Dans le 18e, <strong>la fl\u00e8che de Saint-Bernard de la Chapelle<\/strong> s\u2019appr\u00eate \u00e0 retrouver toute sa verticalit\u00e9 avec deux ans de travaux pour un budget de 3,8\u00a0millions d\u2019euros.<\/p>\n<p class=\" wall-content\">Du c\u00f4t\u00e9 du 8e, c\u2019est l\u2019absidiole ouest de Saint-Augustin qui entrera en r\u00e9fection<strong> d\u2019ici la fin de l\u2019ann\u00e9e<\/strong>, pour un an et 1,9\u00a0million d\u2019euros. Enfin, le temple des Billettes verra son plancher de nef enti\u00e8rement restitu\u00e9, un chantier de 2\u00a0millions d\u2019euros qui devrait lui redonner de la prestance.<\/p>\n<p>Votre r\u00e9gion, votre actu !<\/p>\n<p>Recevez chaque jour les infos qui comptent pour vous.<\/p>\n<p>\t<a href=\"https:\/\/actu.fr\/newsletter\" class=\"ac-btn ac-btn--corner ac-btn--medium ac-btn--blue800\" target=\"_blank\" rel=\"noopener\">S&rsquo;incrire<\/a><\/p>\n<p class=\" wall-content\">Karen Ta\u00efeb a tenu \u00e0 mettre en lumi\u00e8re la <a href=\"https:\/\/actu.fr\/ile-de-france\/paris_75056\/mais-ou-sont-passees-les-statues-de-la-fontaine-saint-michel-a-paris_62121770.html\" target=\"_blank\" rel=\"noopener\">fontaine Saint-Michel<\/a>, en plein chantier dans le 6e arrondissement. <strong>Un projet de 2,6 millions d\u2019euros<\/strong>, financ\u00e9 uniquement par une <a href=\"https:\/\/actu.fr\/ile-de-france\/paris_75056\/ca-fait-creve-la-faim-sur-la-sellette-les-baches-publicitaires-divisent-encore-a-paris_61793487.html\" target=\"_blank\" rel=\"noopener\">b\u00e2che publicitaire<\/a>. \u00ab Ce moyen de financement va rapporter bien plus que le budget n\u00e9cessaire, plus de 5 millions d\u2019euros. Gr\u00e2ce \u00e0 cet exc\u00e9dent, <strong>nous allons pouvoir restaurer la fontaine Saint-Sulpice<\/strong> \u00bb, d\u00e9voile l\u2019adjointe au patrimoine.<\/p>\n<p class=\" wall-content\">Personnalisez votre actualit\u00e9 en ajoutant vos villes et m\u00e9dias en favori avec <a href=\"https:\/\/moncompte.actu.fr\" title=\"D\u00e9couvez Mon Actu\" rel=\"nofollow noopener\" data-trk=\"{&quot;cta&quot;:{&quot;action&quot;:&quot;https:\\\/\\\/moncompte.actu.fr&quot;,&quot;category&quot;:&quot;mon compte&quot;,&quot;from&quot;:&quot;article footer&quot;,&quot;name&quot;:&quot;Mon actu&quot;,&quot;type&quot;:&quot;cta&quot;}}\" target=\"_blank\">Mon Actu<\/a>.<\/p>\n","protected":false},"excerpt":{"rendered":"Par Hugo Hancewicz Publi\u00e9 le 31 ao\u00fbt 2025 \u00e0 8h54 C\u2019est devenu la rengaine de fin d\u2019\u00e9t\u00e9. Pendant&hellip;\n","protected":false},"author":2,"featured_media":356108,"comment_status":"","ping_status":"","sticky":false,"template":"","format":"standard","meta":{"footnotes":""},"categories":[1888],"tags":[1111,1928,11,1927,1777,674,1011,27,1652,2381,12,1926,626,1925,2551,25,2086],"class_list":{"0":"post-356107","1":"post","2":"type-post","3":"status-publish","4":"format-standard","5":"has-post-thumbnail","7":"category-paris","8":"tag-actu","9":"tag-actu-paris","10":"tag-actualites","11":"tag-actualites-paris","12":"tag-eu","13":"tag-europe","14":"tag-fr","15":"tag-france","16":"tag-loisirs-culture","17":"tag-mairie-de-paris","18":"tag-news","19":"tag-news-paris","20":"tag-paris","21":"tag-paris-news","22":"tag-patrimoine","23":"tag-republique-francaise","24":"tag-travaux"},"share_on_mastodon":{"url":"https:\/\/pubeurope.com\/@fr\/115122442351051847","error":""},"_links":{"self":[{"href":"https:\/\/www.europesays.com\/fr\/wp-json\/wp\/v2\/posts\/356107","targetHints":{"allow":["GET"]}}],"collection":[{"href":"https:\/\/www.europesays.com\/fr\/wp-json\/wp\/v2\/posts"}],"about":[{"href":"https:\/\/www.europesays.com\/fr\/wp-json\/wp\/v2\/types\/post"}],"author":[{"embeddable":true,"href":"https:\/\/www.europesays.com\/fr\/wp-json\/wp\/v2\/users\/2"}],"replies":[{"embeddable":true,"href":"https:\/\/www.europesays.com\/fr\/wp-json\/wp\/v2\/comments?post=356107"}],"version-history":[{"count":0,"href":"https:\/\/www.europesays.com\/fr\/wp-json\/wp\/v2\/posts\/356107\/revisions"}],"wp:featuredmedia":[{"embeddable":true,"href":"https:\/\/www.europesays.com\/fr\/wp-json\/wp\/v2\/media\/356108"}],"wp:attachment":[{"href":"https:\/\/www.europesays.com\/fr\/wp-json\/wp\/v2\/media?parent=356107"}],"wp:term":[{"taxonomy":"category","embeddable":true,"href":"https:\/\/www.europesays.com\/fr\/wp-json\/wp\/v2\/categories?post=356107"},{"taxonomy":"post_tag","embeddable":true,"href":"https:\/\/www.europesays.com\/fr\/wp-json\/wp\/v2\/tags?post=356107"}],"curies":[{"name":"wp","href":"https:\/\/api.w.org\/{rel}","templated":true}]}}