{"id":356110,"date":"2025-08-31T08:31:09","date_gmt":"2025-08-31T08:31:09","guid":{"rendered":"https:\/\/www.europesays.com\/fr\/356110\/"},"modified":"2025-08-31T08:31:09","modified_gmt":"2025-08-31T08:31:09","slug":"la-lente-asphyxie-des-coiffeurs-afro-de-chateau-deau","status":"publish","type":"post","link":"https:\/\/www.europesays.com\/fr\/356110\/","title":{"rendered":"la lente asphyxie des coiffeurs afro de Ch\u00e2teau d&rsquo;Eau"},"content":{"rendered":"<p>            Par<br \/>\n        <strong><br \/>\n            <a href=\"https:\/\/actu.fr\/auteur\/redaction-paris\" title=\"Consulter tous les articles de R\u00e9daction Paris\" target=\"_blank\" rel=\"noopener\">R\u00e9daction Paris<\/a><br \/>\n        <\/strong><\/p>\n<p>        Publi\u00e9 le<\/p>\n<p>            31 ao\u00fbt 2025 \u00e0 7h48        <\/p>\n<p>Dense et cosmopolite, le quartier Ch\u00e2teau d\u2019Eau, dans le 10e arrondissement de <a href=\"https:\/\/actu.fr\/paris\/dernieres-actus\" target=\"_blank\" rel=\"noopener\">Paris<\/a>, est r\u00e9put\u00e9 pour ses nombreux salons de beaut\u00e9 fr\u00e9quent\u00e9s par la diaspora africaine et carib\u00e9enne. Les petites \u00e9choppes en rang d\u2019oignon se font concurrence \u00e0 coups de vitrines aguicheuses, remplies de produits cosm\u00e9tiques color\u00e9s et de longues perruques.<br \/>Dans ces instituts, des dizaines d\u2019employ\u00e9es s\u2019activent autour de la t\u00eate de leurs clientes pour peigner, tresser, ajouter des m\u00e8ches ou lisser. Un art minutieux qui requiert plusieurs heures de travail.<\/p>\n<p>Baisse du chiffre d\u2019affaires<\/p>\n<p class=\" wall-content\">Pour caser dans son emploi du temps ces rendez-vous chronophages, M\u00e9lissa, une habitu\u00e9e du quartier, a pris l\u2019habitude de venir en fin d\u2019apr\u00e8s-midi. \u00ab\u2009Je finis \u00e0 17\u00a0heures. Le temps d\u2019arriver \u00e0 Ch\u00e2teau d\u2019Eau, il doit \u00eatre 18\u00a0heures, 18\u2009h\u200920\u2026\u2009\u00bb, estime la femme de 26\u00a0ans \u00e0 la sortie d\u2019un salon o\u00f9 elle a opt\u00e9 pour des tresses plaqu\u00e9es et de longues extensions relev\u00e9es en queue-de-cheval.\u00a0\u00c9tant donn\u00e9 le temps n\u00e9cessaire \u00e0 la coiffure, la fermeture \u00e0 20\u00a0heures \u00ab\u2009n\u2019est pas tr\u00e8s pratique\u2009\u00bb, soupire cette employ\u00e9e dans le secteur de l\u2019aide \u00e0 domicile.<\/p>\n<p class=\" wall-content\">\n<p class=\" wall-content\">Depuis d\u00e9cembre\u00a02024, un arr\u00eat\u00e9 de la <a href=\"https:\/\/actu.fr\/tag\/prefecture-de-police-de-paris\" target=\"_blank\" rel=\"noopener\">pr\u00e9fecture de Police<\/a>, <a href=\"https:\/\/actu.fr\/ile-de-france\/paris_75056\/paris-la-prefecture-de-police-accroit-la-pression-sur-les-commerces-forces-de-fermer-a-20h-a-chateau-d-eau_62265550.html\" target=\"_blank\" rel=\"noopener\">reconduit au moins jusqu\u2019au 30\u00a0novembre<\/a>, impose aux boutiques de Ch\u00e2teau d\u2019Eau de <a href=\"https:\/\/actu.fr\/ile-de-france\/paris_75056\/tapages-nocturnes-agressions-a-paris-des-commerces-d-un-quartier-entier-forces-a-fermer-des-20h_62038380.html\" target=\"_blank\" rel=\"noopener\">nouveaux horaires<\/a> en consid\u00e9rant que les fermetures trop tardives \u00ab\u2009g\u00e9n\u00e8rent de nombreuses nuisances\u2009\u00bb.<\/p>\n<p class=\" wall-content\">Comme M\u00e9lissa, des clients m\u00e9contents peuvent \u00eatre tent\u00e9s de se tourner vers d\u2019autres salons de la capitale ou d\u2019opter pour des coiffeuses \u00e0 domicile. \u00ab\u2009On n\u2019a plus de clients, tout le monde a fui\u2009\u00bb, affirme Salimatou, employ\u00e9e depuis quinze ans \u00e0 Emmy Joy, lieu de tournage de la com\u00e9die La vie de ch\u00e2teau (Modi Barry et C\u00e9dric Ido, 2017). \u00ab\u2009Il y a \u00e9norm\u00e9ment de baisse du chiffre d\u2019affaires. On n\u2019arrive m\u00eame plus \u00e0 payer nos loyers\u2009\u00bb, se lamente la coiffeuse, affair\u00e9e \u00e0 tresser de longues m\u00e8ches rouges au milieu des \u00e9l\u00e9gantes boiseries qui ornent les murs du salon.<\/p>\n<p class=\" wall-content\">L\u2019activit\u00e9 nocturne dans le quartier engendrerait une \u00ab\u2009occupation abusive du domaine public en raison de regroupement de personnes, parfois alcoolis\u00e9es\u2009\u00bb, et une \u00ab\u2009recrudescence d\u2019actes d\u00e9lictueux\u2009\u00bb, selon l\u2019arr\u00eat\u00e9 de la pr\u00e9fecture.<\/p>\n<p class=\" wall-content\">Habitante du boulevard de Strasbourg \u2013 l\u2019art\u00e8re principale du quartier \u2013 depuis plus de vingt ans, Delphine Martin se dit exasp\u00e9r\u00e9e par \u00ab\u2009la musique, les cris, les \u00e9clats de voix\u2009\u00bb dans sa rue, et par \u00ab\u2009les nuisances olfactives qui viennent des produits toxiques\u2009\u00bb utilis\u00e9s par les salons de beaut\u00e9. \u00ab\u2009Les trottoirs et les parkings deux-roues sont transform\u00e9s en salle d\u2019attente\u2009\u00bb, r\u00e2le celle qui pr\u00e9side une association de riverains. \u00ab\u2009On ne peut pas ouvrir nos fen\u00eatres l\u2019\u00e9t\u00e9\u2009\u00bb, poursuit-elle en se montrant tr\u00e8s favorable \u00e0 l\u2019arr\u00eat\u00e9 pr\u00e9fectoral, \u00ab\u2009grand progr\u00e8s\u2009\u00bb.<\/p>\n<p>Votre r\u00e9gion, votre actu !<\/p>\n<p>Recevez chaque jour les infos qui comptent pour vous.<\/p>\n<p>\t<a href=\"https:\/\/actu.fr\/newsletter\" class=\"ac-btn ac-btn--corner ac-btn--medium ac-btn--blue800\" target=\"_blank\" rel=\"noopener\">S&rsquo;incrire<\/a><br \/>\n\u00ab\u2009Strat\u00e9gie d\u2019\u00e9touffement\u2009\u00bb<\/p>\n<p class=\" wall-content\">Christian Sidib\u00e9, patron d\u2019un \u00e9tablissement dans le quartier depuis dix ans, refuse d\u2019endosser la responsabilit\u00e9 des nuisances, occasionn\u00e9es selon lui \u00ab\u2009par des gens dans la rue\u2009\u00bb qui n\u2019ont rien \u00e0 voir avec les salons. L\u2019homme d\u2019affaires, qui anticipe un manque \u00e0 gagner de \u00ab\u20098\u2009000\u00a0\u00e0 10\u2009000 euros\u2009\u00bb en un an, ainsi que 26 autres commer\u00e7ants du quartier, ont contest\u00e9 l\u2019arr\u00eat\u00e9 devant la justice, mais ont \u00e9t\u00e9 d\u00e9bout\u00e9s en r\u00e9f\u00e9r\u00e9.<\/p>\n<p class=\" wall-content\">Imposer une fermeture \u00e0 20\u00a0heures est \u00ab\u2009une strat\u00e9gie d\u2019\u00e9touffement\u2009\u00bb, accuse leur conseil, Me Bernard Solitude, puisque les commer\u00e7ants \u00ab\u2009vont payer pour certaines personnes qui commettent des exactions et dont ils ne sont pas responsables\u2009\u00bb. \u00ab\u2009Il y a d\u2019autres solutions\u2009\u00bb, avance l\u2019avocat, comme \u00ab\u2009plus de pr\u00e9sence polici\u00e8re, plus r\u00e9guli\u00e8re, de sorte qu\u2019on sanctionne ces personnes et qu\u2019on laisse tranquilles les commer\u00e7ants\u2009\u00bb.<\/p>\n<p class=\" wall-content\">\u00ab\u2009Il ne s\u2019agit pas de transformer ou de changer l\u2019ADN du quartier\u2009\u00bb, veut rassurer la maire du 10e arrondissement, <a href=\"https:\/\/actu.fr\/ile-de-france\/paris_75056\/resultats-des-municipales-a-paris-alexandra-cordebard-reelue-maire-du-10eme-arrondissement_34529869.html\" target=\"_blank\" rel=\"noopener\">Alexandra Cordebard<\/a>. L\u2019\u00e9lue PS souhaiterait \u00e0 terme \u00ab\u2009retrouver un \u00e9quilibre\u2009\u00bb par le dialogue, \u00ab\u2009sans qu\u2019il y ait besoin d\u2019un arr\u00eat\u00e9 pr\u00e9fectoral\u2009\u00bb.<\/p>\n<p class=\" wall-content\">avec AFP<\/p>\n<p class=\" wall-content\">Personnalisez votre actualit\u00e9 en ajoutant vos villes et m\u00e9dias en favori avec <a href=\"https:\/\/moncompte.actu.fr\" title=\"D\u00e9couvez Mon Actu\" rel=\"nofollow noopener\" data-trk=\"{&quot;cta&quot;:{&quot;action&quot;:&quot;https:\\\/\\\/moncompte.actu.fr&quot;,&quot;category&quot;:&quot;mon compte&quot;,&quot;from&quot;:&quot;article footer&quot;,&quot;name&quot;:&quot;Mon actu&quot;,&quot;type&quot;:&quot;cta&quot;}}\" target=\"_blank\">Mon Actu<\/a>.<\/p>\n","protected":false},"excerpt":{"rendered":"Par R\u00e9daction Paris Publi\u00e9 le 31 ao\u00fbt 2025 \u00e0 7h48 Dense et cosmopolite, le quartier Ch\u00e2teau d\u2019Eau, dans&hellip;\n","protected":false},"author":2,"featured_media":356111,"comment_status":"","ping_status":"","sticky":false,"template":"","format":"standard","meta":{"footnotes":""},"categories":[1888],"tags":[11,215,1777,674,1011,27,12,626,1931,25,104],"class_list":{"0":"post-356110","1":"post","2":"type-post","3":"status-publish","4":"format-standard","5":"has-post-thumbnail","7":"category-paris","8":"tag-actualites","9":"tag-commerce","10":"tag-eu","11":"tag-europe","12":"tag-fr","13":"tag-france","14":"tag-news","15":"tag-paris","16":"tag-prefecture-de-police-de-paris","17":"tag-republique-francaise","18":"tag-societe"},"share_on_mastodon":{"url":"https:\/\/pubeurope.com\/@fr\/115122450233775158","error":""},"_links":{"self":[{"href":"https:\/\/www.europesays.com\/fr\/wp-json\/wp\/v2\/posts\/356110","targetHints":{"allow":["GET"]}}],"collection":[{"href":"https:\/\/www.europesays.com\/fr\/wp-json\/wp\/v2\/posts"}],"about":[{"href":"https:\/\/www.europesays.com\/fr\/wp-json\/wp\/v2\/types\/post"}],"author":[{"embeddable":true,"href":"https:\/\/www.europesays.com\/fr\/wp-json\/wp\/v2\/users\/2"}],"replies":[{"embeddable":true,"href":"https:\/\/www.europesays.com\/fr\/wp-json\/wp\/v2\/comments?post=356110"}],"version-history":[{"count":0,"href":"https:\/\/www.europesays.com\/fr\/wp-json\/wp\/v2\/posts\/356110\/revisions"}],"wp:featuredmedia":[{"embeddable":true,"href":"https:\/\/www.europesays.com\/fr\/wp-json\/wp\/v2\/media\/356111"}],"wp:attachment":[{"href":"https:\/\/www.europesays.com\/fr\/wp-json\/wp\/v2\/media?parent=356110"}],"wp:term":[{"taxonomy":"category","embeddable":true,"href":"https:\/\/www.europesays.com\/fr\/wp-json\/wp\/v2\/categories?post=356110"},{"taxonomy":"post_tag","embeddable":true,"href":"https:\/\/www.europesays.com\/fr\/wp-json\/wp\/v2\/tags?post=356110"}],"curies":[{"name":"wp","href":"https:\/\/api.w.org\/{rel}","templated":true}]}}