{"id":356123,"date":"2025-08-31T08:43:11","date_gmt":"2025-08-31T08:43:11","guid":{"rendered":"https:\/\/www.europesays.com\/fr\/356123\/"},"modified":"2025-08-31T08:43:11","modified_gmt":"2025-08-31T08:43:11","slug":"europe-1-matin-week-end-31-08-25","status":"publish","type":"post","link":"https:\/\/www.europesays.com\/fr\/356123\/","title":{"rendered":"Europe 1 matin week-end &#8211; 31\/08\/25"},"content":{"rendered":"<p>            Description de l&rsquo;\u00e9pisode<\/p>\n<p>Chaque samedi et dimanche, de 6h \u00e0 9h, Charles Luylier, entour\u00e9 des journalistes de la r\u00e9daction et des chroniqueurs de la station, vous propose un point complet sur l&rsquo;actualit\u00e9 pour mieux la comprendre. Un rendez-vous incontournable pour commencer votre week-end. Culture, soci\u00e9t\u00e9 et \u00e9vasion seront \u00e9galement au programme de ces trois heures.<br \/>&#13;<\/p>\n","protected":false},"excerpt":{"rendered":"Description de l&rsquo;\u00e9pisode Chaque samedi et dimanche, de 6h \u00e0 9h, Charles Luylier, entour\u00e9 des journalistes de la&hellip;\n","protected":false},"author":2,"featured_media":290993,"comment_status":"","ping_status":"","sticky":false,"template":"","format":"standard","meta":{"footnotes":""},"categories":[1586],"tags":[11,1777,674,1011,27,12,25],"class_list":{"0":"post-356123","1":"post","2":"type-post","3":"status-publish","4":"format-standard","5":"has-post-thumbnail","7":"category-europe","8":"tag-actualites","9":"tag-eu","10":"tag-europe","11":"tag-fr","12":"tag-france","13":"tag-news","14":"tag-republique-francaise"},"share_on_mastodon":{"url":"https:\/\/pubeurope.com\/@fr\/115122497468804424","error":""},"_links":{"self":[{"href":"https:\/\/www.europesays.com\/fr\/wp-json\/wp\/v2\/posts\/356123","targetHints":{"allow":["GET"]}}],"collection":[{"href":"https:\/\/www.europesays.com\/fr\/wp-json\/wp\/v2\/posts"}],"about":[{"href":"https:\/\/www.europesays.com\/fr\/wp-json\/wp\/v2\/types\/post"}],"author":[{"embeddable":true,"href":"https:\/\/www.europesays.com\/fr\/wp-json\/wp\/v2\/users\/2"}],"replies":[{"embeddable":true,"href":"https:\/\/www.europesays.com\/fr\/wp-json\/wp\/v2\/comments?post=356123"}],"version-history":[{"count":0,"href":"https:\/\/www.europesays.com\/fr\/wp-json\/wp\/v2\/posts\/356123\/revisions"}],"wp:featuredmedia":[{"embeddable":true,"href":"https:\/\/www.europesays.com\/fr\/wp-json\/wp\/v2\/media\/290993"}],"wp:attachment":[{"href":"https:\/\/www.europesays.com\/fr\/wp-json\/wp\/v2\/media?parent=356123"}],"wp:term":[{"taxonomy":"category","embeddable":true,"href":"https:\/\/www.europesays.com\/fr\/wp-json\/wp\/v2\/categories?post=356123"},{"taxonomy":"post_tag","embeddable":true,"href":"https:\/\/www.europesays.com\/fr\/wp-json\/wp\/v2\/tags?post=356123"}],"curies":[{"name":"wp","href":"https:\/\/api.w.org\/{rel}","templated":true}]}}