{"id":356130,"date":"2025-08-31T08:47:16","date_gmt":"2025-08-31T08:47:16","guid":{"rendered":"https:\/\/www.europesays.com\/fr\/356130\/"},"modified":"2025-08-31T08:47:16","modified_gmt":"2025-08-31T08:47:16","slug":"france-le-pays-le-plus-endette-de-la-zone-euro-une-situation-alarmante","status":"publish","type":"post","link":"https:\/\/www.europesays.com\/fr\/356130\/","title":{"rendered":"France, le pays le plus endett\u00e9 de la zone euro : une situation alarmante"},"content":{"rendered":"<p>                                                        <img loading=\"lazy\" decoding=\"async\" width=\"1280\" height=\"853\" src=\"data:image\/svg+xml,%3Csvg%20xmlns=\" http:=\"\" class=\"thumb img-responsive m-x-auto block w-full\" alt=\"Une dette publique qui ne cesse de grimper\" caption=\"\" data-lazy-src=\"https:\/\/www.europesays.com\/fr\/wp-content\/uploads\/2025\/08\/dette-publique-1.webp.webp\"\/><\/p>\n<p class=\"ez-toc-title ez-toc-toggle\" style=\"cursor: pointer\">Sommaire &amp; acc\u00e8s rapide<\/p>\n<p><a href=\"#\" class=\"ez-toc-pull-right ez-toc-btn ez-toc-btn-xs ez-toc-btn-default ez-toc-toggle\" aria-label=\"Toggle Table of Content\">Toggle<\/a><\/p>\n<p>Lorsque l\u2019on regarde de pr\u00e8s les chiffres de la dette publique en Europe, une question s\u2019impose d\u2019elle-m\u00eame : <strong>la France, le pays le plus endett\u00e9 de la zone euro<\/strong>. Un constat qui n\u2019est pas nouveau, mais qui devient de plus en plus alarmant \u00e0 mesure que les indicateurs \u00e9conomiques \u00e9voluent. Avec une dette qui p\u00e8se lourd sur le budget national, la France doit faire face \u00e0 des enjeux majeurs pour garantir sa stabilit\u00e9 financi\u00e8re et pr\u00e9server ses marges de man\u0153uvre dans un contexte \u00e9conomique incertain.<\/p>\n<p>Une dette publique qui ne cesse de grimper<\/p>\n<p>Depuis plusieurs ann\u00e9es, la tendance est claire : la dette publique fran\u00e7aise ne cesse d\u2019augmenter. Selon les derni\u00e8res statistiques, elle repr\u00e9sente aujourd\u2019hui plus de 113 % du PIB. Autrement dit, pour chaque euro produit par le pays, plus de 1,13 euro est consacr\u00e9 au remboursement de la dette. Ce chiffre place la France en t\u00eate des pays de la zone euro en termes d\u2019endettement, d\u00e9passant largement la moyenne europ\u00e9enne qui tourne autour de 84 %. La situation est d\u2019autant plus critique que cette progression s\u2019inscrit dans un contexte de croissance \u00e9conomique mod\u00e9r\u00e9e et de d\u00e9penses publiques soutenues.<\/p>\n<p>Quels sont les facteurs \u00e0 l\u2019origine de cette explosion de la dette ?<\/p>\n<ul>\n<li>Les d\u00e9penses sociales et de sant\u00e9, qui ont connu une forte hausse ces derni\u00e8res ann\u00e9es, notamment avec la crise sanitaire.<\/li>\n<li>Les investissements publics dans des infrastructures et des projets de relance \u00e9conomique, souvent financ\u00e9s par l\u2019emprunt.<\/li>\n<li>Une fiscalit\u00e9 qui peine \u00e0 suivre la cadence, limitant la capacit\u00e9 du pays \u00e0 g\u00e9n\u00e9rer des recettes suffisantes pour \u00e9quilibrer le budget.<\/li>\n<\/ul>\n<p>Ce cocktail explosif a permis \u00e0 la dette de s\u2019accumuler rapidement, transformant la France en un des plus gros emprunteurs de la zone euro. Le souci, c\u2019est que cette d\u00e9pendance accrue \u00e0 l\u2019endettement limite la capacit\u00e9 du pays \u00e0 investir dans des secteurs cl\u00e9s comme l\u2019\u00e9ducation ou l\u2019innovation, tout en augmentant la vuln\u00e9rabilit\u00e9 face aux fluctuations des march\u00e9s financiers.<\/p>\n<p>Un poids qui p\u00e8se sur l\u2019\u00e9conomie et les g\u00e9n\u00e9rations futures<\/p>\n<p>Que signifie concr\u00e8tement d\u2019\u00eatre le <strong>pays le plus endett\u00e9 de la zone euro<\/strong> ? D\u2019abord, cela implique une charge importante pour le budget de l\u2019\u00c9tat, qui doit consacrer une part croissante de ses recettes au remboursement des int\u00e9r\u00eats. En 2024, ces int\u00e9r\u00eats ont repr\u00e9sent\u00e9 pr\u00e8s de 50 milliards d\u2019euros, un chiffre qui pourrait continuer \u00e0 grimper si la tendance ne s\u2019inverse pas.<\/p>\n<p><img fetchpriority=\"high\" decoding=\"async\" width=\"1024\" height=\"576\" src=\"https:\/\/www.europesays.com\/fr\/wp-content\/uploads\/2025\/08\/dette-publique-2.webp.webp\" class=\"aligncenter size-large wp-image-385840\" alt=\"Un poids qui p\u00e8se sur l\u2019\u00e9conomie et les g\u00e9n\u00e9rations futures\" loading=\"eager\"\/><\/p>\n<p>Ce niveau d\u2019endettement limite la marge de man\u0153uvre des gouvernements pour r\u00e9pondre aux crises ou pour lancer des politiques de relance. La capacit\u00e9 \u00e0 investir dans la transition \u00e9cologique ou dans la modernisation des infrastructures devient plus compliqu\u00e9e, car une partie non n\u00e9gligeable des ressources est mobilis\u00e9e pour g\u00e9rer la dette.<\/p>\n<p>Face \u00e0 cette situation, la question se pose : comment la France peut-elle r\u00e9duire sa dette tout en maintenant sa croissance ? Les experts s\u2019accordent \u00e0 dire qu\u2019un \u00e9quilibre doit \u00eatre trouv\u00e9 entre d\u00e9penses publiques et recettes fiscales, en \u00e9vitant les mesures d\u2019aust\u00e9rit\u00e9 qui pourraient freiner la relance \u00e9conomique.<\/p>\n<p>Plusieurs leviers sont envisag\u00e9s :<\/p>\n<ul>\n<li>R\u00e9former la fiscalit\u00e9 pour encourager l\u2019investissement et augmenter les recettes fiscales.<\/li>\n<li>R\u00e9duire progressivement les d\u00e9penses publiques non essentielles.<\/li>\n<li>Renforcer la comp\u00e9titivit\u00e9 des entreprises fran\u00e7aises pour stimuler l\u2019emploi et la croissance.<\/li>\n<\/ul>\n<p>Dans cette optique, la ma\u00eetrise de l\u2019endettement appara\u00eet comme une priorit\u00e9 pour assurer la p\u00e9rennit\u00e9 des finances publiques. La gestion de cette dette, tout comme la capacit\u00e9 \u00e0 faire face aux impr\u00e9vus, d\u00e9terminera en grande partie la stabilit\u00e9 \u00e9conomique de la France dans les ann\u00e9es \u00e0 venir.<\/p>\n<p><img decoding=\"async\" width=\"1024\" height=\"576\" src=\"https:\/\/www.europesays.com\/fr\/wp-content\/uploads\/2025\/08\/dette-publique-3.webp.webp\" class=\"aligncenter size-large wp-image-385841\" alt=\"Les enjeux pour l\u2019avenir : vers une gestion plus prudente ?\" loading=\"eager\"\/><br \/>\nUn contexte europ\u00e9en et mondial qui complique la donne<\/p>\n<p>Il ne faut pas oublier que la situation de la France ne se d\u00e9roule pas dans un vide. La zone euro, avec ses r\u00e8gles et ses contraintes, impose des limites \u00e0 l\u2019endettement, mais aussi offre certains m\u00e9canismes de soutien. La pand\u00e9mie, la guerre en Ukraine, la mont\u00e9e de l\u2019inflation : autant d\u2019\u00e9l\u00e9ments qui compliquent la r\u00e9duction de la dette tout en assurant la relance \u00e9conomique.<\/p>\n<p>Les march\u00e9s financiers restent vigilants face \u00e0 cette situation, ce qui peut se traduire par une hausse des taux d\u2019int\u00e9r\u00eat, augmentant encore le co\u00fbt du financement pour la France. La n\u00e9cessit\u00e9 d\u2019une gestion rigoureuse devient alors imp\u00e9rative, afin d\u2019\u00e9viter que le poids de la dette ne devienne insoutenable \u00e0 moyen terme.<\/p>\n<p>Une r\u00e9alit\u00e9 \u00e0 surveiller de pr\u00e8s<\/p>\n<p>Le fait que <strong>la France, le pays le plus endett\u00e9 de la zone euro<\/strong>, doit faire face \u00e0 ces d\u00e9fis soul\u00e8ve des questions cruciales pour son avenir \u00e9conomique. La cr\u00e9dibilit\u00e9 de la politique budg\u00e9taire, la capacit\u00e9 \u00e0 r\u00e9duire cette dette sans \u00e9touffer la croissance, seront d\u00e9terminantes dans les ann\u00e9es qui viennent.<\/p>\n<p>Il est donc essentiel de suivre de pr\u00e8s l\u2019\u00e9volution des indicateurs financiers et de rester vigilant face aux signaux envoy\u00e9s par les march\u00e9s. La stabilit\u00e9 financi\u00e8re d\u2019un pays repose en grande partie sur sa capacit\u00e9 \u00e0 g\u00e9rer efficacement sa dette publique, tout en soutenant une \u00e9conomie dynamique et innovante.<\/p>\n","protected":false},"excerpt":{"rendered":"Sommaire &amp; acc\u00e8s rapide Toggle Lorsque l\u2019on regarde de pr\u00e8s les chiffres de la dette publique en Europe,&hellip;\n","protected":false},"author":2,"featured_media":356131,"comment_status":"","ping_status":"","sticky":false,"template":"","format":"standard","meta":{"footnotes":""},"categories":[4],"tags":[11,1011,27,12,25],"class_list":{"0":"post-356130","1":"post","2":"type-post","3":"status-publish","4":"format-standard","5":"has-post-thumbnail","7":"category-france","8":"tag-actualites","9":"tag-fr","10":"tag-france","11":"tag-news","12":"tag-republique-francaise"},"share_on_mastodon":{"url":"https:\/\/pubeurope.com\/@fr\/115122513456576439","error":""},"_links":{"self":[{"href":"https:\/\/www.europesays.com\/fr\/wp-json\/wp\/v2\/posts\/356130","targetHints":{"allow":["GET"]}}],"collection":[{"href":"https:\/\/www.europesays.com\/fr\/wp-json\/wp\/v2\/posts"}],"about":[{"href":"https:\/\/www.europesays.com\/fr\/wp-json\/wp\/v2\/types\/post"}],"author":[{"embeddable":true,"href":"https:\/\/www.europesays.com\/fr\/wp-json\/wp\/v2\/users\/2"}],"replies":[{"embeddable":true,"href":"https:\/\/www.europesays.com\/fr\/wp-json\/wp\/v2\/comments?post=356130"}],"version-history":[{"count":0,"href":"https:\/\/www.europesays.com\/fr\/wp-json\/wp\/v2\/posts\/356130\/revisions"}],"wp:featuredmedia":[{"embeddable":true,"href":"https:\/\/www.europesays.com\/fr\/wp-json\/wp\/v2\/media\/356131"}],"wp:attachment":[{"href":"https:\/\/www.europesays.com\/fr\/wp-json\/wp\/v2\/media?parent=356130"}],"wp:term":[{"taxonomy":"category","embeddable":true,"href":"https:\/\/www.europesays.com\/fr\/wp-json\/wp\/v2\/categories?post=356130"},{"taxonomy":"post_tag","embeddable":true,"href":"https:\/\/www.europesays.com\/fr\/wp-json\/wp\/v2\/tags?post=356130"}],"curies":[{"name":"wp","href":"https:\/\/api.w.org\/{rel}","templated":true}]}}