{"id":356144,"date":"2025-08-31T08:56:09","date_gmt":"2025-08-31T08:56:09","guid":{"rendered":"https:\/\/www.europesays.com\/fr\/356144\/"},"modified":"2025-08-31T08:56:09","modified_gmt":"2025-08-31T08:56:09","slug":"mercato-le-psg-desespere-lincroyable-revelation-de-la-presse-etrangere","status":"publish","type":"post","link":"https:\/\/www.europesays.com\/fr\/356144\/","title":{"rendered":"Mercato : Le PSG d\u00e9sesp\u00e9r\u00e9, l&rsquo;incroyable r\u00e9v\u00e9lation de la presse \u00e9trang\u00e8re !"},"content":{"rendered":"<p>Thomas Bourseau<\/p>\n<p>                        &#8211;<\/p>\n<p>R\u00e9dacteur<\/p>\n<p>F\u00e9ru de sport, Thomas a grandi entre le ballon rond du football et le orange du basket, ses deux coups de c\u0153ur depuis toujours. Dipl\u00f4m\u00e9 d\u2019un Master et d\u2019une Licence \u00e0 l\u2019Institut Europ\u00e9en du Journalisme de Paris, il suit toujours de tr\u00e8s pr\u00e8s les aventures d\u2019Arsenal et des Los Angeles Lakers.<\/p>\n<p class=\"heading\">Le Paris Saint-Germain se s\u00e9pare de Gianluigi Donnarumma. C&rsquo;est en effet le projet des deux parties depuis l&rsquo;annonce la rupture \u00e0 la mi-ao\u00fbt. N\u00e9anmoins, pour des raisons financi\u00e8res, son d\u00e9part pour Manchester City est remis en question \u00e0 quelques heures de la fin d&rsquo;un mercato estival durant lequel le Paris Saint-Germain aurait d\u00e9march\u00e9 bien des formations anglaises afin de refourguer Donnarumma. <\/p>\n<p>Figurant dans l&rsquo;\u00e9quipe-type de la campagne 2024\/2025 de la <strong>Ligue des champions <\/strong>et dernier rempart de premier choix du <strong>PSG <\/strong>dans la qu\u00eate de sa premi\u00e8re couronne en <strong>C1<\/strong>, <strong>Gianluigi Donnarumma <\/strong>ne doit pas passer l&rsquo;\u00e9t\u00e9 dans la capitale. Depuis la mi-ao\u00fbt, tant le <strong>Paris Saint<\/strong>&#8211;<strong>Germain <\/strong>que l&rsquo;entourage du joueur ont \u00e9voqu\u00e9 la fin de leur collaboration de quatre ans. La cause ? \u00ab Quelqu&rsquo;un a d\u00e9cid\u00e9 que je ne pouvais plus faire partie du groupe et contribuer \u00e0 la r\u00e9ussite de l&rsquo;\u00e9quipe. Je suis d\u00e9\u00e7u et d\u00e9courag\u00e9 \u00bb. a confi\u00e9 <strong>Donnarumma <\/strong>sur Instagram. <\/p>\n<p>                                            Donnarumma trop cher pour Manchester City <\/p>\n<p>Une signature \u00e0 <strong>Manchester City <\/strong>a d\u00e8s lors \u00e9t\u00e9 pressentie, mais ne s&rsquo;est toujours pas concr\u00e9tis\u00e9e. La faute \u00e0 des revenus \u00e0 575 000\u20ac par semaine touch\u00e9s au <strong>PSG <\/strong>bien trop hauts pour les Skyblues qui ne souhaiteraient pas faire de lui le deuxi\u00e8me joueur le mieux pay\u00e9 du club derri\u00e8re <strong>Erling<\/strong> <strong>Braut<\/strong> <strong>Haaland<\/strong>. D&rsquo;autant plus que tant qu<strong>&lsquo;Ederson<\/strong> ne sera pas parti, <strong>Donnarumma <\/strong>ne pourra pas s&rsquo;installer \u00e0 l&rsquo;<strong>Etihad Stadium.<\/strong> <\/p>\n<p>                                            Le PSG chanterait les louanges de Donnarumma \u00e0 la Premier League&#8230; depuis le d\u00e9but de l&rsquo;\u00e9t\u00e9 ? <\/p>\n<p>Retour \u00e0 la case d\u00e9part donc pour le <a href=\"https:\/\/le10sport.com\/football\/psg-la-nouvelle-surprise-de-luis-enrique-756149\" rel=\"nofollow noopener\" target=\"_blank\">PSG <\/a>qui, selon les indiscr\u00e9tions du Daily Mirror, s&rsquo;efforcerait depuis le d\u00e9but du mercato estival de \u00ab vanter les m\u00e9rites \u00bb de <strong>Gianluigi Donnarumma <\/strong>\u00e0 plusieurs pensionnaires de <strong>Premier League<\/strong>. Jusque-l\u00e0 sans succ\u00e8s donc pour le <strong>PSG <\/strong>alors que <strong>Chelsea <\/strong>deviendrait de plus en plus une solution de derni\u00e8re minute pour cette fin de march\u00e9. Reste \u00e0 savoir quel sera le d\u00e9nouement du feuilleton <strong>Donnarumma <\/strong>d\u00e9sormais. <\/p>\n","protected":false},"excerpt":{"rendered":"Thomas Bourseau &#8211; R\u00e9dacteur F\u00e9ru de sport, Thomas a grandi entre le ballon rond du football et le&hellip;\n","protected":false},"author":2,"featured_media":356145,"comment_status":"","ping_status":"","sticky":false,"template":"","format":"standard","meta":{"footnotes":""},"categories":[1410],"tags":[63,1011,27,60],"class_list":{"0":"post-356144","1":"post","2":"type-post","3":"status-publish","4":"format-standard","5":"has-post-thumbnail","7":"category-football","8":"tag-football","9":"tag-fr","10":"tag-france","11":"tag-sports"},"share_on_mastodon":{"url":"https:\/\/pubeurope.com\/@fr\/115122548553815436","error":""},"_links":{"self":[{"href":"https:\/\/www.europesays.com\/fr\/wp-json\/wp\/v2\/posts\/356144","targetHints":{"allow":["GET"]}}],"collection":[{"href":"https:\/\/www.europesays.com\/fr\/wp-json\/wp\/v2\/posts"}],"about":[{"href":"https:\/\/www.europesays.com\/fr\/wp-json\/wp\/v2\/types\/post"}],"author":[{"embeddable":true,"href":"https:\/\/www.europesays.com\/fr\/wp-json\/wp\/v2\/users\/2"}],"replies":[{"embeddable":true,"href":"https:\/\/www.europesays.com\/fr\/wp-json\/wp\/v2\/comments?post=356144"}],"version-history":[{"count":0,"href":"https:\/\/www.europesays.com\/fr\/wp-json\/wp\/v2\/posts\/356144\/revisions"}],"wp:featuredmedia":[{"embeddable":true,"href":"https:\/\/www.europesays.com\/fr\/wp-json\/wp\/v2\/media\/356145"}],"wp:attachment":[{"href":"https:\/\/www.europesays.com\/fr\/wp-json\/wp\/v2\/media?parent=356144"}],"wp:term":[{"taxonomy":"category","embeddable":true,"href":"https:\/\/www.europesays.com\/fr\/wp-json\/wp\/v2\/categories?post=356144"},{"taxonomy":"post_tag","embeddable":true,"href":"https:\/\/www.europesays.com\/fr\/wp-json\/wp\/v2\/tags?post=356144"}],"curies":[{"name":"wp","href":"https:\/\/api.w.org\/{rel}","templated":true}]}}