{"id":356156,"date":"2025-08-31T09:03:20","date_gmt":"2025-08-31T09:03:20","guid":{"rendered":"https:\/\/www.europesays.com\/fr\/356156\/"},"modified":"2025-08-31T09:03:20","modified_gmt":"2025-08-31T09:03:20","slug":"barousse-comminges-bigorre-terres-de-champions","status":"publish","type":"post","link":"https:\/\/www.europesays.com\/fr\/356156\/","title":{"rendered":"Barousse, Comminges, Bigorre : terres de champions"},"content":{"rendered":"<p>\n                                                                    l&rsquo;essentiel<br \/>\n                                                                Un film pour rendre hommage \u00e0 un territoire d\u2019exception, entre patrimoine, exploits sportifs et traditions vivantes.\n                            <\/p>\n<p>Fabrice Launay, r\u00e9alisateur passionn\u00e9 originaire de Gourdan-Polignan vit entre Gembrie et Clarac. Il installe sa cam\u00e9ra l\u00e0 o\u00f9 battent les c\u0153urs du Sud-Ouest : entre Barousse, Comminges et Bigorre. Actuellement en montage avec un professionnel, son nouveau film documentaire promet une v\u00e9ritable immersion dans la richesse de notre r\u00e9gion.<\/p>\n<p>Des sommets majestueux du Pic du Midi aux pierres s\u00e9culaires de Saint-Bertrand-de-Comminges, en passant par les ch\u00e2teaux oubli\u00e9s et les cath\u00e9drales imposantes, le film met en lumi\u00e8re les joyaux architecturaux et naturels de ce territoire unique. Le patrimoine y est c\u00e9l\u00e9br\u00e9 dans toute sa diversit\u00e9, avec une esth\u00e9tique soign\u00e9e et un regard profond\u00e9ment ancr\u00e9 dans la terre.<\/p>\n<p>Mais cette \u0153uvre va bien au-del\u00e0 du d\u00e9cor : elle donne voix et visage aux femmes et aux hommes qui font vivre notre r\u00e9gion \u00e0 travers le sport. \u00c0 commencer par Justine Henry, championne du VTT enduro originaire de Larboust, ou encore les c\u00e9l\u00e8bres fr\u00e8res Marchand, figures du rugby de Loures-Barousse. Le ciel aussi est \u00e0 l\u2019honneur avec Laurent Aboulin, de l\u2019aviation du Comminges, multi-champion du monde de parapente en Bigorre. Sans oublier les passionn\u00e9s de montgolfi\u00e8re, \u00e0 Mauvezin, les kayakistes de Valcabr\u00e8re ou les pilotes de voltige du club Midi-Pyr\u00e9n\u00e9es de Clarac. Chaque discipline est racont\u00e9e par ses h\u00e9ros locaux, film\u00e9s avec authenticit\u00e9 et admiration.<\/p>\n<p>Ce film, c\u2019est aussi une ode \u00e0 la gastronomie de chez nous. Pour cl\u00f4turer ce voyage, un repas est film\u00e9 chez \u00ab\u00a0papa et maman\u00a0\u00bb de Sarp, un moment chaleureux o\u00f9 les escargots de Saint-Bertrand, la truite de Lombr\u00e8s, la viande et le fromage de Barousse, et le traditionnel g\u00e2teau \u00e0 la broche viennent rappeler que nos traditions se go\u00fbtent autant qu\u2019elles se vivent.<\/p>\n<p>Port\u00e9 par le soutien des communes, des intercommunalit\u00e9s et des maires de chaque village travers\u00e9, le film de Fabrice Launay est plus qu\u2019un documentaire avec une sensibilit\u00e9 rare et un profond respect pour les lieux comme pour les gens, il capture l\u2019\u00e2me de notre territoire. Chaque plan, chaque t\u00e9moignage, chaque paysage racontent une histoire : celle d\u2019un Sud authentique, vibrant, et fi\u00e8rement enracin\u00e9. Ce film est une invitation \u00e0 red\u00e9couvrir notre r\u00e9gion, \u00e0 la regarder autrement, avec les yeux de ceux qui y vivent et la font rayonner. C\u2019est une d\u00e9claration d\u2019amour \u00e0 une r\u00e9gion, \u00e0 ses paysages, \u00e0 ses habitants et \u00e0 ses valeurs.<\/p>\n<p>Entre modernit\u00e9 et enracinement, sport et patrimoine, ce projet f\u00e9d\u00e9rateur offre une image fid\u00e8le, lumineuse et fi\u00e8re du Sud-Ouest que nous aimons. \u00c0 d\u00e9couvrir tr\u00e8s bient\u00f4t\u2026<\/p>\n","protected":false},"excerpt":{"rendered":"l&rsquo;essentiel Un film pour rendre hommage \u00e0 un territoire d\u2019exception, entre patrimoine, exploits sportifs et traditions vivantes. Fabrice&hellip;\n","protected":false},"author":2,"featured_media":356157,"comment_status":"","ping_status":"","sticky":false,"template":"","format":"standard","meta":{"footnotes":""},"categories":[1354],"tags":[58,59,1346,1011,27,1360],"class_list":{"0":"post-356156","1":"post","2":"type-post","3":"status-publish","4":"format-standard","5":"has-post-thumbnail","7":"category-films","8":"tag-divertissement","9":"tag-entertainment","10":"tag-films","11":"tag-fr","12":"tag-france","13":"tag-movies"},"share_on_mastodon":{"url":"https:\/\/pubeurope.com\/@fr\/115122576192874670","error":""},"_links":{"self":[{"href":"https:\/\/www.europesays.com\/fr\/wp-json\/wp\/v2\/posts\/356156","targetHints":{"allow":["GET"]}}],"collection":[{"href":"https:\/\/www.europesays.com\/fr\/wp-json\/wp\/v2\/posts"}],"about":[{"href":"https:\/\/www.europesays.com\/fr\/wp-json\/wp\/v2\/types\/post"}],"author":[{"embeddable":true,"href":"https:\/\/www.europesays.com\/fr\/wp-json\/wp\/v2\/users\/2"}],"replies":[{"embeddable":true,"href":"https:\/\/www.europesays.com\/fr\/wp-json\/wp\/v2\/comments?post=356156"}],"version-history":[{"count":0,"href":"https:\/\/www.europesays.com\/fr\/wp-json\/wp\/v2\/posts\/356156\/revisions"}],"wp:featuredmedia":[{"embeddable":true,"href":"https:\/\/www.europesays.com\/fr\/wp-json\/wp\/v2\/media\/356157"}],"wp:attachment":[{"href":"https:\/\/www.europesays.com\/fr\/wp-json\/wp\/v2\/media?parent=356156"}],"wp:term":[{"taxonomy":"category","embeddable":true,"href":"https:\/\/www.europesays.com\/fr\/wp-json\/wp\/v2\/categories?post=356156"},{"taxonomy":"post_tag","embeddable":true,"href":"https:\/\/www.europesays.com\/fr\/wp-json\/wp\/v2\/tags?post=356156"}],"curies":[{"name":"wp","href":"https:\/\/api.w.org\/{rel}","templated":true}]}}