{"id":356158,"date":"2025-08-31T09:04:16","date_gmt":"2025-08-31T09:04:16","guid":{"rendered":"https:\/\/www.europesays.com\/fr\/356158\/"},"modified":"2025-08-31T09:04:16","modified_gmt":"2025-08-31T09:04:16","slug":"asthme-dorage-la-meteo-influence-t-elle-vraiment-notre-sante","status":"publish","type":"post","link":"https:\/\/www.europesays.com\/fr\/356158\/","title":{"rendered":"Asthme d&rsquo;orage : la m\u00e9t\u00e9o influence-t-elle vraiment notre sant\u00e9 ?"},"content":{"rendered":"<p>             <a href=\"https:\/\/ma-sante.news\/wp-content\/uploads\/2025\/08\/asthme-orage-allergie-pollen-pollution-rechauffement-climatique-bronche-rhinite-Ma-Sante-.jpeg\" data-caption=\"Un orage peut d\u00e9clencher des crises d&#039;asthme massives dans la population, surtout en zone urbaine. \u00a9 Adobe Stock\" target=\"_blank\" rel=\"noopener\"><img loading=\"lazy\" decoding=\"async\" width=\"696\" height=\"464\" class=\"entry-thumb td-modal-image\" src=\"data:image\/svg+xml,%3Csvg%20xmlns=\" http:=\"\" data-lazy- data-lazy- alt=\"Un orage qui s'abat sur un champ et d\u00e9cuple les allergies au pollen.\" title=\"asthme orage allergie pollen pollution re\u0301chauffement climatique bronche rhinite Ma Sante\u0301\" data-lazy-src=\"https:\/\/www.europesays.com\/fr\/wp-content\/uploads\/2025\/08\/asthme-orage-allergie-pollen-pollution-rechauffement-climatique-bronche-rhinite-Ma-Sante--696x464.jp.jpeg\"\/><\/a>Un orage peut d\u00e9clencher des crises d&rsquo;asthme massives dans la population, surtout en zone urbaine. \u00a9 Adobe Stock                                    \t\t\t             <a class=\"gofollow\" data-track=\"MjgsMCw2MA==\" href=\"https:\/\/ma-sante.news\/inscrivez-vous-a-notre-newsletter\/\" target=\"_blank\" rel=\"noopener\"><img loading=\"lazy\" decoding=\"async\" width=\"1068\" height=\"131\" src=\"data:image\/svg+xml,%3Csvg%20xmlns=\" http:=\"\" data-lazy-src=\"https:\/\/www.europesays.com\/fr\/wp-content\/uploads\/2025\/03\/banniere-newsletter.png\"\/><\/a> <\/p>\n<p>Lorsqu\u2019un orage \u00e9clate, l\u2019humidit\u00e9 et les turbulences atmosph\u00e9riques provoquent la fragmentation des grains de pollen. Ces derniers se transforment en particules microscopiques, beaucoup plus fines que les grains entiers.<\/p>\n<p>Ces particules p\u00e9n\u00e8trent profond\u00e9ment dans les voies respiratoires, jusque dans les bronches, alors que le pollen classique est en grande partie filtr\u00e9 par le nez. Une r\u00e9action allergique brutale pouvant d\u00e9clencher des crises d\u2019asthme s\u00e9v\u00e8res. Le ph\u00e9nom\u00e8ne est aggrav\u00e9 par le vent, qui rabat les pollens au sol, et par <a href=\"https:\/\/ma-sante.news\/pollution-beton-et-chaleur-asthme-causes-ville-poumons\/\" target=\"_blank\" rel=\"noopener\">la pollution atmosph\u00e9rique, d\u00e9j\u00e0 connue pour accentuer l\u2019inflammation des bronches<\/a>.<\/p>\n<p>        Asthme d\u2019orage : un mal peu connu\u00a0    <strong>Des \u00e9pisodes document\u00e9s en France et \u00e0 l\u2019\u00e9tranger<\/strong>    <\/p>\n<p>En France, plusieurs \u00e9pisodes ont d\u00e9j\u00e0 \u00e9t\u00e9 observ\u00e9s :<\/p>\n<ul class=\"wp-block-list\">\n<li>Nantes, juin 2013 : apr\u00e8s un orage, SOS M\u00e9decins enregistre 152 consultations pour asthme en quatre jours, contre 27 habituellement. La majorit\u00e9 des patients \u00e9taient<a href=\"https:\/\/ma-sante.news\/allergies-alerte-maximale-pour-les-graminees-391674\/\" target=\"_blank\" rel=\"noopener\"> des jeunes adultes allergiques aux gramin\u00e9es.<\/a><\/li>\n<li>\u00cele-de-France, juin 2023 : un \u00e9pisode similaire entra\u00eene pr\u00e8s de 1 900 passages aux urgences en trois jours. Le pic a concern\u00e9 surtout les 15\u201344 ans, dont beaucoup n\u2019\u00e9taient pas asthmatiques connus.<\/li>\n<\/ul>\n<p>\u00c0 l\u2019\u00e9tranger, certains \u00e9pisodes ont \u00e9t\u00e9 dramatiques. \u00c0 Melbourne (Australie), en novembre 2016, pr\u00e8s de 10 000 personnes ont \u00e9t\u00e9 admises aux urgences en une seule nuit et neuf sont d\u00e9c\u00e9d\u00e9es.<\/p>\n<p>        <strong>Asthme d\u2019orage : qui est concern\u00e9 ?<\/strong>    <\/p>\n<p>Contrairement aux id\u00e9es re\u00e7ues, les patients victimes d\u2019asthme d\u2019orage ne sont pas uniquement des asthmatiques connus. Beaucoup sont en r\u00e9alit\u00e9 <a href=\"https:\/\/ma-sante.news\/allergie-au-pollen-on-constate-une-augmentation-des-cas-dans-toutes-les-tranches-dage\/\" target=\"_blank\" rel=\"noopener\">des personnes allergiques aux pollens<\/a> <a href=\"https:\/\/ma-sante.news\/allergie-au-pollen-on-constate-une-augmentation-des-cas-dans-toutes-les-tranches-dage\/\" target=\"_blank\" rel=\"noopener\">mais sans diagnostic d\u2019asthme pr\u00e9alable.<\/a><\/p>\n<p>Selon le minist\u00e8re de la Sant\u00e9, <a href=\"https:\/\/sante.gouv.fr\/sante-et-environnement\/air-exterieur\/pollens-et-allergies\/article\/effets-des-pollens-sur-la-sante?\" target=\"_blank\" rel=\"noopener\">80 % des asthmatiques souffrent aussi de rhinite allergique<\/a>, et cette derni\u00e8re multiplie par quatre le risque de d\u00e9velopper un asthme.<\/p>\n<p>Les groupes les plus vuln\u00e9rables identifi\u00e9s sont :<\/p>\n<ul class=\"wp-block-list\">\n<li>les adolescents et jeunes adultes (10\u201339 ans) ;<\/li>\n<li>les personnes allergiques aux gramin\u00e9es (ray-grass, dactyle, fl\u00e9ole, etc.) ;<\/li>\n<li>les habitants de zones urbaines, plus expos\u00e9s \u00e0 la pollution.<\/li>\n<\/ul>\n<p>        Asthme d\u2019orage : vers une augmentation des \u00e9pisodes ?    <strong>Un ph\u00e9nom\u00e8ne accentu\u00e9 par le changement climatique<\/strong>    <\/p>\n<p>Les experts redoutent que <a href=\"https:\/\/ma-sante.news\/allergie-au-pollen-france-pourquoi-vraiment-plus-dur-cette-annee\/\" target=\"_blank\" rel=\"noopener\">ce risque augmente dans les prochaines d\u00e9cennies.<\/a> Les raisons sont multiples :<\/p>\n<p>Une \u00e9tude britannique publi\u00e9e en 2021 dans le Journal of Allergy and Clinical Immunology conclut que l\u2019asthme d\u2019orage pourrait devenir un enjeu de sant\u00e9 publique croissant si les conditions m\u00e9t\u00e9orologiques extr\u00eames se multiplient.<\/p>\n<p>        <strong>Comment se prot\u00e9ger ?<\/strong>    <\/p>\n<p>Les sp\u00e9cialistes recommandent des mesures simples mais efficaces :<\/p>\n<ul class=\"wp-block-list\">\n<li>Surveiller les bulletins polliniques (RNSA) et les alertes m\u00e9t\u00e9o.<\/li>\n<li>Rester \u00e0 l\u2019int\u00e9rieur, fen\u00eatres ferm\u00e9es, lors d\u2019un orage en pleine saison pollinique.<\/li>\n<li>Disposer en permanence d\u2019un inhalateur de secours si l\u2019on est asthmatique.<\/li>\n<li>Consulter un allergologue pour un bilan complet, notamment en cas de rhinite allergique.<\/li>\n<li>Mettre en place un plan d\u2019action personnalis\u00e9 avec son m\u00e9decin.<\/li>\n<\/ul>\n<p>        Un d\u00e9fi de sant\u00e9 publique    <\/p>\n<p>Au-del\u00e0 des pr\u00e9cautions individuelles, l\u2019asthme d\u2019orage repr\u00e9sente un enjeu collectif. Les afflux soudains de patients aux urgences saturent les services hospitaliers. Dans certains pays, comme l\u2019Australie, des syst\u00e8mes d\u2019alerte combinant donn\u00e9es polliniques et m\u00e9t\u00e9o ont \u00e9t\u00e9 mis en place apr\u00e8s <a href=\"https:\/\/la1ere.franceinfo.fr\/nouvellecaledonie\/melbourne-epidemie-asthme-orage-fait-6eme-victime-421001.html\" target=\"_blank\" rel=\"noopener\">les \u00e9pisodes meurtriers de 2016.<\/a><\/p>\n<p>En France, les agences r\u00e9gionales de sant\u00e9 et les associations de surveillance de l\u2019air (Atmo, RNSA) commencent \u00e0 alerter davantage le public. Mais la coordination reste encore limit\u00e9e.<\/p>\n<blockquote class=\"wp-block-quote is-layout-flow wp-block-quote-is-layout-flow\">\n<p><strong>\u00c0 SAVOIR\u00a0<\/strong><\/p>\n<p>Selon l\u2019Organisation mondiale de la sant\u00e9 (OMS), l\u2019asthme touche environ 4 millions de personnes en France et repr\u00e9sente pr\u00e8s de 60 000 hospitalisations par an. M\u00eame si l\u2019asthme d\u2019orage reste rare, il peut r\u00e9v\u00e9ler un asthme jusque-l\u00e0 silencieux.<\/p>\n<\/blockquote>\n<p>  <a class=\"gofollow\" data-track=\"MTIsMCw2MA==\" href=\"https:\/\/ma-sante.news\/annonceurs\/\" target=\"_blank\" rel=\"noopener\"><img loading=\"lazy\" decoding=\"async\" width=\"2560\" height=\"2133\" src=\"data:image\/svg+xml,%3Csvg%20xmlns=\" http:=\"\" data-lazy-src=\"https:\/\/www.europesays.com\/fr\/wp-content\/uploads\/2025\/03\/pub-annonceurs-4-scaled.jpg\"\/><\/a>    <img loading=\"lazy\" decoding=\"async\" width=\"755\" height=\"495\" src=\"data:image\/svg+xml,%3Csvg%20xmlns=\" http:=\"\" data-lazy-src=\"https:\/\/www.europesays.com\/fr\/wp-content\/uploads\/2025\/03\/Image1.jpg\"\/>Inscrivez-vous \u00e0 notre newsletter <br \/>Ma Sant\u00e9                      <\/p>\n","protected":false},"excerpt":{"rendered":"Un orage peut d\u00e9clencher des crises d&rsquo;asthme massives dans la population, surtout en zone urbaine. \u00a9 Adobe Stock&hellip;\n","protected":false},"author":2,"featured_media":356159,"comment_status":"","ping_status":"","sticky":false,"template":"","format":"standard","meta":{"footnotes":""},"categories":[10],"tags":[23376,1011,27,72,71],"class_list":{"0":"post-356158","1":"post","2":"type-post","3":"status-publish","4":"format-standard","5":"has-post-thumbnail","7":"category-sante","8":"tag-asthme","9":"tag-fr","10":"tag-france","11":"tag-health","12":"tag-sante"},"share_on_mastodon":{"url":"https:\/\/pubeurope.com\/@fr\/115122579993246696","error":""},"_links":{"self":[{"href":"https:\/\/www.europesays.com\/fr\/wp-json\/wp\/v2\/posts\/356158","targetHints":{"allow":["GET"]}}],"collection":[{"href":"https:\/\/www.europesays.com\/fr\/wp-json\/wp\/v2\/posts"}],"about":[{"href":"https:\/\/www.europesays.com\/fr\/wp-json\/wp\/v2\/types\/post"}],"author":[{"embeddable":true,"href":"https:\/\/www.europesays.com\/fr\/wp-json\/wp\/v2\/users\/2"}],"replies":[{"embeddable":true,"href":"https:\/\/www.europesays.com\/fr\/wp-json\/wp\/v2\/comments?post=356158"}],"version-history":[{"count":0,"href":"https:\/\/www.europesays.com\/fr\/wp-json\/wp\/v2\/posts\/356158\/revisions"}],"wp:featuredmedia":[{"embeddable":true,"href":"https:\/\/www.europesays.com\/fr\/wp-json\/wp\/v2\/media\/356159"}],"wp:attachment":[{"href":"https:\/\/www.europesays.com\/fr\/wp-json\/wp\/v2\/media?parent=356158"}],"wp:term":[{"taxonomy":"category","embeddable":true,"href":"https:\/\/www.europesays.com\/fr\/wp-json\/wp\/v2\/categories?post=356158"},{"taxonomy":"post_tag","embeddable":true,"href":"https:\/\/www.europesays.com\/fr\/wp-json\/wp\/v2\/tags?post=356158"}],"curies":[{"name":"wp","href":"https:\/\/api.w.org\/{rel}","templated":true}]}}