{"id":356164,"date":"2025-08-31T09:13:07","date_gmt":"2025-08-31T09:13:07","guid":{"rendered":"https:\/\/www.europesays.com\/fr\/356164\/"},"modified":"2025-08-31T09:13:07","modified_gmt":"2025-08-31T09:13:07","slug":"nouvelle-chaine-sur-la-tnt-formulaire-darret-de-travail-impots-ce-qui-change-a-partir-du-1er-septembre-2025-centre-presse-aveyron","status":"publish","type":"post","link":"https:\/\/www.europesays.com\/fr\/356164\/","title":{"rendered":"Nouvelle cha\u00eene sur la TNT, formulaire d\u2019arr\u00eat de travail, imp\u00f4ts\u2026 Ce qui change \u00e0 partir du 1er septembre 2025 &#8211; Centre Presse Aveyron"},"content":{"rendered":"<ol>\n<li><a href=\"https:\/\/news.google.com\/rss\/articles\/CBMi-gFBVV95cUxOUmdxRmZhWHdMRmJ0aXc3bmNNNmNzRTRuRmxSY2U1S2lLREhtUzNhaGMwb3ZRUGR3Ym01a1VHQVpuay1vOWJyQUFHUkE4NUg0MVlaN0E1aHlyYXVZamZ0MlNoQzFuTmxkeHBtSUd3OHB5MmIxUjk0M2laTmxRZHEzbzJyczBiRi13by16V1RvZVpVRW84bmFKWUpGU1k3N1FDX3NLTkNYTHlBNG1MY2VMLUNIQmpJTUpVN3N6bnAyVWZvOXpZcEZnb0h6UDFvWWRoZFowRWZGaHoyQjN3dlFZVC1qdHNUT1lOQS1DeWhVT0lCbVFudTRHUHNn?oc=5\" target=\"_blank\" rel=\"nofollow noopener\">Nouvelle cha\u00eene sur la TNT, formulaire d\u2019arr\u00eat de travail, imp\u00f4ts\u2026 Ce qui change \u00e0 partir du 1er septembre 2025<\/a>&nbsp;&nbsp;Centre Presse Aveyron<\/li>\n<li><a href=\"https:\/\/news.google.com\/rss\/articles\/CBMikAJBVV95cUxPbUY0aXBaNTdHUFNxNGRQR21XMGlMdldJZy0zQTY5Znc0YmNHQWFqdERTaGRTX01kV01VZGdicFk1VWRkaF82WXRONkpNaVAwN0RtMGFlXy1tVVNPeE5mMlctQ1BsRERidVYtZTZYR1QyZFVWUUlDZlFONUtrNERxUlZaVWZnTUU0N2VWTmUyNUZpTnotYkZMTE1WaHdwdkNrVUFhSUh4S0ZhMUJSaGFqNjNtQmlOVUM3VVZiOTZYc3dJc0tCWnJjXzFVSU1zUjZ4V1dkRExrM1paUmI4VXF1MGZUWlkyM0htNXlKTnJLemhsU2lPa0VrODY2a2EzS3pGWTZJZE11bWhMT2gtbHZyNw?oc=5\" target=\"_blank\" rel=\"nofollow noopener\">Retraite progressive d\u00e8s 60 ans, aide \u00e0 la garde d&rsquo;enfants, arr\u00eats-maladies, conditions pour le don du sang&#8230; Ce qui change au 1er septembre<\/a>&nbsp;&nbsp;France Info<\/li>\n<li><a href=\"https:\/\/news.google.com\/rss\/articles\/CBMi4gFBVV95cUxONE5IQmdXMGd6TVpkamczRDZubFpGdllOQ3I1NjA1YzU4SFVqVTRmZXhDdUU1YjhCNG9WeGROdWNZYTRvWFU0S2Q2TVVLZ1ktZ1M3VzA1NkVkbGx4MHotNkduc19odmxBdTlpdi0tMFpuWnBMNEgxbnRDenc4VmRSMkJxWFRxRlpOaW5maE1QYlVuVy02S0lJY3RBOTB4WUNjY1o1LU9MLVM1eUZXbWpucDFIMmkyd2g4TGhodGpCQzRjZWwzRGZYTllSOFpHVWFLaDhLcm1USVZsMXJrdE1FZWt3?oc=5\" target=\"_blank\" rel=\"nofollow noopener\">Prix du gaz, d\u00e9pistage n\u00e9onatal, arr\u00eats de travail, don du sang : ce qui change d\u00e8s le 1er septembre 2025<\/a>&nbsp;&nbsp;francebleu.fr<\/li>\n<li><a href=\"https:\/\/news.google.com\/rss\/articles\/CBMi4gFBVV95cUxNOGVZLXdVdWRYaHg2NjMyMG1rZ0lLTExPazlCbEhBRURxTTdaT2RsNFIxVlBtUnhINnE2U0FzOUE4T1ZWVGh5bVA3cEU3bHEzaXh5dDlZbkkyQWVLUG9kSHE4UFo2cUlaOFVoMFZJZHFLQ1QweHFDX09rY0drcjBCQ2hCN0dtdFV5ZEdyWjZ4RTEyVU9hR2F1bFhwRjR4S2xFQy1rbENhY29OWktGbnpxTjdnWmVYbllPLUZlNFpHMl9ZNkM0eTRRZXJYRkYxY096VkY0WDU2WllDMjJBUzItUHp3?oc=5\" target=\"_blank\" rel=\"nofollow noopener\">Arr\u00eats de maladie, prix du gaz, retraite progressive, don du sang\u2026 Ce qui change au 1er septembre 2025<\/a>&nbsp;&nbsp;Sud Ouest<\/li>\n<li><a href=\"https:\/\/news.google.com\/rss\/articles\/CBMi5AFBVV95cUxNZm5TRkNZRTQ3OWpuc2pqVE01WmYwQzNHcEFSQkJ2bm1zNmg0aTBtV3R6TVR5RmROdERMNy1OVjREYXUwNHBLaWw2SlYxVmo2NkVqM1YxNkhCTHNNRFhPUno1M3NVT3dVcTJPUllxLXMydHRVNE1zcTJ0azZPQlZOR0pGQm1fMkZIdmtxVjQxSEluc3JGMFhvSmVDcnhmYW11NXUzaXEzbGNiNjBwR0tKN2poaHNJX3M3OUNBTVdXaUpmcXR5T1h3LW1tSWlyR2tqNUVldXVMZm9LTkRadTNxeVk1am4?oc=5\" target=\"_blank\" rel=\"nofollow noopener\">Tarifs du gaz, arr\u00eats maladie, retraite progressive d\u00e8s 60 ans\u2026 tout ce qui change au 1er septembre 2025<\/a>&nbsp;&nbsp;ladepeche.fr<\/li>\n<\/ol>\n","protected":false},"excerpt":{"rendered":"Nouvelle cha\u00eene sur la TNT, formulaire d\u2019arr\u00eat de travail, imp\u00f4ts\u2026 Ce qui change \u00e0 partir du 1er septembre&hellip;\n","protected":false},"author":2,"featured_media":1445,"comment_status":"","ping_status":"","sticky":false,"template":"","format":"standard","meta":{"footnotes":""},"categories":[6],"tags":[35,33,34,1011,27],"class_list":{"0":"post-356164","1":"post","2":"type-post","3":"status-publish","4":"format-standard","5":"has-post-thumbnail","7":"category-economie","8":"tag-business","9":"tag-economie","10":"tag-economy","11":"tag-fr","12":"tag-france"},"share_on_mastodon":{"url":"https:\/\/pubeurope.com\/@fr\/115122615324029646","error":""},"_links":{"self":[{"href":"https:\/\/www.europesays.com\/fr\/wp-json\/wp\/v2\/posts\/356164","targetHints":{"allow":["GET"]}}],"collection":[{"href":"https:\/\/www.europesays.com\/fr\/wp-json\/wp\/v2\/posts"}],"about":[{"href":"https:\/\/www.europesays.com\/fr\/wp-json\/wp\/v2\/types\/post"}],"author":[{"embeddable":true,"href":"https:\/\/www.europesays.com\/fr\/wp-json\/wp\/v2\/users\/2"}],"replies":[{"embeddable":true,"href":"https:\/\/www.europesays.com\/fr\/wp-json\/wp\/v2\/comments?post=356164"}],"version-history":[{"count":0,"href":"https:\/\/www.europesays.com\/fr\/wp-json\/wp\/v2\/posts\/356164\/revisions"}],"wp:featuredmedia":[{"embeddable":true,"href":"https:\/\/www.europesays.com\/fr\/wp-json\/wp\/v2\/media\/1445"}],"wp:attachment":[{"href":"https:\/\/www.europesays.com\/fr\/wp-json\/wp\/v2\/media?parent=356164"}],"wp:term":[{"taxonomy":"category","embeddable":true,"href":"https:\/\/www.europesays.com\/fr\/wp-json\/wp\/v2\/categories?post=356164"},{"taxonomy":"post_tag","embeddable":true,"href":"https:\/\/www.europesays.com\/fr\/wp-json\/wp\/v2\/tags?post=356164"}],"curies":[{"name":"wp","href":"https:\/\/api.w.org\/{rel}","templated":true}]}}